{"id":148894,"date":"2026-09-04T16:04:33","date_gmt":"2026-09-04T19:04:33","guid":{"rendered":"https:\/\/noticiasbahia360.com.br\/?p=148894"},"modified":"2026-09-04T16:04:33","modified_gmt":"2026-09-04T19:04:33","slug":"apos-atear-fogo-no-corpo-da-esposa-diante-dos-filhos-homem-e-condenado-a-mais-de-16-anos-de-prisao","status":"publish","type":"post","link":"https:\/\/noticiasbahia360.com.br\/?p=148894","title":{"rendered":"Ap\u00f3s atear fogo no corpo da esposa diante dos filhos, homem \u00e9 condenado a mais de 16 anos de pris\u00e3o"},"content":{"rendered":"<div>\n<div>\n<figure><img decoding=\"async\" src=\"http:\/\/noticiasbahia360.com.br\/wp-content\/uploads\/2026\/09\/MPBA-MP.jpg\" alt=\"Foto: Divulga\u00e7\u00e3o\/ MPBA\"><figcaption>Foto: Divulga\u00e7\u00e3o\/ MPBA<\/figcaption><\/figure>\n<\/div>\n<p class=\"wp-block-paragraph\">Um homem foi condenado a 16 anos, 10 meses e 20 dias de reclus\u00e3o, em regime inicialmente fechado, por tentativa de feminic\u00eddio contra Laurenice de Figueiredo Silva no munic\u00edpio de Ibirapu\u00e3. A condena\u00e7\u00e3o foi obtida pelo Minist\u00e9rio P\u00fablico do Estado da Bahia (MPBA) durante julgamento realizado pelo Tribunal do J\u00fari de Ibirapu\u00e3 na quinta-feira (3), por meio de acusa\u00e7\u00e3o sustentada pelo promotor de Justi\u00e7a Audo Rodrigues. <\/p>\n<p class=\"wp-block-paragraph\">O crime foi agravado por ter sido praticado por motivo f\u00fatil, com emprego de fogo, mediante recurso que dificultou a defesa da v\u00edtima e por raz\u00f5es da condi\u00e7\u00e3o do sexo feminino, em contexto de viol\u00eancia dom\u00e9stica e familiar.<\/p>\n<p class=\"wp-block-paragraph\">De acordo com a den\u00fancia, o crime ocorreu na madrugada de 21 de dezembro de 2023, por volta de 1h30, na resid\u00eancia do casal, no bairro Nova Bras\u00edlia, em Ibirapu\u00e3 (BA). O suspeito surpreendeu Laurenice na cozinha da casa, segurou a v\u00edtima, despejou \u00e1lcool sobre seu corpo e ateou fogo. A tentativa de feminic\u00eddio aconteceu na presen\u00e7a dos filhos de Laurenice, que conseguiram apagar as chamas e prestaram os primeiros socorros.<\/p>\n<p class=\"wp-block-paragraph\">Laurenice Silva foi atendida no hospital da cidade e transferida em estado grav\u00edssimo para o Centro de Tratamento de Queimados do Hospital Geral do Estado (HGE), em Salvador. A acusa\u00e7\u00e3o destacou que \u201co homic\u00eddio somente n\u00e3o foi consumado por circunst\u00e2ncias alheias \u00e0 vontade do r\u00e9u, em raz\u00e3o do socorro imediato prestado pelos familiares e do atendimento m\u00e9dico especializado\u201d. Laurenice sofreu queimaduras graves em regi\u00f5es vitais, como face, pesco\u00e7o e t\u00f3rax, permaneceu internada em estado grav\u00edssimo e ficou com sequelas anat\u00f4micas, funcionais e est\u00e9ticas permanentes, al\u00e9m de intenso sofrimento f\u00edsico e severo abalo psicol\u00f3gico decorrentes das interven\u00e7\u00f5es m\u00e9dicas e cir\u00fargicas, conforme demonstrou a acusa\u00e7\u00e3o.<\/p>\n<p class=\"wp-block-paragraph\">Os jurados acolheram integralmente as raz\u00f5es apresentadas pelo MPBA. Na senten\u00e7a, o juiz Humberto Jos\u00e9 Mar\u00e7al destacou que as consequ\u00eancias do crime \u201cultrapassaram, de forma extraordin\u00e1ria, aquelas normalmente inerentes \u00e0 tentativa de homic\u00eddio, dada a sua gravidade\u201d.<\/p>\n<p class=\"wp-block-paragraph\"><em>Siga o Acorda Cidade no\u00a0<\/em><a href=\"https:\/\/news.google.com\/search?q=acorda%20cidade&amp;hl=pt-BR&amp;gl=BR&amp;ceid=BR%3Apt-419\"><strong><em>Google Not\u00edcias<\/em><\/strong><\/a><em>\u00a0e receba os principais destaques do dia. Participe tamb\u00e9m dos nossos canais no\u00a0<\/em><a href=\"https:\/\/www.whatsapp.com\/channel\/0029Va6Rb4v3WHTNnsh8WI3N\"><strong><em>WhatsApp<\/em><\/strong><\/a><em>\u00a0e\u00a0<\/em><a href=\"https:\/\/www.youtube.com\/@acordacidadenoticias\/videos\"><strong>YouTube<\/strong><\/a><em>\u00a0e do grupo no\u00a0<\/em><a href=\"https:\/\/t.me\/+sSz0khrgARA0ZmRh\"><strong><em>Telegram<\/em><\/strong><\/a><a href=\"https:\/\/www.acordacidade.com.br\/colunas\/dilton-e-feito\/\"><\/a><\/p>\n<\/div>\n","protected":false},"excerpt":{"rendered":"<p>Foto: Divulga\u00e7\u00e3o\/ MPBA Um homem foi condenado a 16 anos, 10 meses e 20 dias<\/p>\n","protected":false},"author":1,"featured_media":148895,"comment_status":"closed","ping_status":"closed","sticky":false,"template":"","format":"gallery","meta":{"footnotes":""},"categories":[8,9,6,57,56,10],"tags":[],"class_list":["post-148894","post","type-post","status-publish","format-gallery","has-post-thumbnail","hentry","category-bahia","category-brasil","category-feira-de-santana","category-mundo","category-policia","category-politica","post_format-post-format-gallery"],"featured_image_urls":{"full":["https:\/\/noticiasbahia360.com.br\/wp-content\/uploads\/2026\/09\/MPBA-MP.jpg",1200,800,false],"thumbnail":["https:\/\/noticiasbahia360.com.br\/wp-content\/uploads\/2026\/09\/MPBA-MP-150x150.jpg",150,150,true],"medium":["https:\/\/noticiasbahia360.com.br\/wp-content\/uploads\/2026\/09\/MPBA-MP-300x200.jpg",300,200,true],"medium_large":["https:\/\/noticiasbahia360.com.br\/wp-content\/uploads\/2026\/09\/MPBA-MP-768x512.jpg",640,427,true],"large":["https:\/\/noticiasbahia360.com.br\/wp-content\/uploads\/2026\/09\/MPBA-MP-1024x683.jpg",640,427,true],"1536x1536":["https:\/\/noticiasbahia360.com.br\/wp-content\/uploads\/2026\/09\/MPBA-MP.jpg",1200,800,false],"2048x2048":["https:\/\/noticiasbahia360.com.br\/wp-content\/uploads\/2026\/09\/MPBA-MP.jpg",1200,800,false],"chromenews-featured":["https:\/\/noticiasbahia360.com.br\/wp-content\/uploads\/2026\/09\/MPBA-MP-1024x683.jpg",1024,683,true],"chromenews-large":["https:\/\/noticiasbahia360.com.br\/wp-content\/uploads\/2026\/09\/MPBA-MP-825x575.jpg",825,575,true],"chromenews-medium":["https:\/\/noticiasbahia360.com.br\/wp-content\/uploads\/2026\/09\/MPBA-MP-590x410.jpg",590,410,true]},"author_info":{"display_name":"noticiasbahia360.com.br","author_link":"https:\/\/noticiasbahia360.com.br\/?author=1"},"category_info":"<a href=\"https:\/\/noticiasbahia360.com.br\/?cat=8\" rel=\"category\">Bahia<\/a> <a href=\"https:\/\/noticiasbahia360.com.br\/?cat=9\" rel=\"category\">Brasil<\/a> <a href=\"https:\/\/noticiasbahia360.com.br\/?cat=6\" rel=\"category\">Feira de Santana<\/a> <a href=\"https:\/\/noticiasbahia360.com.br\/?cat=57\" rel=\"category\">Mundo<\/a> <a href=\"https:\/\/noticiasbahia360.com.br\/?cat=56\" rel=\"category\">Pol\u00edcia<\/a> <a href=\"https:\/\/noticiasbahia360.com.br\/?cat=10\" rel=\"category\">Pol\u00edtica<\/a>","tag_info":"Pol\u00edtica","comment_count":"0","_links":{"self":[{"href":"https:\/\/noticiasbahia360.com.br\/index.php?rest_route=\/wp\/v2\/posts\/148894","targetHints":{"allow":["GET"]}}],"collection":[{"href":"https:\/\/noticiasbahia360.com.br\/index.php?rest_route=\/wp\/v2\/posts"}],"about":[{"href":"https:\/\/noticiasbahia360.com.br\/index.php?rest_route=\/wp\/v2\/types\/post"}],"author":[{"embeddable":true,"href":"https:\/\/noticiasbahia360.com.br\/index.php?rest_route=\/wp\/v2\/users\/1"}],"replies":[{"embeddable":true,"href":"https:\/\/noticiasbahia360.com.br\/index.php?rest_route=%2Fwp%2Fv2%2Fcomments&post=148894"}],"version-history":[{"count":0,"href":"https:\/\/noticiasbahia360.com.br\/index.php?rest_route=\/wp\/v2\/posts\/148894\/revisions"}],"wp:featuredmedia":[{"embeddable":true,"href":"https:\/\/noticiasbahia360.com.br\/index.php?rest_route=\/wp\/v2\/media\/148895"}],"wp:attachment":[{"href":"https:\/\/noticiasbahia360.com.br\/index.php?rest_route=%2Fwp%2Fv2%2Fmedia&parent=148894"}],"wp:term":[{"taxonomy":"category","embeddable":true,"href":"https:\/\/noticiasbahia360.com.br\/index.php?rest_route=%2Fwp%2Fv2%2Fcategories&post=148894"},{"taxonomy":"post_tag","embeddable":true,"href":"https:\/\/noticiasbahia360.com.br\/index.php?rest_route=%2Fwp%2Fv2%2Ftags&post=148894"}],"curies":[{"name":"wp","href":"https:\/\/api.w.org\/{rel}","templated":true}]}}