{"id":148896,"date":"2026-09-04T16:04:35","date_gmt":"2026-09-04T19:04:35","guid":{"rendered":"https:\/\/noticiasbahia360.com.br\/?p=148896"},"modified":"2026-09-04T16:04:35","modified_gmt":"2026-09-04T19:04:35","slug":"rock-in-rio-entenda-a-estrutura-que-mantem-o-festival-em-funcionamento","status":"publish","type":"post","link":"https:\/\/noticiasbahia360.com.br\/?p=148896","title":{"rendered":"Rock in Rio: entenda a estrutura que mant\u00e9m o festival em funcionamento"},"content":{"rendered":"<div>\n<div>\n<figure><img decoding=\"async\" src=\"http:\/\/noticiasbahia360.com.br\/wp-content\/uploads\/2026\/09\/Montagem-palco-show-Foto-Divulgacao.jpg\" alt=\"Montagem - palco - show\"><figcaption>Foto: Divulga\u00e7\u00e3o<\/figcaption><\/figure>\n<\/div>\n<p class=\"wp-block-paragraph\">O Rock in Rio \u00e9 conhecido por reunir grandes artistas, produ\u00e7\u00f5es grandiosas e milhares de pessoas em uma mesma edi\u00e7\u00e3o. Para o p\u00fablico, a experi\u00eancia come\u00e7a quando os port\u00f5es se abrem e os shows t\u00eam in\u00edcio. Nos bastidores, por\u00e9m, o funcionamento de um evento desse porte depende de meses de planejamento, integra\u00e7\u00e3o entre diferentes equipes e uma infraestrutura capaz de operar continuamente durante toda a programa\u00e7\u00e3o.<\/p>\n<p class=\"wp-block-paragraph\">Muito al\u00e9m da montagem dos palcos, a Cidade do Rock precisa oferecer ilumina\u00e7\u00e3o, sistemas de som, alimenta\u00e7\u00e3o, seguran\u00e7a, comunica\u00e7\u00e3o, atendimento m\u00e9dico, limpeza e diversas outras estruturas funcionando ao mesmo tempo. Para que tudo isso aconte\u00e7a sem interrup\u00e7\u00f5es, existe uma complexa opera\u00e7\u00e3o t\u00e9cnica respons\u00e1vel por manter cada equipamento em funcionamento desde os primeiros dias de montagem at\u00e9 o encerramento do festival.<\/p>\n<h2 id=\"h-a-grandiosidade-do-rock-in-rio-exige-uma-estrutura-preparada\" class=\"wp-block-heading\">A grandiosidade do Rock in Rio exige uma estrutura preparada<\/h2>\n<p class=\"wp-block-paragraph\">Organizar um dos maiores festivais de m\u00fasica do mundo significa construir, praticamente do zero, uma cidade tempor\u00e1ria preparada para receber centenas de milhares de pessoas ao longo de v\u00e1rios dias. Cada etapa \u00e9 planejada com anteced\u00eancia para que diferentes sistemas funcionem de forma integrada.<\/p>\n<p class=\"wp-block-paragraph\">A log\u00edstica envolve profissionais de engenharia, arquitetura, produ\u00e7\u00e3o, seguran\u00e7a, tecnologia, montagem, manuten\u00e7\u00e3o e diversas outras \u00e1reas. Cada detalhe \u00e9 pensado para garantir que artistas, equipes t\u00e9cnicas, fornecedores e p\u00fablico encontrem uma estrutura segura e eficiente.<\/p>\n<figure class=\"wp-block-image size-full\"><img fetchpriority=\"high\" fetchpriority=\"high\" decoding=\"async\" width=\"1200\" height=\"968\" src=\"http:\/\/noticiasbahia360.com.br\/wp-content\/uploads\/2026\/09\/Katy-Perry-no-Rock-in-Rio-2024-Foto-Beatriz-Rabello-Acorda-Cidade.jpg\" alt=\"Katy Perry no Rock in Rio 2024 \" class=\"wp-image-681067\" srcset=\"http:\/\/noticiasbahia360.com.br\/wp-content\/uploads\/2026\/09\/Katy-Perry-no-Rock-in-Rio-2024-Foto-Beatriz-Rabello-Acorda-Cidade.jpg 1200w, https:\/\/uploads.acordacidade.com.br\/2026\/08\/Katy-Perry-no-Rock-in-Rio-2024-Foto-Beatriz-Rabello-Acorda-Cidade-750x605.jpg 750w, https:\/\/uploads.acordacidade.com.br\/2026\/08\/Katy-Perry-no-Rock-in-Rio-2024-Foto-Beatriz-Rabello-Acorda-Cidade-1000x807.jpg 1000w, https:\/\/uploads.acordacidade.com.br\/2026\/08\/Katy-Perry-no-Rock-in-Rio-2024-Foto-Beatriz-Rabello-Acorda-Cidade-450x363.jpg 450w, https:\/\/uploads.acordacidade.com.br\/2026\/08\/Katy-Perry-no-Rock-in-Rio-2024-Foto-Beatriz-Rabello-Acorda-Cidade-150x121.jpg 150w\" sizes=\"(max-width: 1200px) 100vw, 1200px\"><figcaption class=\"wp-element-caption\">Katy Perry no Rock in Rio 2024 | Foto: Beatriz Rabello\/ Acorda Cidade <\/figcaption><\/figure>\n<h3 id=\"h-montagem-dos-palcos-e-areas-de-apoio\" class=\"wp-block-heading\">Montagem dos palcos e \u00e1reas de apoio<\/h3>\n<p class=\"wp-block-paragraph\">Os palcos come\u00e7am a ser erguidos muitos meses antes da abertura oficial do festival. Al\u00e9m das estruturas principais, s\u00e3o montadas \u00e1reas destinadas aos bastidores, camarins, centros de opera\u00e7\u00e3o, dep\u00f3sitos, espa\u00e7os para patrocinadores e locais de circula\u00e7\u00e3o t\u00e9cnica.<\/p>\n<p class=\"wp-block-paragraph\">Todo esse processo exige equipamentos de grande porte, cronogramas rigorosos e equipes especializadas trabalhando simultaneamente em diferentes setores da Cidade do Rock.<\/p>\n<h3 id=\"h-sistemas-de-som-e-iluminacao\" class=\"wp-block-heading\">Sistemas de som e ilumina\u00e7\u00e3o<\/h3>\n<p class=\"wp-block-paragraph\">Os shows dependem de equipamentos tecnol\u00f3gicos extremamente sofisticados. Sistemas de \u00e1udio de alta pot\u00eancia, pain\u00e9is de LED, ilumina\u00e7\u00e3o c\u00eanica, efeitos especiais e estruturas automatizadas operam durante horas sem interrup\u00e7\u00f5es.<\/p>\n<p class=\"wp-block-paragraph\">Cada apresenta\u00e7\u00e3o possui uma configura\u00e7\u00e3o espec\u00edfica, exigindo testes constantes e monitoramento permanente para garantir que tudo aconte\u00e7a exatamente como previsto.<\/p>\n<h3 id=\"h-espacos-de-alimentacao-e-atendimento\" class=\"wp-block-heading\">Espa\u00e7os de alimenta\u00e7\u00e3o e atendimento<\/h3>\n<p class=\"wp-block-paragraph\">Al\u00e9m da programa\u00e7\u00e3o musical, o festival oferece uma ampla rede de servi\u00e7os para atender o p\u00fablico. Restaurantes, lanchonetes, postos m\u00e9dicos, banheiros, \u00e1reas de descanso, pontos de hidrata\u00e7\u00e3o e espa\u00e7os comerciais funcionam de maneira simult\u00e2nea.<\/p>\n<p class=\"wp-block-paragraph\">Cada uma dessas opera\u00e7\u00f5es depende de infraestrutura adequada para atender milhares de pessoas ao mesmo tempo, mantendo conforto, seguran\u00e7a e qualidade durante toda a experi\u00eancia.<\/p>\n<h2 id=\"h-energia-e-um-dos-pilares-fundamentais-para-o-funcionamento-de-festivais\" class=\"wp-block-heading\">Energia \u00e9 um dos pilares fundamentais para o funcionamento de festivais<\/h2>\n<p class=\"wp-block-paragraph\">Embora muitas vezes passe despercebida pelo p\u00fablico, a energia el\u00e9trica \u00e9 uma das bases que sustentam toda a opera\u00e7\u00e3o de um grande evento.<\/p>\n<p class=\"wp-block-paragraph\">Sem fornecimento cont\u00ednuo, sistemas de som deixam de funcionar, tel\u00f5es s\u00e3o desligados, equipamentos de comunica\u00e7\u00e3o param de operar e servi\u00e7os essenciais podem ser comprometidos. Por isso, o planejamento energ\u00e9tico \u00e9 tratado como uma das etapas mais importantes da organiza\u00e7\u00e3o.<\/p>\n<p class=\"wp-block-paragraph\">N\u00e3o basta apenas fornecer eletricidade. \u00c9 necess\u00e1rio dimensionar corretamente a demanda de cada \u00e1rea, distribuir cargas de forma equilibrada e prever solu\u00e7\u00f5es capazes de manter toda a opera\u00e7\u00e3o funcionando mesmo diante de situa\u00e7\u00f5es inesperadas.<\/p>\n<p class=\"wp-block-paragraph\">Nesse cen\u00e1rio, o gerador de energia tornou-se uma solu\u00e7\u00e3o amplamente utilizada em grandes eventos por oferecer autonomia, seguran\u00e7a operacional e redund\u00e2ncia para diferentes estruturas tempor\u00e1rias. A estrat\u00e9gia reduz riscos de interrup\u00e7\u00f5es e garante que equipamentos essenciais continuem funcionando durante toda a programa\u00e7\u00e3o.<\/p>\n<figure class=\"wp-block-image size-full\"><img decoding=\"async\" width=\"1200\" height=\"963\" src=\"http:\/\/noticiasbahia360.com.br\/wp-content\/uploads\/2026\/09\/Katy-Perry-no-Rock-in-Rio-2024-Foto-Beatriz-Rabello-Acorda-Cidade-2.jpg\" alt=\"Katy Perry no Rock in Rio 2024\" class=\"wp-image-681066\" srcset=\"http:\/\/noticiasbahia360.com.br\/wp-content\/uploads\/2026\/09\/Katy-Perry-no-Rock-in-Rio-2024-Foto-Beatriz-Rabello-Acorda-Cidade-2.jpg 1200w, https:\/\/uploads.acordacidade.com.br\/2026\/08\/Katy-Perry-no-Rock-in-Rio-2024-Foto-Beatriz-Rabello-Acorda-Cidade-2-750x602.jpg 750w, https:\/\/uploads.acordacidade.com.br\/2026\/08\/Katy-Perry-no-Rock-in-Rio-2024-Foto-Beatriz-Rabello-Acorda-Cidade-2-1000x803.jpg 1000w, https:\/\/uploads.acordacidade.com.br\/2026\/08\/Katy-Perry-no-Rock-in-Rio-2024-Foto-Beatriz-Rabello-Acorda-Cidade-2-450x361.jpg 450w, https:\/\/uploads.acordacidade.com.br\/2026\/08\/Katy-Perry-no-Rock-in-Rio-2024-Foto-Beatriz-Rabello-Acorda-Cidade-2-150x120.jpg 150w\" sizes=\"(max-width: 1200px) 100vw, 1200px\"><figcaption class=\"wp-element-caption\">Katy Perry no Rock in Rio 2024 | Foto: Beatriz Rabello\/ Acorda Cidade <\/figcaption><\/figure>\n<h2 id=\"h-como-a-energia-garante-a-experiencia-do-publico-no-rock-in-rio\" class=\"wp-block-heading\">Como a energia garante a experi\u00eancia do p\u00fablico no Rock in Rio<\/h2>\n<p class=\"wp-block-paragraph\">Quem participa do festival normalmente percebe apenas o resultado final: shows acontecendo no hor\u00e1rio previsto, ilumina\u00e7\u00e3o impec\u00e1vel, tel\u00f5es funcionando perfeitamente e toda a infraestrutura dispon\u00edvel.<\/p>\n<p class=\"wp-block-paragraph\">Nos bastidores, entretanto, existe uma opera\u00e7\u00e3o t\u00e9cnica monitorando continuamente o fornecimento de energia para diferentes setores da Cidade do Rock.<\/p>\n<p class=\"wp-block-paragraph\">Centrais de comando acompanham indicadores em tempo real, verificam cargas el\u00e9tricas, monitoram equipamentos e realizam interven\u00e7\u00f5es preventivas sempre que necess\u00e1rio. Esse trabalho reduz riscos e aumenta a confiabilidade de toda a estrutura.<\/p>\n<p class=\"wp-block-paragraph\">Um exemplo dessa atua\u00e7\u00e3o ocorreu no Rock in Rio 2024, quando a Loxam \u2013 A Geradora participou da opera\u00e7\u00e3o de fornecimento de energia do festival, contribuindo para manter diversas \u00e1reas da Cidade do Rock em funcionamento. A participa\u00e7\u00e3o demonstra como empresas especializadas desempenham um papel estrat\u00e9gico em eventos que n\u00e3o admitem falhas operacionais.<\/p>\n<h2 id=\"h-planejamento-energetico-e-essencial-para-evitar-imprevistos\" class=\"wp-block-heading\">Planejamento energ\u00e9tico \u00e9 essencial para evitar imprevistos<\/h2>\n<p class=\"wp-block-paragraph\">Garantir que toda essa infraestrutura funcione durante v\u00e1rios dias exige muito mais do que instalar equipamentos.<\/p>\n<p class=\"wp-block-paragraph\">Antes da abertura do evento, engenheiros e t\u00e9cnicos realizam estudos detalhados sobre consumo, pot\u00eancia necess\u00e1ria, localiza\u00e7\u00e3o das estruturas, distribui\u00e7\u00e3o de cargas e poss\u00edveis cen\u00e1rios de conting\u00eancia. Cada equipamento \u00e9 dimensionado de acordo com sua fun\u00e7\u00e3o e import\u00e2ncia dentro da opera\u00e7\u00e3o.<\/p>\n<p class=\"wp-block-paragraph\">Tamb\u00e9m s\u00e3o desenvolvidos planos espec\u00edficos para situa\u00e7\u00f5es emergenciais, permitindo respostas r\u00e1pidas caso algum problema aconte\u00e7a. Essa prepara\u00e7\u00e3o reduz significativamente os riscos e aumenta a confiabilidade da opera\u00e7\u00e3o.<\/p>\n<p class=\"wp-block-paragraph\">Outro aspecto importante \u00e9 o acompanhamento t\u00e9cnico permanente. Durante todo o festival, profissionais monitoram indicadores, fazem inspe\u00e7\u00f5es preventivas e verificam continuamente o desempenho dos equipamentos instalados.<\/p>\n<p class=\"wp-block-paragraph\">Esse controle constante permite identificar qualquer altera\u00e7\u00e3o antes que ela afete o funcionamento do evento, preservando tanto a seguran\u00e7a das equipes quanto a experi\u00eancia do p\u00fablico. Nesse contexto, contar com uma estrutura de <a href=\"https:\/\/www.ageradora.com.br\/equipamentos\/geradores-de-energia\/\" target=\"_blank\" rel=\"noreferrer noopener\">aluguel de gerador de energia <\/a>bem planejada faz toda a diferen\u00e7a, garantindo que, mesmo diante de imprevistos, a Cidade do Rock continue funcionando com a confiabilidade que um evento desse porte exige.\u00a0<\/p>\n<p class=\"wp-block-paragraph\"><em>Siga o Acorda Cidade no\u00a0<\/em><a href=\"https:\/\/news.google.com\/search?q=acorda%20cidade&amp;hl=pt-BR&amp;gl=BR&amp;ceid=BR%3Apt-419\"><strong><em>Google Not\u00edcias<\/em><\/strong><\/a><em>\u00a0e receba os principais destaques do dia. Participe tamb\u00e9m dos nossos canais no\u00a0<\/em><a href=\"https:\/\/whatsapp.com\/channel\/0029Va6Rb4v3WHTNnsh8WI3N\"><strong><em>WhatsApp<\/em><\/strong><\/a><em>\u00a0e\u00a0<\/em><a href=\"https:\/\/www.youtube.com\/@acordacidadenoticias\/videos\"><strong>YouTube<\/strong><\/a><em>\u00a0e do grupo no\u00a0<\/em><a href=\"https:\/\/t.me\/+sSz0khrgARA0ZmRh\"><strong><em>Telegram<\/em><\/strong><\/a><em>.<\/em><\/p>\n<\/div>\n","protected":false},"excerpt":{"rendered":"<p>Foto: Divulga\u00e7\u00e3o O Rock in Rio \u00e9 conhecido por reunir grandes artistas, produ\u00e7\u00f5es grandiosas e<\/p>\n","protected":false},"author":1,"featured_media":148897,"comment_status":"closed","ping_status":"closed","sticky":false,"template":"","format":"gallery","meta":{"footnotes":""},"categories":[8,9,6,57,56,10],"tags":[],"class_list":["post-148896","post","type-post","status-publish","format-gallery","has-post-thumbnail","hentry","category-bahia","category-brasil","category-feira-de-santana","category-mundo","category-policia","category-politica","post_format-post-format-gallery"],"featured_image_urls":{"full":["https:\/\/noticiasbahia360.com.br\/wp-content\/uploads\/2026\/09\/Montagem-palco-show-Foto-Divulgacao.jpg",1200,801,false],"thumbnail":["https:\/\/noticiasbahia360.com.br\/wp-content\/uploads\/2026\/09\/Montagem-palco-show-Foto-Divulgacao-150x150.jpg",150,150,true],"medium":["https:\/\/noticiasbahia360.com.br\/wp-content\/uploads\/2026\/09\/Montagem-palco-show-Foto-Divulgacao-300x200.jpg",300,200,true],"medium_large":["https:\/\/noticiasbahia360.com.br\/wp-content\/uploads\/2026\/09\/Montagem-palco-show-Foto-Divulgacao-768x513.jpg",640,428,true],"large":["https:\/\/noticiasbahia360.com.br\/wp-content\/uploads\/2026\/09\/Montagem-palco-show-Foto-Divulgacao-1024x684.jpg",640,428,true],"1536x1536":["https:\/\/noticiasbahia360.com.br\/wp-content\/uploads\/2026\/09\/Montagem-palco-show-Foto-Divulgacao.jpg",1200,801,false],"2048x2048":["https:\/\/noticiasbahia360.com.br\/wp-content\/uploads\/2026\/09\/Montagem-palco-show-Foto-Divulgacao.jpg",1200,801,false],"chromenews-featured":["https:\/\/noticiasbahia360.com.br\/wp-content\/uploads\/2026\/09\/Montagem-palco-show-Foto-Divulgacao-1024x684.jpg",1024,684,true],"chromenews-large":["https:\/\/noticiasbahia360.com.br\/wp-content\/uploads\/2026\/09\/Montagem-palco-show-Foto-Divulgacao-825x575.jpg",825,575,true],"chromenews-medium":["https:\/\/noticiasbahia360.com.br\/wp-content\/uploads\/2026\/09\/Montagem-palco-show-Foto-Divulgacao-590x410.jpg",590,410,true]},"author_info":{"display_name":"noticiasbahia360.com.br","author_link":"https:\/\/noticiasbahia360.com.br\/?author=1"},"category_info":"<a href=\"https:\/\/noticiasbahia360.com.br\/?cat=8\" rel=\"category\">Bahia<\/a> <a href=\"https:\/\/noticiasbahia360.com.br\/?cat=9\" rel=\"category\">Brasil<\/a> <a href=\"https:\/\/noticiasbahia360.com.br\/?cat=6\" rel=\"category\">Feira de Santana<\/a> <a href=\"https:\/\/noticiasbahia360.com.br\/?cat=57\" rel=\"category\">Mundo<\/a> <a href=\"https:\/\/noticiasbahia360.com.br\/?cat=56\" rel=\"category\">Pol\u00edcia<\/a> <a href=\"https:\/\/noticiasbahia360.com.br\/?cat=10\" rel=\"category\">Pol\u00edtica<\/a>","tag_info":"Pol\u00edtica","comment_count":"0","_links":{"self":[{"href":"https:\/\/noticiasbahia360.com.br\/index.php?rest_route=\/wp\/v2\/posts\/148896","targetHints":{"allow":["GET"]}}],"collection":[{"href":"https:\/\/noticiasbahia360.com.br\/index.php?rest_route=\/wp\/v2\/posts"}],"about":[{"href":"https:\/\/noticiasbahia360.com.br\/index.php?rest_route=\/wp\/v2\/types\/post"}],"author":[{"embeddable":true,"href":"https:\/\/noticiasbahia360.com.br\/index.php?rest_route=\/wp\/v2\/users\/1"}],"replies":[{"embeddable":true,"href":"https:\/\/noticiasbahia360.com.br\/index.php?rest_route=%2Fwp%2Fv2%2Fcomments&post=148896"}],"version-history":[{"count":0,"href":"https:\/\/noticiasbahia360.com.br\/index.php?rest_route=\/wp\/v2\/posts\/148896\/revisions"}],"wp:featuredmedia":[{"embeddable":true,"href":"https:\/\/noticiasbahia360.com.br\/index.php?rest_route=\/wp\/v2\/media\/148897"}],"wp:attachment":[{"href":"https:\/\/noticiasbahia360.com.br\/index.php?rest_route=%2Fwp%2Fv2%2Fmedia&parent=148896"}],"wp:term":[{"taxonomy":"category","embeddable":true,"href":"https:\/\/noticiasbahia360.com.br\/index.php?rest_route=%2Fwp%2Fv2%2Fcategories&post=148896"},{"taxonomy":"post_tag","embeddable":true,"href":"https:\/\/noticiasbahia360.com.br\/index.php?rest_route=%2Fwp%2Fv2%2Ftags&post=148896"}],"curies":[{"name":"wp","href":"https:\/\/api.w.org\/{rel}","templated":true}]}}