{"id":148900,"date":"2026-09-04T16:04:37","date_gmt":"2026-09-04T19:04:37","guid":{"rendered":"https:\/\/noticiasbahia360.com.br\/?p=148900"},"modified":"2026-09-04T16:04:37","modified_gmt":"2026-09-04T19:04:37","slug":"leonardo-dicaprio-abre-album-de-visita-ao-brasil-e-defende-papel-do-pais-no-futuro-do-planeta","status":"publish","type":"post","link":"https:\/\/noticiasbahia360.com.br\/?p=148900","title":{"rendered":"Leonardo DiCaprio abre \u00e1lbum de visita ao Brasil e defende papel do pa\u00eds no futuro do planeta"},"content":{"rendered":"<div>\n<div>\n<figure><img decoding=\"async\" src=\"http:\/\/noticiasbahia360.com.br\/wp-content\/uploads\/2026\/09\/visita-de-DIcaprio-ao-Brasil.jpg\" alt=\"Visita de DIcaprio ao Brasil\"><figcaption>Foto: Reprodu\u00e7\u00e3o\/Instagram<\/figcaption><\/figure>\n<\/div>\n<p class=\"wp-block-paragraph\">O ator americano Leonardo DiCaprio compartilhou em sua p\u00e1gina no Instagram o \u00e1lbum da sua visita ao Brasil nesta semana. Ativista ambientalista e fundador da organiza\u00e7\u00e3o Re:wild, DiCaprio revelou em uma publica\u00e7\u00e3o que percorreu a Amaz\u00f4nia, o Pantanal e o Cerrado. <\/p>\n<p class=\"wp-block-paragraph\">Ele ainda fez um alerta sobre a import\u00e2ncia da preserva\u00e7\u00e3o ambiental e demonstrou preocupa\u00e7\u00e3o com o futuro do planeta.<\/p>\n<p class=\"wp-block-paragraph\">\u201cO Brasil \u00e9 fundamental para o futuro do planeta, com ecossistemas extraordin\u00e1rios e povos ind\u00edgenas e comunidades locais que os protegem h\u00e1 gera\u00e7\u00f5es.\u201d<\/p>\n<p class=\"wp-block-paragraph\">O artista participou de encontros com lideran\u00e7as ind\u00edgenas, representantes do poder p\u00fablico, ambientalistas e organiza\u00e7\u00f5es locais, para juntos debaterem sobre a import\u00e2ncia da preserva\u00e7\u00e3o aos ecossistemas que est\u00e3o amea\u00e7ados no Brasil.<\/p>\n<p class=\"wp-block-paragraph\">Entre as lideran\u00e7as com as quais Leonardo DiCaprio se reuniu est\u00e3o o cacique Raoni Metuktire, da Terra Ind\u00edgena Kapoto Jarina, lideran\u00e7a hist\u00f3rica Kayap\u00f3 na defesa dos direitos ind\u00edgenas e da Amaz\u00f4nia e Cacique Tapi Yawalapiti e Lideran\u00e7a Feminina Watatakalu Yawalapiti do Territ\u00f3rio Ind\u00edgena do Xingu TIX.<\/p>\n<p class=\"wp-block-paragraph\"><a href=\"https:\/\/www.acordacidade.com.br\/brasil\/lula-e-janja-recebem-leonardo-dicaprio-no-palacio-do-planalto-veja-o-que-foi-discutido\/\" data-type=\"link\" data-id=\"https:\/\/www.acordacidade.com.br\/brasil\/lula-e-janja-recebem-leonardo-dicaprio-no-palacio-do-planalto-veja-o-que-foi-discutido\/\">DiCaprio tamb\u00e9m participou de um encontro na \u00faltima quarta-feira (2) com o presidente Luiz In\u00e1cio Lula da Silva (PT) e a primeira-dama, Janja da Silva, no Pal\u00e1cio do Planalto.<\/a><\/p>\n<p class=\"wp-block-paragraph\">Durante a reuni\u00e3o, que durou cerca de 40 minutos, Lula e DiCaprio abordaram temas como as mudan\u00e7as clim\u00e1ticas e os investimentos do governo brasileiro na preserva\u00e7\u00e3o ambiental.<\/p>\n<h2 id=\"h-veja-o-album-da-visita-do-ator-leonardo-dicaprio-ao-brasil\" class=\"wp-block-heading\">Veja o \u00e1lbum da visita do ator Leonardo DiCaprio ao Brasil:<\/h2>\n<figure class=\"wp-block-embed is-type-rich is-provider-instagram wp-block-embed-instagram\">\n<div class=\"wp-block-embed__wrapper\"><iframe title=\"Instagram frame\" loading=\"lazy\" height=\"628\" class=\"instagram-embed-iframe\" src=\"https:\/\/www.instagram.com\/p\/Dczo7Z-lMpc\/embed\/\" allowtransparency=\"true\" frameborder=\"0\" scrolling=\"no\" onload=\"(function(o){window.instagramIframe = window.instagramIframe || []; window.instagramIframe.push(o);})(this)\" style=\"border: 0px; margin: 0 auto; max-width: 658px; width: calc(100% - 2px); border-radius: 4px; box-shadow: rgba(0, 0, 0, 0.498039) 0px 0px 1px 0px, rgba(0, 0, 0, 0.14902) 0px 1px 10px 0px; display: block; padding: 0px; background: rgb(255, 255, 255);\"><\/iframe><\/div>\n<\/figure>\n<h2 id=\"h-leia-mais\" class=\"wp-block-heading\">Leia mais: <\/h2>\n<p class=\"wp-block-paragraph\"><a href=\"https:\/\/www.acordacidade.com.br\/brasil\/lula-e-janja-recebem-leonardo-dicaprio-no-palacio-do-planalto-veja-o-que-foi-discutido\/\" data-type=\"link\" data-id=\"https:\/\/www.acordacidade.com.br\/brasil\/lula-e-janja-recebem-leonardo-dicaprio-no-palacio-do-planalto-veja-o-que-foi-discutido\/\">Lula e Janja recebem Leonardo DiCaprio no Pal\u00e1cio do Planalto; veja o que foi discutido<br \/><\/a><\/p>\n<p class=\"wp-block-paragraph\"><em>Siga o Acorda Cidade no\u00a0<\/em><a href=\"https:\/\/news.google.com\/search?q=acorda%20cidade&amp;hl=pt-BR&amp;gl=BR&amp;ceid=BR%3Apt-419\"><strong><em>Google Not\u00edcias<\/em><\/strong><\/a><em>\u00a0e receba os principais destaques do dia. Participe tamb\u00e9m dos nossos canais no\u00a0<\/em><a href=\"https:\/\/www.whatsapp.com\/channel\/0029Va6Rb4v3WHTNnsh8WI3N\"><strong><em>WhatsApp<\/em><\/strong><\/a><em>\u00a0e\u00a0<\/em><a href=\"https:\/\/www.youtube.com\/@acordacidadenoticias\/videos\"><strong>YouTube<\/strong><\/a><em>\u00a0e do grupo no\u00a0<\/em><a href=\"https:\/\/t.me\/+sSz0khrgARA0ZmRh\"><strong><em>Telegram<\/em><\/strong><\/a><em>.<\/em><a href=\"https:\/\/www.acordacidade.com.br\/colunas\/dilton-e-feito\/\"><\/a><\/p>\n<\/div>\n","protected":false},"excerpt":{"rendered":"<p>Foto: Reprodu\u00e7\u00e3o\/Instagram O ator americano Leonardo DiCaprio compartilhou em sua p\u00e1gina no Instagram o \u00e1lbum<\/p>\n","protected":false},"author":1,"featured_media":148901,"comment_status":"closed","ping_status":"closed","sticky":false,"template":"","format":"gallery","meta":{"footnotes":""},"categories":[8,9,6,57,56,10],"tags":[],"class_list":["post-148900","post","type-post","status-publish","format-gallery","has-post-thumbnail","hentry","category-bahia","category-brasil","category-feira-de-santana","category-mundo","category-policia","category-politica","post_format-post-format-gallery"],"featured_image_urls":{"full":["https:\/\/noticiasbahia360.com.br\/wp-content\/uploads\/2026\/09\/visita-de-DIcaprio-ao-Brasil.jpg",1200,837,false],"thumbnail":["https:\/\/noticiasbahia360.com.br\/wp-content\/uploads\/2026\/09\/visita-de-DIcaprio-ao-Brasil-150x150.jpg",150,150,true],"medium":["https:\/\/noticiasbahia360.com.br\/wp-content\/uploads\/2026\/09\/visita-de-DIcaprio-ao-Brasil-300x209.jpg",300,209,true],"medium_large":["https:\/\/noticiasbahia360.com.br\/wp-content\/uploads\/2026\/09\/visita-de-DIcaprio-ao-Brasil-768x536.jpg",640,447,true],"large":["https:\/\/noticiasbahia360.com.br\/wp-content\/uploads\/2026\/09\/visita-de-DIcaprio-ao-Brasil-1024x714.jpg",640,446,true],"1536x1536":["https:\/\/noticiasbahia360.com.br\/wp-content\/uploads\/2026\/09\/visita-de-DIcaprio-ao-Brasil.jpg",1200,837,false],"2048x2048":["https:\/\/noticiasbahia360.com.br\/wp-content\/uploads\/2026\/09\/visita-de-DIcaprio-ao-Brasil.jpg",1200,837,false],"chromenews-featured":["https:\/\/noticiasbahia360.com.br\/wp-content\/uploads\/2026\/09\/visita-de-DIcaprio-ao-Brasil-1024x714.jpg",1024,714,true],"chromenews-large":["https:\/\/noticiasbahia360.com.br\/wp-content\/uploads\/2026\/09\/visita-de-DIcaprio-ao-Brasil-825x575.jpg",825,575,true],"chromenews-medium":["https:\/\/noticiasbahia360.com.br\/wp-content\/uploads\/2026\/09\/visita-de-DIcaprio-ao-Brasil-590x410.jpg",590,410,true]},"author_info":{"display_name":"noticiasbahia360.com.br","author_link":"https:\/\/noticiasbahia360.com.br\/?author=1"},"category_info":"<a href=\"https:\/\/noticiasbahia360.com.br\/?cat=8\" rel=\"category\">Bahia<\/a> <a href=\"https:\/\/noticiasbahia360.com.br\/?cat=9\" rel=\"category\">Brasil<\/a> <a href=\"https:\/\/noticiasbahia360.com.br\/?cat=6\" rel=\"category\">Feira de Santana<\/a> <a href=\"https:\/\/noticiasbahia360.com.br\/?cat=57\" rel=\"category\">Mundo<\/a> <a href=\"https:\/\/noticiasbahia360.com.br\/?cat=56\" rel=\"category\">Pol\u00edcia<\/a> <a href=\"https:\/\/noticiasbahia360.com.br\/?cat=10\" rel=\"category\">Pol\u00edtica<\/a>","tag_info":"Pol\u00edtica","comment_count":"0","_links":{"self":[{"href":"https:\/\/noticiasbahia360.com.br\/index.php?rest_route=\/wp\/v2\/posts\/148900","targetHints":{"allow":["GET"]}}],"collection":[{"href":"https:\/\/noticiasbahia360.com.br\/index.php?rest_route=\/wp\/v2\/posts"}],"about":[{"href":"https:\/\/noticiasbahia360.com.br\/index.php?rest_route=\/wp\/v2\/types\/post"}],"author":[{"embeddable":true,"href":"https:\/\/noticiasbahia360.com.br\/index.php?rest_route=\/wp\/v2\/users\/1"}],"replies":[{"embeddable":true,"href":"https:\/\/noticiasbahia360.com.br\/index.php?rest_route=%2Fwp%2Fv2%2Fcomments&post=148900"}],"version-history":[{"count":0,"href":"https:\/\/noticiasbahia360.com.br\/index.php?rest_route=\/wp\/v2\/posts\/148900\/revisions"}],"wp:featuredmedia":[{"embeddable":true,"href":"https:\/\/noticiasbahia360.com.br\/index.php?rest_route=\/wp\/v2\/media\/148901"}],"wp:attachment":[{"href":"https:\/\/noticiasbahia360.com.br\/index.php?rest_route=%2Fwp%2Fv2%2Fmedia&parent=148900"}],"wp:term":[{"taxonomy":"category","embeddable":true,"href":"https:\/\/noticiasbahia360.com.br\/index.php?rest_route=%2Fwp%2Fv2%2Fcategories&post=148900"},{"taxonomy":"post_tag","embeddable":true,"href":"https:\/\/noticiasbahia360.com.br\/index.php?rest_route=%2Fwp%2Fv2%2Ftags&post=148900"}],"curies":[{"name":"wp","href":"https:\/\/api.w.org\/{rel}","templated":true}]}}