{"id":148905,"date":"2026-09-04T17:04:28","date_gmt":"2026-09-04T20:04:28","guid":{"rendered":"https:\/\/noticiasbahia360.com.br\/?p=148905"},"modified":"2026-09-04T17:04:28","modified_gmt":"2026-09-04T20:04:28","slug":"andre-valadao-confirma-aproximacao-entre-nikolas-e-daniel-vorcaro-deputado-nega-envolvimento-em-negocios","status":"publish","type":"post","link":"https:\/\/noticiasbahia360.com.br\/?p=148905","title":{"rendered":"Andr\u00e9 Valad\u00e3o confirma aproxima\u00e7\u00e3o entre Nikolas e Daniel Vorcaro; deputado nega envolvimento em neg\u00f3cios"},"content":{"rendered":"<div>\n<div>\n<figure><img decoding=\"async\" src=\"http:\/\/noticiasbahia360.com.br\/wp-content\/uploads\/2026\/09\/Andre-Valadao-e-Nikolas.webp\" alt=\"Andr\u00e9 Valad\u00e3o confirma aproxima\u00e7\u00e3o entre Nikolas e Daniel Vorcaro; deputado nega envolvimento em neg\u00f3cios\"><figcaption>Foto: Reprodu\u00e7\u00e3o\/Redes Sociais <\/figcaption><\/figure>\n<\/div>\n<p class=\"wp-block-paragraph\">O pastor Andr\u00e9 Valad\u00e3o confirmou, na noite de quinta-feira (3), que foi respons\u00e1vel por aproximar o deputado federal Nikolas Ferreira (PL) do ex-banqueiro Daniel Vorcaro, propriet\u00e1rio do Banco Master. Segundo Valad\u00e3o, a iniciativa ocorreu com o objetivo de colocar os dois em contato para que pudessem conversar diretamente.<\/p>\n<p class=\"wp-block-paragraph\">A declara\u00e7\u00e3o foi divulgada ap\u00f3s Nikolas Ferreira admitir que manteve dois contatos com Vorcaro. O deputado mineiro, por\u00e9m, negou que tenha cometido qualquer irregularidade nas conversas com o ex-banqueiro.<\/p>\n<p class=\"wp-block-paragraph\">Valad\u00e3o afirmou que n\u00e3o teve participa\u00e7\u00e3o nas atividades comerciais do Banco Master e disse que n\u00e3o tinha conhecimento de poss\u00edveis irregularidades atribu\u00eddas posteriormente \u00e0 institui\u00e7\u00e3o.<\/p>\n<p class=\"wp-block-paragraph\">\u201cQuero deixar claro que minha participa\u00e7\u00e3o nesse epis\u00f3dio se limitou a aproximar duas pessoas que eu conhecia, sugerindo que conversassem diretamente para esclarecer a situa\u00e7\u00e3o. N\u00e3o tive qualquer envolvimento com os neg\u00f3cios ou atividades do Banco Master, n\u00e3o tinha conhecimento das irregularidades posteriormente atribu\u00eddas ao banco e jamais participei de qualquer pr\u00e1tica il\u00edcita\u201d, explicou.<\/p>\n<p class=\"wp-block-paragraph\">Nikolas tamb\u00e9m se manifestou sobre a possibilidade de outras conversas com Daniel Vorcaro serem divulgadas. De acordo com o parlamentar, qualquer novo conte\u00fado deve ser considerado dentro de uma rela\u00e7\u00e3o pessoal de mais de tr\u00eas d\u00e9cadas com o ex-banqueiro, e n\u00e3o como uma indica\u00e7\u00e3o de envolvimento nos neg\u00f3cios da institui\u00e7\u00e3o.<\/p>\n<p class=\"wp-block-paragraph\">\u201cCaso venham a p\u00fablico outras conversas minhas com Daniel Vorcaro, elas devem ser compreendidas dentro de uma rela\u00e7\u00e3o pessoal de mais de 30 anos de conhecimento e conviv\u00eancia, e n\u00e3o como qualquer tipo de participa\u00e7\u00e3o, interesse ou envolvimento meu em seus neg\u00f3cios, muito menos em eventuais irregularidades. Reafirmo meu compromisso com a verdade e com a transpar\u00eancia, e n\u00e3o aceitarei que conversas decorrentes de uma rela\u00e7\u00e3o pessoal sejam retiradas de contexto ou distorcidas para me atribuir condutas que nunca pratiquei\u201d, publicou.<\/p>\n<p class=\"wp-block-paragraph\">Como o Acorda Cidade j\u00e1 mostrou, <a href=\"https:\/\/www.acordacidade.com.br\/politica\/audios-revelam-que-nikolas-pediu-ajuda-de-vorcaro-para-liberar-ativo-de-minerio\/\" data-type=\"link\" data-id=\"https:\/\/www.acordacidade.com.br\/politica\/audios-revelam-que-nikolas-pediu-ajuda-de-vorcaro-para-liberar-ativo-de-minerio\/\">\u00e1udios divulgados revelaram que Nikolas pediu ajuda a Vorcaro para liberar ativo de min\u00e9rio.<\/a> Ele teria solicitado ajuda para o assessor dele Thiago Rodrigues de Faria.<\/p>\n<p class=\"wp-block-paragraph\"><strong>Leia tamb\u00e9m: <a href=\"https:\/\/www.acordacidade.com.br\/politica\/audios-revelam-que-nikolas-pediu-ajuda-de-vorcaro-para-liberar-ativo-de-minerio\/\" data-type=\"link\" data-id=\"https:\/\/www.acordacidade.com.br\/politica\/audios-revelam-que-nikolas-pediu-ajuda-de-vorcaro-para-liberar-ativo-de-minerio\/\">\u00c1udios revelam que Nikolas pediu ajuda de Vorcaro para liberar ativo de min\u00e9rio<\/a><\/strong><\/p>\n<p class=\"wp-block-paragraph\"><em>Siga o Acorda Cidade no\u00a0<\/em><a href=\"https:\/\/news.google.com\/search?q=acorda%20cidade&amp;hl=pt-BR&amp;gl=BR&amp;ceid=BR%3Apt-419\"><strong><em>Google Not\u00edcias<\/em><\/strong><\/a><em>\u00a0e receba os principais destaques do dia. Participe tamb\u00e9m dos nossos canais no\u00a0<\/em><a href=\"https:\/\/www.whatsapp.com\/channel\/0029Va6Rb4v3WHTNnsh8WI3N\"><strong><em>WhatsApp<\/em><\/strong><\/a><em>\u00a0e\u00a0<\/em><a href=\"https:\/\/www.youtube.com\/@acordacidadenoticias\/videos\"><strong>YouTube<\/strong><\/a><em>\u00a0e do grupo no\u00a0<\/em><a href=\"https:\/\/t.me\/+sSz0khrgARA0ZmRh\"><strong><em>Telegram<\/em><\/strong><\/a><em>.<\/em><\/p>\n<\/div>\n","protected":false},"excerpt":{"rendered":"<p>Foto: Reprodu\u00e7\u00e3o\/Redes Sociais O pastor Andr\u00e9 Valad\u00e3o confirmou, na noite de quinta-feira (3), que foi<\/p>\n","protected":false},"author":1,"featured_media":148906,"comment_status":"closed","ping_status":"closed","sticky":false,"template":"","format":"gallery","meta":{"footnotes":""},"categories":[8,9,6,57,56,10],"tags":[],"class_list":["post-148905","post","type-post","status-publish","format-gallery","has-post-thumbnail","hentry","category-bahia","category-brasil","category-feira-de-santana","category-mundo","category-policia","category-politica","post_format-post-format-gallery"],"featured_image_urls":{"full":["https:\/\/noticiasbahia360.com.br\/wp-content\/uploads\/2026\/09\/Andre-Valadao-e-Nikolas.webp",1200,809,false],"thumbnail":["https:\/\/noticiasbahia360.com.br\/wp-content\/uploads\/2026\/09\/Andre-Valadao-e-Nikolas-150x150.webp",150,150,true],"medium":["https:\/\/noticiasbahia360.com.br\/wp-content\/uploads\/2026\/09\/Andre-Valadao-e-Nikolas-300x202.webp",300,202,true],"medium_large":["https:\/\/noticiasbahia360.com.br\/wp-content\/uploads\/2026\/09\/Andre-Valadao-e-Nikolas-768x518.webp",640,432,true],"large":["https:\/\/noticiasbahia360.com.br\/wp-content\/uploads\/2026\/09\/Andre-Valadao-e-Nikolas-1024x690.webp",640,431,true],"1536x1536":["https:\/\/noticiasbahia360.com.br\/wp-content\/uploads\/2026\/09\/Andre-Valadao-e-Nikolas.webp",1200,809,false],"2048x2048":["https:\/\/noticiasbahia360.com.br\/wp-content\/uploads\/2026\/09\/Andre-Valadao-e-Nikolas.webp",1200,809,false],"chromenews-featured":["https:\/\/noticiasbahia360.com.br\/wp-content\/uploads\/2026\/09\/Andre-Valadao-e-Nikolas-1024x690.webp",1024,690,true],"chromenews-large":["https:\/\/noticiasbahia360.com.br\/wp-content\/uploads\/2026\/09\/Andre-Valadao-e-Nikolas-825x575.webp",825,575,true],"chromenews-medium":["https:\/\/noticiasbahia360.com.br\/wp-content\/uploads\/2026\/09\/Andre-Valadao-e-Nikolas-590x410.webp",590,410,true]},"author_info":{"display_name":"noticiasbahia360.com.br","author_link":"https:\/\/noticiasbahia360.com.br\/?author=1"},"category_info":"<a href=\"https:\/\/noticiasbahia360.com.br\/?cat=8\" rel=\"category\">Bahia<\/a> <a href=\"https:\/\/noticiasbahia360.com.br\/?cat=9\" rel=\"category\">Brasil<\/a> <a href=\"https:\/\/noticiasbahia360.com.br\/?cat=6\" rel=\"category\">Feira de Santana<\/a> <a href=\"https:\/\/noticiasbahia360.com.br\/?cat=57\" rel=\"category\">Mundo<\/a> <a href=\"https:\/\/noticiasbahia360.com.br\/?cat=56\" rel=\"category\">Pol\u00edcia<\/a> <a href=\"https:\/\/noticiasbahia360.com.br\/?cat=10\" rel=\"category\">Pol\u00edtica<\/a>","tag_info":"Pol\u00edtica","comment_count":"0","_links":{"self":[{"href":"https:\/\/noticiasbahia360.com.br\/index.php?rest_route=\/wp\/v2\/posts\/148905","targetHints":{"allow":["GET"]}}],"collection":[{"href":"https:\/\/noticiasbahia360.com.br\/index.php?rest_route=\/wp\/v2\/posts"}],"about":[{"href":"https:\/\/noticiasbahia360.com.br\/index.php?rest_route=\/wp\/v2\/types\/post"}],"author":[{"embeddable":true,"href":"https:\/\/noticiasbahia360.com.br\/index.php?rest_route=\/wp\/v2\/users\/1"}],"replies":[{"embeddable":true,"href":"https:\/\/noticiasbahia360.com.br\/index.php?rest_route=%2Fwp%2Fv2%2Fcomments&post=148905"}],"version-history":[{"count":0,"href":"https:\/\/noticiasbahia360.com.br\/index.php?rest_route=\/wp\/v2\/posts\/148905\/revisions"}],"wp:featuredmedia":[{"embeddable":true,"href":"https:\/\/noticiasbahia360.com.br\/index.php?rest_route=\/wp\/v2\/media\/148906"}],"wp:attachment":[{"href":"https:\/\/noticiasbahia360.com.br\/index.php?rest_route=%2Fwp%2Fv2%2Fmedia&parent=148905"}],"wp:term":[{"taxonomy":"category","embeddable":true,"href":"https:\/\/noticiasbahia360.com.br\/index.php?rest_route=%2Fwp%2Fv2%2Fcategories&post=148905"},{"taxonomy":"post_tag","embeddable":true,"href":"https:\/\/noticiasbahia360.com.br\/index.php?rest_route=%2Fwp%2Fv2%2Ftags&post=148905"}],"curies":[{"name":"wp","href":"https:\/\/api.w.org\/{rel}","templated":true}]}}