{"id":148909,"date":"2026-09-04T18:00:33","date_gmt":"2026-09-04T21:00:33","guid":{"rendered":"https:\/\/noticiasbahia360.com.br\/?p=148909"},"modified":"2026-09-04T18:00:33","modified_gmt":"2026-09-04T21:00:33","slug":"confira-o-que-abre-e-fecha-em-feira-de-santana-no-feriadao-de-independencia-7","status":"publish","type":"post","link":"https:\/\/noticiasbahia360.com.br\/?p=148909","title":{"rendered":"Confira o que abre e fecha em Feira de Santana no feriad\u00e3o de Independ\u00eancia (7)"},"content":{"rendered":"<div>\n<div>\n<figure><img decoding=\"async\" src=\"http:\/\/noticiasbahia360.com.br\/wp-content\/uploads\/2026\/09\/movimento-do-comercio-rua-centro-de-Feira-de-Santana-foto-Jefferson-Araujo-Acorda-Cidade-edited.jpg\" alt=\"com\u00e9rcio\"><figcaption>Foto: Jefferson Ara\u00fajo \/ Acorda Cidade <\/figcaption><\/figure>\n<\/div>\n<p class=\"wp-block-paragraph\">Feira de Santana ter\u00e1 funcionamento diferenciado na pr\u00f3xima segunda-feira (7), feriado nacional da Independ\u00eancia do Brasil. A data altera o atendimento do com\u00e9rcio, das reparti\u00e7\u00f5es p\u00fablicas, das ag\u00eancias banc\u00e1rias e de alguns servi\u00e7os na cidade.<\/p>\n<h2 id=\"h-comercio\" class=\"wp-block-heading\">Com\u00e9rcio<\/h2>\n<p class=\"wp-block-paragraph\">No com\u00e9rcio, <a href=\"https:\/\/www.acordacidade.com.br\/feira-de-santana\/confira-como-sera-o-funcionamento-do-comercio-de-feira-de-santana-no-feriado-de-7-de-setembro\/\" data-type=\"link\" data-id=\"https:\/\/www.acordacidade.com.br\/feira-de-santana\/confira-como-sera-o-funcionamento-do-comercio-de-feira-de-santana-no-feriado-de-7-de-setembro\/\">as lojas localizadas nos bairros e os estabelecimentos dos shopping centers est\u00e3o autorizados a funcionar durante o feriado<\/a>, conforme as regras previstas na Conven\u00e7\u00e3o Coletiva de Trabalho.<\/p>\n<p class=\"wp-block-paragraph\">J\u00e1 as lojas localizadas na regi\u00e3o central da cidade n\u00e3o poder\u00e3o abrir. Para identificar a regra, \u00e9 necess\u00e1rio verificar o cart\u00e3o do CNPJ: se o endere\u00e7o da empresa estiver registrado como bairro \u201cCentro\u201d, o funcionamento n\u00e3o est\u00e1 autorizado.<\/p>\n<p class=\"wp-block-paragraph\">Como Marcos Silva, presidente do Sindicato do Com\u00e9rcio de Feira de Santana (Sicom\u00e9rcio) j\u00e1 adiantou ao Acorda Cidade, os trabalhadores que atuarem durante o feriado dever\u00e3o ser indenizados, com pagamento pelo dia trabalhado ou concess\u00e3o de uma folga compensat\u00f3ria, conforme as regras da conven\u00e7\u00e3o.<\/p>\n<p class=\"wp-block-paragraph\">J\u00e1 os supermercados ter\u00e3o funcionamento normal.<\/p>\n<h2 id=\"h-centro-de-abastecimento\" class=\"wp-block-heading\">Centro de Abastecimento<\/h2>\n<p class=\"wp-block-paragraph\">No Centro de Abastecimento, a Ceasa poder\u00e1 funcionar, enquanto os demais setores permanecer\u00e3o fechados.<\/p>\n<h2 id=\"h-boulevard-shopping\" class=\"wp-block-heading\">Boulevard Shopping<\/h2>\n<p class=\"wp-block-paragraph\"><strong>Lojas e quiosques:<\/strong> 12h \u00e0s 20h;<br \/><strong>Alimenta\u00e7\u00e3o:<\/strong> 12h \u00e0s 21h;<br \/><strong>Restaurantes:<\/strong> 12h \u00e0s 22h;<br \/><strong>Cinema:<\/strong> programa\u00e7\u00e3o normal;<br \/><strong>Sam\u2019s Club:<\/strong> 8h \u00e0s 20h;<br \/><strong>Farm\u00e1cia Brito:<\/strong> 8h \u00e0s 20h;<br \/><strong>Lot\u00e9rica Boulevard:<\/strong> fechada;<br \/><strong>Cl\u00ednica Sa\u00fade Center:<\/strong> fechada;<br \/><strong>Clinos:<\/strong> fechada.<\/p>\n<h2 id=\"h-bancos\" class=\"wp-block-heading\">Bancos<\/h2>\n<p class=\"wp-block-paragraph\">As ag\u00eancias banc\u00e1rias estar\u00e3o fechadas durante todo o feriado. O atendimento presencial ser\u00e1 retomado ap\u00f3s o feriado, conforme o calend\u00e1rio banc\u00e1rio.<\/p>\n<h2 id=\"h-reparticoes-publicas\" class=\"wp-block-heading\">Reparti\u00e7\u00f5es p\u00fablicas<\/h2>\n<p class=\"wp-block-paragraph\">As reparti\u00e7\u00f5es p\u00fablicas, como setores da Prefeitura de Feira, n\u00e3o ter\u00e3o expediente na segunda-feira (7), em raz\u00e3o do feriado nacional da Independ\u00eancia do Brasil. Servi\u00e7os essenciais permanecem em funcionamento em regime de plant\u00e3o, como o Servi\u00e7o de Atendimento M\u00f3vel de Urg\u00eancia (Samu).<\/p>\n<h2 id=\"h-parques-municipais\" class=\"wp-block-heading\">Parques municipais<\/h2>\n<p class=\"wp-block-paragraph\">Os parques municipais tamb\u00e9m permanecer\u00e3o fechados na segunda. O dia j\u00e1 \u00e9 destinado \u00e0 manuten\u00e7\u00e3o dos espa\u00e7os e, neste ano, a Prefeitura tamb\u00e9m manter\u00e1 o fechamento devido \u00e0 realiza\u00e7\u00e3o do desfile de 7 de Setembro e \u00e0 programa\u00e7\u00e3o da 47\u00aa Expofeira que come\u00e7a no domingo (6).<\/p>\n<p class=\"wp-block-paragraph\"><strong>Leia tamb\u00e9m: <a href=\"https:\/\/www.acordacidade.com.br\/feira-de-santana\/confira-como-sera-o-funcionamento-do-comercio-de-feira-de-santana-no-feriado-de-7-de-setembro\/\" data-type=\"link\" data-id=\"https:\/\/www.acordacidade.com.br\/feira-de-santana\/confira-como-sera-o-funcionamento-do-comercio-de-feira-de-santana-no-feriado-de-7-de-setembro\/\">Confira como ser\u00e1 o funcionamento do com\u00e9rcio de Feira de Santana no feriado de 7 de setembro<\/a><\/strong><\/p>\n<p class=\"wp-block-paragraph\"><em>Siga o Acorda Cidade no\u00a0<\/em><a href=\"https:\/\/news.google.com\/search?q=acorda%20cidade&amp;hl=pt-BR&amp;gl=BR&amp;ceid=BR%3Apt-419\"><strong><em>Google Not\u00edcias<\/em><\/strong><\/a><em>\u00a0e receba os principais destaques do dia. Participe tamb\u00e9m dos nossos canais no\u00a0<\/em><a href=\"https:\/\/www.whatsapp.com\/channel\/0029Va6Rb4v3WHTNnsh8WI3N\"><strong><em>WhatsApp<\/em><\/strong><\/a><em>\u00a0e\u00a0<\/em><a href=\"https:\/\/www.youtube.com\/@acordacidadenoticias\/videos\"><strong>YouTube<\/strong><\/a><em>\u00a0e do grupo no\u00a0<\/em><a href=\"https:\/\/t.me\/+sSz0khrgARA0ZmRh\"><strong><em>Telegram<\/em><\/strong><\/a><\/p>\n<\/div>\n","protected":false},"excerpt":{"rendered":"<p>Foto: Jefferson Ara\u00fajo \/ Acorda Cidade Feira de Santana ter\u00e1 funcionamento diferenciado na pr\u00f3xima segunda-feira<\/p>\n","protected":false},"author":1,"featured_media":148910,"comment_status":"closed","ping_status":"closed","sticky":false,"template":"","format":"gallery","meta":{"footnotes":""},"categories":[8,9,6,57,56,10],"tags":[],"class_list":["post-148909","post","type-post","status-publish","format-gallery","has-post-thumbnail","hentry","category-bahia","category-brasil","category-feira-de-santana","category-mundo","category-policia","category-politica","post_format-post-format-gallery"],"featured_image_urls":{"full":["https:\/\/noticiasbahia360.com.br\/wp-content\/uploads\/2026\/09\/movimento-do-comercio-rua-centro-de-Feira-de-Santana-foto-Jefferson-Araujo-Acorda-Cidade-edited.jpg",1200,675,false],"thumbnail":["https:\/\/noticiasbahia360.com.br\/wp-content\/uploads\/2026\/09\/movimento-do-comercio-rua-centro-de-Feira-de-Santana-foto-Jefferson-Araujo-Acorda-Cidade-edited-150x150.jpg",150,150,true],"medium":["https:\/\/noticiasbahia360.com.br\/wp-content\/uploads\/2026\/09\/movimento-do-comercio-rua-centro-de-Feira-de-Santana-foto-Jefferson-Araujo-Acorda-Cidade-edited-300x169.jpg",300,169,true],"medium_large":["https:\/\/noticiasbahia360.com.br\/wp-content\/uploads\/2026\/09\/movimento-do-comercio-rua-centro-de-Feira-de-Santana-foto-Jefferson-Araujo-Acorda-Cidade-edited-768x432.jpg",640,360,true],"large":["https:\/\/noticiasbahia360.com.br\/wp-content\/uploads\/2026\/09\/movimento-do-comercio-rua-centro-de-Feira-de-Santana-foto-Jefferson-Araujo-Acorda-Cidade-edited-1024x576.jpg",640,360,true],"1536x1536":["https:\/\/noticiasbahia360.com.br\/wp-content\/uploads\/2026\/09\/movimento-do-comercio-rua-centro-de-Feira-de-Santana-foto-Jefferson-Araujo-Acorda-Cidade-edited.jpg",1200,675,false],"2048x2048":["https:\/\/noticiasbahia360.com.br\/wp-content\/uploads\/2026\/09\/movimento-do-comercio-rua-centro-de-Feira-de-Santana-foto-Jefferson-Araujo-Acorda-Cidade-edited.jpg",1200,675,false],"chromenews-featured":["https:\/\/noticiasbahia360.com.br\/wp-content\/uploads\/2026\/09\/movimento-do-comercio-rua-centro-de-Feira-de-Santana-foto-Jefferson-Araujo-Acorda-Cidade-edited-1024x576.jpg",1024,576,true],"chromenews-large":["https:\/\/noticiasbahia360.com.br\/wp-content\/uploads\/2026\/09\/movimento-do-comercio-rua-centro-de-Feira-de-Santana-foto-Jefferson-Araujo-Acorda-Cidade-edited-825x575.jpg",825,575,true],"chromenews-medium":["https:\/\/noticiasbahia360.com.br\/wp-content\/uploads\/2026\/09\/movimento-do-comercio-rua-centro-de-Feira-de-Santana-foto-Jefferson-Araujo-Acorda-Cidade-edited-590x410.jpg",590,410,true]},"author_info":{"display_name":"noticiasbahia360.com.br","author_link":"https:\/\/noticiasbahia360.com.br\/?author=1"},"category_info":"<a href=\"https:\/\/noticiasbahia360.com.br\/?cat=8\" rel=\"category\">Bahia<\/a> <a href=\"https:\/\/noticiasbahia360.com.br\/?cat=9\" rel=\"category\">Brasil<\/a> <a href=\"https:\/\/noticiasbahia360.com.br\/?cat=6\" rel=\"category\">Feira de Santana<\/a> <a href=\"https:\/\/noticiasbahia360.com.br\/?cat=57\" rel=\"category\">Mundo<\/a> <a href=\"https:\/\/noticiasbahia360.com.br\/?cat=56\" rel=\"category\">Pol\u00edcia<\/a> <a href=\"https:\/\/noticiasbahia360.com.br\/?cat=10\" rel=\"category\">Pol\u00edtica<\/a>","tag_info":"Pol\u00edtica","comment_count":"0","_links":{"self":[{"href":"https:\/\/noticiasbahia360.com.br\/index.php?rest_route=\/wp\/v2\/posts\/148909","targetHints":{"allow":["GET"]}}],"collection":[{"href":"https:\/\/noticiasbahia360.com.br\/index.php?rest_route=\/wp\/v2\/posts"}],"about":[{"href":"https:\/\/noticiasbahia360.com.br\/index.php?rest_route=\/wp\/v2\/types\/post"}],"author":[{"embeddable":true,"href":"https:\/\/noticiasbahia360.com.br\/index.php?rest_route=\/wp\/v2\/users\/1"}],"replies":[{"embeddable":true,"href":"https:\/\/noticiasbahia360.com.br\/index.php?rest_route=%2Fwp%2Fv2%2Fcomments&post=148909"}],"version-history":[{"count":0,"href":"https:\/\/noticiasbahia360.com.br\/index.php?rest_route=\/wp\/v2\/posts\/148909\/revisions"}],"wp:featuredmedia":[{"embeddable":true,"href":"https:\/\/noticiasbahia360.com.br\/index.php?rest_route=\/wp\/v2\/media\/148910"}],"wp:attachment":[{"href":"https:\/\/noticiasbahia360.com.br\/index.php?rest_route=%2Fwp%2Fv2%2Fmedia&parent=148909"}],"wp:term":[{"taxonomy":"category","embeddable":true,"href":"https:\/\/noticiasbahia360.com.br\/index.php?rest_route=%2Fwp%2Fv2%2Fcategories&post=148909"},{"taxonomy":"post_tag","embeddable":true,"href":"https:\/\/noticiasbahia360.com.br\/index.php?rest_route=%2Fwp%2Fv2%2Ftags&post=148909"}],"curies":[{"name":"wp","href":"https:\/\/api.w.org\/{rel}","templated":true}]}}