{"id":148911,"date":"2026-09-04T18:00:34","date_gmt":"2026-09-04T21:00:34","guid":{"rendered":"https:\/\/noticiasbahia360.com.br\/?p=148911"},"modified":"2026-09-04T18:00:34","modified_gmt":"2026-09-04T21:00:34","slug":"presidente-do-stf-promete-apuracao-dentro-da-legalidade-e-sem-atalhos","status":"publish","type":"post","link":"https:\/\/noticiasbahia360.com.br\/?p=148911","title":{"rendered":"Presidente do STF promete apura\u00e7\u00e3o dentro da legalidade e sem atalhos"},"content":{"rendered":"<div>\n<div>\n<figure><img decoding=\"async\" src=\"http:\/\/noticiasbahia360.com.br\/wp-content\/uploads\/2026\/09\/Edson-Fachin-1.webp\" alt=\"Edson Fachin\"><figcaption>Foto: Fabio Rodrigues-Pozzebom\/Ag\u00eancia Brasil<\/figcaption><\/figure>\n<\/div>\n<p class=\"wp-block-paragraph\">Ag\u00eancia Brasil- O presidente do Supremo Tribunal Federal (STF), Edson Fachin, garantiu, nesta sexta-feira (4), em Bras\u00edlia, que\u00a0<strong>ser\u00e1 dentro da legalidade a resposta do Judici\u00e1rio brasileiro aos fatos relacionados a supostas irregularidades na condu\u00e7\u00e3o do caso do Banco Master<\/strong>\u00a0e ao vazamento de trocas de mensagens entre o tamb\u00e9m ministro do STF Alexandre de Moraes e o ex-banqueiro Daniel Vorcaro.<img decoding=\"async\" src=\"https:\/\/agenciabrasil.ebc.com.br\/ebc.png?id=1701548&amp;o=node\"><img decoding=\"async\" src=\"https:\/\/agenciabrasil.ebc.com.br\/ebc.gif?id=1701548&amp;o=node\"><\/p>\n<blockquote class=\"wp-block-quote is-layout-flow wp-block-quote-is-layout-flow\">\n<p class=\"wp-block-paragraph\">\u201cA gravidade dos fatos n\u00e3o autoriza atalhos. Ao contr\u00e1rio! Quanto maior o desafio, maior deve ser o compromisso com a legalidade, o devido processo [legal] e as garantias constitucionais\u201d, afirmou o ministro Edson Fachin.<\/p>\n<\/blockquote>\n<p class=\"wp-block-paragraph\">Diante da crise no Poder Judici\u00e1rio acentuada nesta semana, o presidente da Suprema Corte prometeu que a apura\u00e7\u00e3o dos fatos seguir\u00e1 os procedimentos estabelecidos pela Constitui\u00e7\u00e3o Federal e pelo ordenamento jur\u00eddico.<\/p>\n<p class=\"wp-block-paragraph\"><strong>\u201cFaremos o que \u00e9 certo, no tempo e pela forma que a ordem jur\u00eddica exige\u201d, declarou o presidente do STF.<\/strong><\/p>\n<p class=\"wp-block-paragraph\">O ministro Edson Fachin tamb\u00e9m reiterou a necessidade de as institui\u00e7\u00f5es da Rep\u00fablica serem preservadas, sobretudo em momentos de maior tens\u00e3o. Ele frisou que\u00a0<strong>nenhuma autoridade e nenhum Poder da Rep\u00fablica est\u00e3o acima da Constitui\u00e7\u00e3o Federal<\/strong>, pois \u201cnenhum interesse circunstancial pode se sobrepor \u00e0 integridade do Estado Democr\u00e1tico de Direito\u201d.<\/p>\n<p class=\"wp-block-paragraph\">As declara\u00e7\u00f5es foram dadas no Pal\u00e1cio do Planalto, durante o evento de san\u00e7\u00e3o de leis que criam fundos para aperfei\u00e7oamento da Justi\u00e7a Federal, do Superior Tribunal de Justi\u00e7a (STJ), da Defensoria P\u00fablica da Uni\u00e3o (DPU) e do Minist\u00e9rio P\u00fablico da Uni\u00e3o (MPU), para aumentar as fontes de recursos, com o objetivo de modernizar as institui\u00e7\u00f5es e ampliar o acesso da popula\u00e7\u00e3o \u00e0 Justi\u00e7a.<\/p>\n<h2 id=\"h-igualdade\" class=\"wp-block-heading\">Igualdade<\/h2>\n<p class=\"wp-block-paragraph\">No mesmo evento no Planalto, o\u00a0<strong>presidente Luiz In\u00e1cio Lula da Silva enfatizou que a aplica\u00e7\u00e3o da legisla\u00e7\u00e3o brasileira deve ser a mesma para todos os cidad\u00e3os<\/strong>.<\/p>\n<blockquote class=\"wp-block-quote is-layout-flow wp-block-quote-is-layout-flow\">\n<p class=\"wp-block-paragraph\">\u201cNingu\u00e9m, em nome da Democracia, pode utilizar o cargo que tem em benef\u00edcio pessoal. Ningu\u00e9m! Isso vale para o presidente da Rep\u00fablica, vale para um catador de material recicl\u00e1vel, vale para uma parteira, vale para uma m\u00e9dica\u201d, afirmou o presidente Lula.\u00a0<\/p>\n<\/blockquote>\n<p class=\"wp-block-paragraph\">Para Lula, todos devem estar subordinados aos mesmos tr\u00e2mites da legisla\u00e7\u00e3o. \u201cAfinal de contas, ela [a lei] vale para todos\u201d, afirmou.<\/p>\n<h2 id=\"h-vazamentos-seletivos\" class=\"wp-block-heading\">Vazamentos seletivos<\/h2>\n<p class=\"wp-block-paragraph\">Dirigindo-se ao presidente do STF, Edson Fachin, e ao procurador-geral da Rep\u00fablica, Paulo Gonet, o presidente da Rep\u00fablica cobrou transpar\u00eancia para contornar a crise, sob pena de o Poder Judici\u00e1rio perder a credibilidade da opini\u00e3o p\u00fablica.\u00a0<\/p>\n<p class=\"wp-block-paragraph\"><strong>\u201cO que n\u00f3s n\u00e3o podemos, neste pa\u00eds, \u00e9 oficializar a ind\u00fastria da fake news, a ind\u00fastria dos vazamentos seletivos por interesses pol\u00edticos e econ\u00f4micos. N\u00e3o \u00e9 poss\u00edvel\u201d, lamentou Lula.<\/strong><\/p>\n<p class=\"wp-block-paragraph\">O presidente Lula apontou que esses vazamentos colocam em risco a democracia brasileira.\u00a0<\/p>\n<p class=\"wp-block-paragraph\">\u201cEstamos vivendo uma \u00e9poca muito perigosa. O denuncismo, as fake news, os vazamentos [de dados de investiga\u00e7\u00f5es] n\u00e3o contribuem com a democracia\u201d.<\/p>\n<h2 id=\"h-entenda-a-crise\" class=\"wp-block-heading\">Entenda a crise<\/h2>\n<p class=\"wp-block-paragraph\">Nesta semana, o ministro do STF Andr\u00e9 Mendon\u00e7a enviou ao presidente do STF, ministro Edson Fachin, o pedido de abertura de inqu\u00e9rito contra o ministro do Supremo Alexandre Moraes,\u00a0<strong>ap\u00f3s relat\u00f3rio da Pol\u00edcia Federal apontar ind\u00edcios de rela\u00e7\u00e3o entre Moraes e o ex-banqueiro Daniel Vorcaro, atualmente preso por fraudes no Banco Master<\/strong>.<\/p>\n<p class=\"wp-block-paragraph\">Em resposta, nesta quarta-feira (3), Moraes encaminhou a Fachin um pedido de investiga\u00e7\u00e3o contra a atua\u00e7\u00e3o do Mendon\u00e7a na relatoria de processos relacionados \u00e0s opera\u00e7\u00f5es Sem Desconto e Compliance Zero, da Pol\u00edcia Federal.\u200b\u200b<\/p>\n<p class=\"wp-block-paragraph\">\u200bHoras antes, o procurador-geral da Rep\u00fablica, Paulo Gonet,\u00a0pediu a anula\u00e7\u00e3o da investiga\u00e7\u00e3o\u00a0sobre conversas de Moraes e Vorcaro. \u200b\u200b<\/p>\n<p class=\"wp-block-paragraph\">\u200bNesta sexta-feira, o presidente do Supremo\u00a0estabeleceu o prazo de cinco dias\u00a0para que o ministro Andr\u00e9 Mendon\u00e7a e o procurador-geral da Rep\u00fablica, Paulo Gonet, se manifestem sobre o caso\u200b.<\/p>\n<p class=\"wp-block-paragraph\"><em>Siga o Acorda Cidade no\u00a0<\/em><a href=\"https:\/\/news.google.com\/search?q=acorda%20cidade&amp;hl=pt-BR&amp;gl=BR&amp;ceid=BR%3Apt-419\"><strong><em>Google Not\u00edcias<\/em><\/strong><\/a><em>\u00a0e receba os principais destaques do dia. Participe tamb\u00e9m dos nossos canais no\u00a0<\/em><a href=\"https:\/\/www.whatsapp.com\/channel\/0029Va6Rb4v3WHTNnsh8WI3N\"><strong><em>WhatsApp<\/em><\/strong><\/a><em>\u00a0e\u00a0<\/em><a href=\"https:\/\/www.youtube.com\/@acordacidadenoticias\/videos\"><strong>YouTube<\/strong><\/a><em>\u00a0e do grupo no\u00a0<\/em><a href=\"https:\/\/t.me\/+sSz0khrgARA0ZmRh\"><strong><em>Telegram<\/em><\/strong><\/a><em>.<\/em><\/p>\n<\/div>\n","protected":false},"excerpt":{"rendered":"<p>Foto: Fabio Rodrigues-Pozzebom\/Ag\u00eancia Brasil Ag\u00eancia Brasil- O presidente do Supremo Tribunal Federal (STF), Edson Fachin,<\/p>\n","protected":false},"author":1,"featured_media":148912,"comment_status":"closed","ping_status":"closed","sticky":false,"template":"","format":"gallery","meta":{"footnotes":""},"categories":[8,9,6,57,56,10],"tags":[],"class_list":["post-148911","post","type-post","status-publish","format-gallery","has-post-thumbnail","hentry","category-bahia","category-brasil","category-feira-de-santana","category-mundo","category-policia","category-politica","post_format-post-format-gallery"],"featured_image_urls":{"full":["https:\/\/noticiasbahia360.com.br\/wp-content\/uploads\/2026\/09\/Edson-Fachin-1.webp",1200,718,false],"thumbnail":["https:\/\/noticiasbahia360.com.br\/wp-content\/uploads\/2026\/09\/Edson-Fachin-1-150x150.webp",150,150,true],"medium":["https:\/\/noticiasbahia360.com.br\/wp-content\/uploads\/2026\/09\/Edson-Fachin-1-300x180.webp",300,180,true],"medium_large":["https:\/\/noticiasbahia360.com.br\/wp-content\/uploads\/2026\/09\/Edson-Fachin-1-768x460.webp",640,383,true],"large":["https:\/\/noticiasbahia360.com.br\/wp-content\/uploads\/2026\/09\/Edson-Fachin-1-1024x613.webp",640,383,true],"1536x1536":["https:\/\/noticiasbahia360.com.br\/wp-content\/uploads\/2026\/09\/Edson-Fachin-1.webp",1200,718,false],"2048x2048":["https:\/\/noticiasbahia360.com.br\/wp-content\/uploads\/2026\/09\/Edson-Fachin-1.webp",1200,718,false],"chromenews-featured":["https:\/\/noticiasbahia360.com.br\/wp-content\/uploads\/2026\/09\/Edson-Fachin-1-1024x613.webp",1024,613,true],"chromenews-large":["https:\/\/noticiasbahia360.com.br\/wp-content\/uploads\/2026\/09\/Edson-Fachin-1-825x575.webp",825,575,true],"chromenews-medium":["https:\/\/noticiasbahia360.com.br\/wp-content\/uploads\/2026\/09\/Edson-Fachin-1-590x410.webp",590,410,true]},"author_info":{"display_name":"noticiasbahia360.com.br","author_link":"https:\/\/noticiasbahia360.com.br\/?author=1"},"category_info":"<a href=\"https:\/\/noticiasbahia360.com.br\/?cat=8\" rel=\"category\">Bahia<\/a> <a href=\"https:\/\/noticiasbahia360.com.br\/?cat=9\" rel=\"category\">Brasil<\/a> <a href=\"https:\/\/noticiasbahia360.com.br\/?cat=6\" rel=\"category\">Feira de Santana<\/a> <a href=\"https:\/\/noticiasbahia360.com.br\/?cat=57\" rel=\"category\">Mundo<\/a> <a href=\"https:\/\/noticiasbahia360.com.br\/?cat=56\" rel=\"category\">Pol\u00edcia<\/a> <a href=\"https:\/\/noticiasbahia360.com.br\/?cat=10\" rel=\"category\">Pol\u00edtica<\/a>","tag_info":"Pol\u00edtica","comment_count":"0","_links":{"self":[{"href":"https:\/\/noticiasbahia360.com.br\/index.php?rest_route=\/wp\/v2\/posts\/148911","targetHints":{"allow":["GET"]}}],"collection":[{"href":"https:\/\/noticiasbahia360.com.br\/index.php?rest_route=\/wp\/v2\/posts"}],"about":[{"href":"https:\/\/noticiasbahia360.com.br\/index.php?rest_route=\/wp\/v2\/types\/post"}],"author":[{"embeddable":true,"href":"https:\/\/noticiasbahia360.com.br\/index.php?rest_route=\/wp\/v2\/users\/1"}],"replies":[{"embeddable":true,"href":"https:\/\/noticiasbahia360.com.br\/index.php?rest_route=%2Fwp%2Fv2%2Fcomments&post=148911"}],"version-history":[{"count":0,"href":"https:\/\/noticiasbahia360.com.br\/index.php?rest_route=\/wp\/v2\/posts\/148911\/revisions"}],"wp:featuredmedia":[{"embeddable":true,"href":"https:\/\/noticiasbahia360.com.br\/index.php?rest_route=\/wp\/v2\/media\/148912"}],"wp:attachment":[{"href":"https:\/\/noticiasbahia360.com.br\/index.php?rest_route=%2Fwp%2Fv2%2Fmedia&parent=148911"}],"wp:term":[{"taxonomy":"category","embeddable":true,"href":"https:\/\/noticiasbahia360.com.br\/index.php?rest_route=%2Fwp%2Fv2%2Fcategories&post=148911"},{"taxonomy":"post_tag","embeddable":true,"href":"https:\/\/noticiasbahia360.com.br\/index.php?rest_route=%2Fwp%2Fv2%2Ftags&post=148911"}],"curies":[{"name":"wp","href":"https:\/\/api.w.org\/{rel}","templated":true}]}}