{"id":148913,"date":"2026-09-04T18:00:35","date_gmt":"2026-09-04T21:00:35","guid":{"rendered":"https:\/\/noticiasbahia360.com.br\/?p=148913"},"modified":"2026-09-04T18:00:35","modified_gmt":"2026-09-04T21:00:35","slug":"carro-pega-fogo-apos-falha-na-avenida-maria-quiteria-em-feira-de-santana-proprietaria-sai-ilesa","status":"publish","type":"post","link":"https:\/\/noticiasbahia360.com.br\/?p=148913","title":{"rendered":"Carro pega fogo ap\u00f3s falha na Avenida Maria Quit\u00e9ria, em Feira de Santana; propriet\u00e1ria sai ilesa"},"content":{"rendered":"<div>\n<div>\n<figure><img decoding=\"async\" src=\"http:\/\/noticiasbahia360.com.br\/wp-content\/uploads\/2026\/09\/Carro-pega-fogo-na-Maria-Quiteria.jpg\" alt=\"Carro pega fogo na Maria Quit\u00e9ria\"><figcaption>Foto: Ed Santos\/Acorda Cidade<\/figcaption><\/figure>\n<\/div>\n<p class=\"wp-block-paragraph\">Um ve\u00edculo utilit\u00e1rio pegou fogo na tarde desta sexta-feira (4), na Avenida Maria Quit\u00e9ria, pr\u00f3ximo ao cruzamento com a Rua Edelvira de Oliveira, em Feira de Santana. Apesar das chamas terem se alastrado pelo autom\u00f3vel, ningu\u00e9m se feriu.<\/p>\n<p class=\"wp-block-paragraph\">O inc\u00eandio ocorreu por volta das 16h e interrompeu temporariamente o tr\u00e2nsito no trecho afetado, com os demais ve\u00edculos tendo que desviar a rota por uma via transversal. Devido ao fogo, uma densa fuma\u00e7a preta se espalhou pela \u00e1rea. Uma viatura do Corpo de Bombeiros foi acionada e compareceu ao local para debelar as chamas.<\/p>\n<figure class=\"wp-block-image size-full\"><img fetchpriority=\"high\" decoding=\"async\" width=\"1200\" height=\"675\" src=\"http:\/\/noticiasbahia360.com.br\/wp-content\/uploads\/2026\/09\/Carro-pega-fogo-na-Maria-Quiteria-5.jpg\" alt=\"Carro pega fogo na Maria Quit\u00e9ria (5)\" class=\"wp-image-688191\" srcset=\"http:\/\/noticiasbahia360.com.br\/wp-content\/uploads\/2026\/09\/Carro-pega-fogo-na-Maria-Quiteria-5.jpg 1200w, https:\/\/uploads.acordacidade.com.br\/2026\/09\/Carro-pega-fogo-na-Maria-Quiteria-5-750x422.jpg 750w, https:\/\/uploads.acordacidade.com.br\/2026\/09\/Carro-pega-fogo-na-Maria-Quiteria-5-1000x563.jpg 1000w, https:\/\/uploads.acordacidade.com.br\/2026\/09\/Carro-pega-fogo-na-Maria-Quiteria-5-450x253.jpg 450w, https:\/\/uploads.acordacidade.com.br\/2026\/09\/Carro-pega-fogo-na-Maria-Quiteria-5-150x84.jpg 150w\" sizes=\"(max-width: 1200px) 100vw, 1200px\"><figcaption class=\"wp-element-caption\">Foto: Ed Santos\/Acorda Cidade<\/figcaption><\/figure>\n<p class=\"wp-block-paragraph\">Em entrevista ao portal Acorda Cidade, a propriet\u00e1ria da Toro, a vendedora Qu\u00e9sia Pinto, relatou, ainda em estado de choque, que vinha transitando pela Maria Quit\u00e9ria, ap\u00f3s ter sa\u00eddo de um estabelecimento de fast food na Avenida Get\u00falio Vargas.<\/p>\n<figure class=\"wp-block-image size-full\"><img decoding=\"async\" width=\"1200\" height=\"675\" src=\"http:\/\/noticiasbahia360.com.br\/wp-content\/uploads\/2026\/09\/Quesia-Pinto-proprietaria-da-Toro.jpg\" alt=\"Qu\u00e9sia Pinto propriet\u00e1ria da Toro que pegou na Maria Quit\u00e9ria\" class=\"wp-image-688196\" srcset=\"http:\/\/noticiasbahia360.com.br\/wp-content\/uploads\/2026\/09\/Quesia-Pinto-proprietaria-da-Toro.jpg 1200w, https:\/\/uploads.acordacidade.com.br\/2026\/09\/Quesia-Pinto-proprietaria-da-Toro-750x422.jpg 750w, https:\/\/uploads.acordacidade.com.br\/2026\/09\/Quesia-Pinto-proprietaria-da-Toro-1000x563.jpg 1000w, https:\/\/uploads.acordacidade.com.br\/2026\/09\/Quesia-Pinto-proprietaria-da-Toro-450x253.jpg 450w, https:\/\/uploads.acordacidade.com.br\/2026\/09\/Quesia-Pinto-proprietaria-da-Toro-150x84.jpg 150w\" sizes=\"(max-width: 1200px) 100vw, 1200px\"><figcaption class=\"wp-element-caption\">Foto: Ed Santos\/Acorda Cidade<\/figcaption><\/figure>\n<p class=\"wp-block-paragraph\">Ela contou que em determinado ponto da via, o carro come\u00e7ou a apresentar falhas e ela decidiu ligar o pisca alerta para sinalizar outros motoristas de que estava com problemas.<\/p>\n<p class=\"wp-block-paragraph\">\u201cEu vinha devagar com o pisca alerta ligado, para ver se chegava em minha casa, mas quando cheguei em frente \u00e0 farm\u00e1cia Pague Menos, o carro deu uma pequena explos\u00e3o e vi o fogo. Eu sai do carro para pedir ajudar, e dois rapazes vieram me ajudar. Eu estava sozinha quando ele pegou fogo\u201d, contou ao Acorda Cidade.<\/p>\n<figure class=\"wp-block-image size-full\"><img decoding=\"async\" width=\"1200\" height=\"900\" src=\"http:\/\/noticiasbahia360.com.br\/wp-content\/uploads\/2026\/09\/Carro-pega-fogo-na-Maria-Quiteria-1.jpg\" alt=\"Carro pega fogo na Maria Quit\u00e9ria \" class=\"wp-image-688190\" srcset=\"http:\/\/noticiasbahia360.com.br\/wp-content\/uploads\/2026\/09\/Carro-pega-fogo-na-Maria-Quiteria-1.jpg 1200w, https:\/\/uploads.acordacidade.com.br\/2026\/09\/Carro-pega-fogo-na-Maria-Quiteria-1-750x563.jpg 750w, https:\/\/uploads.acordacidade.com.br\/2026\/09\/Carro-pega-fogo-na-Maria-Quiteria-1-1000x750.jpg 1000w, https:\/\/uploads.acordacidade.com.br\/2026\/09\/Carro-pega-fogo-na-Maria-Quiteria-1-450x338.jpg 450w, https:\/\/uploads.acordacidade.com.br\/2026\/09\/Carro-pega-fogo-na-Maria-Quiteria-1-150x113.jpg 150w\" sizes=\"(max-width: 1200px) 100vw, 1200px\"><figcaption class=\"wp-element-caption\">Foto: Ed Santos\/ Acorda Cidade<\/figcaption><\/figure>\n<h2 id=\"h-incendio-sem-causa-aparente\" class=\"wp-block-heading\">Inc\u00eandio sem causa aparente<\/h2>\n<p class=\"wp-block-paragraph\">De acordo com a v\u00edtima, o ve\u00edculo estava com todas as manuten\u00e7\u00f5es em dias, bem como as parcelas do seguro e IPVA pagos.<\/p>\n<div id=\"gallery_6a9b2f2832068\" class=\"seox-gallery-block template-gallery-grid my-5\">\n<div class=\"g-col-12 grid gap-1\">\n\t\t\t\t\t<a data-fancybox=\"gallery_6a9b2f2832068\" data-caption=\"Foto: Ed Santos\/Acorda Cidade\" class=\"g-col-12 lg:g-col-6 d-flex w-100 h-auto no-styled position-relative seox-gallery-item gallery-image-688207\" href=\"https:\/\/uploads.acordacidade.com.br\/2026\/09\/Carro-pega-fogo-na-Maria-Quiteria-2.jpg\"><\/p>\n<figure class=\"wp-caption alignnone img-fluid\"><img loading=\"lazy\" decoding=\"async\" width=\"1200\" height=\"675\" src=\"http:\/\/noticiasbahia360.com.br\/wp-content\/uploads\/2026\/09\/Carro-pega-fogo-na-Maria-Quiteria-2-1000x563-1.jpg\" class=\"aspect-16x9 lg:aspect-4x3 w-100 h-auto fit-cover\" alt=\"Carro pega fogo na Maria Quit\u00e9ria\" title=\"Carro pega fogo na Maria Quit\u00e9ria\" srcset=\"http:\/\/noticiasbahia360.com.br\/wp-content\/uploads\/2026\/09\/Carro-pega-fogo-na-Maria-Quiteria-2-1000x563-1.jpg 1200w\" sizes=\"100vw\"><figcaption class=\"wp-caption-text\">Foto: Ed Santos\/Acorda Cidade<\/figcaption><\/figure>\n<p>\t\t\t<\/a><br \/>\n\t\t\t\t\t\t<a data-fancybox=\"gallery_6a9b2f2832068\" data-caption=\"Foto: Ed Santos\/Acorda Cidade\" class=\"g-col-12 lg:g-col-6 d-flex w-100 h-auto no-styled position-relative seox-gallery-item gallery-image-688204\" href=\"https:\/\/uploads.acordacidade.com.br\/2026\/09\/Carro-pega-fogo-na-Maria-Quiteria-4.jpg\"><\/p>\n<figure class=\"wp-caption alignnone img-fluid\"><img loading=\"lazy\" decoding=\"async\" width=\"1200\" height=\"675\" src=\"http:\/\/noticiasbahia360.com.br\/wp-content\/uploads\/2026\/09\/Carro-pega-fogo-na-Maria-Quiteria-4-1000x563-1.jpg\" class=\"aspect-16x9 lg:aspect-4x3 w-100 h-auto fit-cover\" alt=\"Carro pega fogo na Maria Quit\u00e9ria\" title=\"Carro pega fogo na Maria Quit\u00e9ria\" srcset=\"http:\/\/noticiasbahia360.com.br\/wp-content\/uploads\/2026\/09\/Carro-pega-fogo-na-Maria-Quiteria-4-1000x563-1.jpg 1200w\" sizes=\"100vw\"><figcaption class=\"wp-caption-text\">Foto: Ed Santos\/Acorda Cidade<\/figcaption><\/figure>\n<p>\t\t\t<\/a>\n\t\t\t\t<\/div>\n<\/div>\n<p class=\"wp-block-paragraph\">\u201cFiz a manuten\u00e7\u00e3o no final do ano passado, e iria fazer agora no final de 2026. Os pneus t\u00eam quatro meses que eu troquei. E na quinta-feira, eu lavei o carro e abasteci. Pelo que me disseram pode ter sido uma pane el\u00e9trica, foi do nada. \u00c9 um carro bem cuidado, particular, que s\u00f3 transita em Feira de Santana. Raramente viajamos com ele para Salvador ou outra cidade. Eu estava voltando da Get\u00falio Vargas para minha casa no bairro S\u00e3o Jo\u00e3o.\u201d<\/p>\n<p class=\"wp-block-paragraph\">Qu\u00e9sia Pinto acrescentou que apesar do susto agradece a Deus por estar viva. \u201cFoi perda total. Os bombeiros foram acionados, e a SMT. Chamei o seguro para retirar o carro da via e agora \u00e9 realizar os tr\u00e2mites legais. Gra\u00e7as a Deus estou viva, s\u00f3 o susto que fica e sem entender o que aconteceu com o carro.\u201d<\/p>\n<h2 id=\"h-veja-o-video\" class=\"wp-block-heading\">Veja o v\u00eddeo:<\/h2>\n<figure class=\"wp-block-embed is-type-video is-provider-youtube wp-block-embed-youtube wp-embed-aspect-9-16 wp-has-aspect-ratio\">\n<div class=\"wp-block-embed__wrapper\">\n<iframe class=\"aspect-9x16\" title=\"Carro pega fogo ap\u00f3s falha na Avenida Maria Quit\u00e9ria, em Feira de Santana; propriet\u00e1ria sai ilesa\" width=\"422\" height=\"750\" src=\"https:\/\/www.youtube.com\/embed\/Qz_nRrOEJPE?feature=oembed\" frameborder=\"0\" allow=\"accelerometer; autoplay; clipboard-write; encrypted-media; gyroscope; picture-in-picture; web-share\" referrerpolicy=\"strict-origin-when-cross-origin\" allowfullscreen><\/iframe>\n<\/div>\n<\/figure>\n<p class=\"wp-block-paragraph\"><em>Com informa\u00e7\u00f5es do rep\u00f3rter Ed Santos, do Acorda Cidade.<\/em><\/p>\n<p class=\"wp-block-paragraph\"><em>Siga o Acorda Cidade no\u00a0<\/em><a href=\"https:\/\/news.google.com\/search?q=acorda%20cidade&amp;hl=pt-BR&amp;gl=BR&amp;ceid=BR%3Apt-419\"><strong><em>Google Not\u00edcias<\/em><\/strong><\/a><em>\u00a0e receba os principais destaques do dia. Participe tamb\u00e9m dos nossos canais no\u00a0<\/em><a href=\"https:\/\/whatsapp.com\/channel\/0029Va6Rb4v3WHTNnsh8WI3N\"><strong><em>WhatsApp<\/em><\/strong><\/a><em>\u00a0e\u00a0<\/em><a href=\"https:\/\/www.youtube.com\/@acordacidadenoticias\/videos\"><strong>YouTube<\/strong><\/a><em>\u00a0e do grupo no\u00a0<\/em><a href=\"https:\/\/t.me\/+sSz0khrgARA0ZmRh\"><strong><em>Telegram<\/em><\/strong><\/a><em>.<\/em><\/p>\n<\/div>\n","protected":false},"excerpt":{"rendered":"<p>Foto: Ed Santos\/Acorda Cidade Um ve\u00edculo utilit\u00e1rio pegou fogo na tarde desta sexta-feira (4), na<\/p>\n","protected":false},"author":1,"featured_media":148914,"comment_status":"closed","ping_status":"closed","sticky":false,"template":"","format":"gallery","meta":{"footnotes":""},"categories":[8,9,6,57,56,10],"tags":[],"class_list":["post-148913","post","type-post","status-publish","format-gallery","has-post-thumbnail","hentry","category-bahia","category-brasil","category-feira-de-santana","category-mundo","category-policia","category-politica","post_format-post-format-gallery"],"featured_image_urls":{"full":["https:\/\/noticiasbahia360.com.br\/wp-content\/uploads\/2026\/09\/Carro-pega-fogo-na-Maria-Quiteria.jpg",1200,900,false],"thumbnail":["https:\/\/noticiasbahia360.com.br\/wp-content\/uploads\/2026\/09\/Carro-pega-fogo-na-Maria-Quiteria-150x150.jpg",150,150,true],"medium":["https:\/\/noticiasbahia360.com.br\/wp-content\/uploads\/2026\/09\/Carro-pega-fogo-na-Maria-Quiteria-300x225.jpg",300,225,true],"medium_large":["https:\/\/noticiasbahia360.com.br\/wp-content\/uploads\/2026\/09\/Carro-pega-fogo-na-Maria-Quiteria-768x576.jpg",640,480,true],"large":["https:\/\/noticiasbahia360.com.br\/wp-content\/uploads\/2026\/09\/Carro-pega-fogo-na-Maria-Quiteria-1024x768.jpg",640,480,true],"1536x1536":["https:\/\/noticiasbahia360.com.br\/wp-content\/uploads\/2026\/09\/Carro-pega-fogo-na-Maria-Quiteria.jpg",1200,900,false],"2048x2048":["https:\/\/noticiasbahia360.com.br\/wp-content\/uploads\/2026\/09\/Carro-pega-fogo-na-Maria-Quiteria.jpg",1200,900,false],"chromenews-featured":["https:\/\/noticiasbahia360.com.br\/wp-content\/uploads\/2026\/09\/Carro-pega-fogo-na-Maria-Quiteria-1024x768.jpg",1024,768,true],"chromenews-large":["https:\/\/noticiasbahia360.com.br\/wp-content\/uploads\/2026\/09\/Carro-pega-fogo-na-Maria-Quiteria-825x575.jpg",825,575,true],"chromenews-medium":["https:\/\/noticiasbahia360.com.br\/wp-content\/uploads\/2026\/09\/Carro-pega-fogo-na-Maria-Quiteria-590x410.jpg",590,410,true]},"author_info":{"display_name":"noticiasbahia360.com.br","author_link":"https:\/\/noticiasbahia360.com.br\/?author=1"},"category_info":"<a href=\"https:\/\/noticiasbahia360.com.br\/?cat=8\" rel=\"category\">Bahia<\/a> <a href=\"https:\/\/noticiasbahia360.com.br\/?cat=9\" rel=\"category\">Brasil<\/a> <a href=\"https:\/\/noticiasbahia360.com.br\/?cat=6\" rel=\"category\">Feira de Santana<\/a> <a href=\"https:\/\/noticiasbahia360.com.br\/?cat=57\" rel=\"category\">Mundo<\/a> <a href=\"https:\/\/noticiasbahia360.com.br\/?cat=56\" rel=\"category\">Pol\u00edcia<\/a> <a href=\"https:\/\/noticiasbahia360.com.br\/?cat=10\" rel=\"category\">Pol\u00edtica<\/a>","tag_info":"Pol\u00edtica","comment_count":"0","_links":{"self":[{"href":"https:\/\/noticiasbahia360.com.br\/index.php?rest_route=\/wp\/v2\/posts\/148913","targetHints":{"allow":["GET"]}}],"collection":[{"href":"https:\/\/noticiasbahia360.com.br\/index.php?rest_route=\/wp\/v2\/posts"}],"about":[{"href":"https:\/\/noticiasbahia360.com.br\/index.php?rest_route=\/wp\/v2\/types\/post"}],"author":[{"embeddable":true,"href":"https:\/\/noticiasbahia360.com.br\/index.php?rest_route=\/wp\/v2\/users\/1"}],"replies":[{"embeddable":true,"href":"https:\/\/noticiasbahia360.com.br\/index.php?rest_route=%2Fwp%2Fv2%2Fcomments&post=148913"}],"version-history":[{"count":0,"href":"https:\/\/noticiasbahia360.com.br\/index.php?rest_route=\/wp\/v2\/posts\/148913\/revisions"}],"wp:featuredmedia":[{"embeddable":true,"href":"https:\/\/noticiasbahia360.com.br\/index.php?rest_route=\/wp\/v2\/media\/148914"}],"wp:attachment":[{"href":"https:\/\/noticiasbahia360.com.br\/index.php?rest_route=%2Fwp%2Fv2%2Fmedia&parent=148913"}],"wp:term":[{"taxonomy":"category","embeddable":true,"href":"https:\/\/noticiasbahia360.com.br\/index.php?rest_route=%2Fwp%2Fv2%2Fcategories&post=148913"},{"taxonomy":"post_tag","embeddable":true,"href":"https:\/\/noticiasbahia360.com.br\/index.php?rest_route=%2Fwp%2Fv2%2Ftags&post=148913"}],"curies":[{"name":"wp","href":"https:\/\/api.w.org\/{rel}","templated":true}]}}