{"id":148922,"date":"2026-09-04T18:00:39","date_gmt":"2026-09-04T21:00:39","guid":{"rendered":"https:\/\/noticiasbahia360.com.br\/?p=148922"},"modified":"2026-09-04T18:00:39","modified_gmt":"2026-09-04T21:00:39","slug":"salvador-recebe-23a-parada-do-orgulho-lgbt-neste-domingo-com-13-trios","status":"publish","type":"post","link":"https:\/\/noticiasbahia360.com.br\/?p=148922","title":{"rendered":"Salvador recebe 23\u00aa Parada do Orgulho LGBT+ neste domingo com 13 trios"},"content":{"rendered":"<div>\n<div>\n<figure><img decoding=\"async\" src=\"http:\/\/noticiasbahia360.com.br\/wp-content\/uploads\/2026\/09\/parada-orgulho-lgbt-1-1.jpg\" alt=\"parada do orgulho lgbt\"><figcaption>Foto: Genilson Coutinho)<\/figcaption><\/figure>\n<\/div>\n<p class=\"wp-block-paragraph\">Salvador recebe, no dia 6 de setembro, a 23\u00aa Parada do Orgulho LGBT+ Bahia, realizada na v\u00e9spera do feriado da Independ\u00eancia do Brasil. Organizado pelo Grupo Gay da Bahia (GGB), o evento ter\u00e1 concentra\u00e7\u00e3o a partir das 12h, no Farol da Barra, e sa\u00edda dos trios el\u00e9tricos \u00e0s 15h, seguindo pelo tradicional circuito Barra\/Ondina. A programa\u00e7\u00e3o re\u00fane apresenta\u00e7\u00f5es art\u00edsticas, shows musicais, homenagens e manifesta\u00e7\u00f5es em defesa dos direitos da popula\u00e7\u00e3o LGBTQIAPN+, em um dos maiores atos p\u00fablicos de direitos humanos, sa\u00fade coletiva e diversidade do Norte e Nordeste.<\/p>\n<p class=\"wp-block-paragraph\">Com o tema \u201cVergonha adoece. Orgulho cura!\u201d, a edi\u00e7\u00e3o de 2026 prop\u00f5e uma reflex\u00e3o sobre os impactos da vergonha, do estigma e da discrimina\u00e7\u00e3o na sa\u00fade da popula\u00e7\u00e3o LGBTQIAPN+. Para o GGB, a ideia de que o \u201carm\u00e1rio\u201d protege precisa ser confrontada. O isolamento provocado pelo preconceito pode produzir sofrimento e afastamento dos espa\u00e7os de conviv\u00eancia e cidadania. Nesse sentido, a Parada transforma a ocupa\u00e7\u00e3o das ruas em uma afirma\u00e7\u00e3o coletiva de dignidade, visibilidade e direito \u00e0 sa\u00fade.<\/p>\n<p class=\"wp-block-paragraph\">A diversidade musical tamb\u00e9m aposta na mistura de ritmos que traduz a alma de Salvador. A MPB, a m\u00fasica eletr\u00f4nica e o samba de terreiro ganham destaque no Palco da Diversidade \u2013 Luiz Mott, 80 Anos de Mem\u00f3ria e Insurg\u00eancia, criando uma trilha sonora plural que re\u00fane gera\u00e7\u00f5es e express\u00f5es culturais.<\/p>\n<p class=\"wp-block-paragraph\">A programa\u00e7\u00e3o come\u00e7a \u00e0s 11h, no Farol da Barra, com o Palco da Diversidade, que homenageia o antrop\u00f3logo e fundador do GGB, que completa 80 anos. O espa\u00e7o receber\u00e1 apresenta\u00e7\u00f5es de artistas drags, com apresenta\u00e7\u00e3o de Scarleth Sangalo, Michelle Loren e Jocimar Ramos, al\u00e9m de performances de nomes como Vanusa Alves, Suzy BabyDoll, Jefter Brown, Saphyra Luz, Sissy Zeta Jones, Dicca Rios, Gilvan Oliveira, Aloma Divina e Joanne Labixa, al\u00e9m do grupo de baianas da Associa\u00e7\u00e3o Nacional das Baianas de Acaraj\u00e9 (Abam).<\/p>\n<p class=\"wp-block-paragraph\">A partir das 15h, a programa\u00e7\u00e3o musical segue com shows no palco. A cantora Sylvia Patricia se apresenta \u00e0s 15h, seguida pelos DJs Moon Boy e Dubai e os Habibis, \u00e0s 17h, e pela banda Or\u00edsun, \u00e0s 19h. As apresenta\u00e7\u00f5es integram a programa\u00e7\u00e3o cultural que antecede e acompanha o cortejo dos trios el\u00e9tricos, ampliando o espa\u00e7o de celebra\u00e7\u00e3o da diversidade e de valoriza\u00e7\u00e3o da produ\u00e7\u00e3o art\u00edstica.<\/p>\n<h2 id=\"h-padrinhos-da-23\u00aa-edicao\" class=\"wp-block-heading\">Padrinhos da 23\u00aa edi\u00e7\u00e3o<\/h2>\n<p class=\"wp-block-paragraph\">A 23\u00aa Parada do Orgulho LGBT+ Bahia ter\u00e1 como padrinhos de honra o antrop\u00f3logo Luiz Roberto de Barros Mott e a cordelista e professora da Universidade Federal da Bahia (UFBA) Salete Maria. A escolha re\u00fane duas trajet\u00f3rias distintas, mas ligadas \u00e0 defesa da diversidade, da cultura e dos direitos da popula\u00e7\u00e3o LGBTQIAPN+.<\/p>\n<p class=\"wp-block-paragraph\">Fundador do Grupo Gay da Bahia, criado em 1980, Luiz Mott \u00e9 uma das principais refer\u00eancias hist\u00f3ricas da luta contra a LGBTfobia no Brasil. J\u00e1 Salete Maria \u00e9 reconhecida pela atua\u00e7\u00e3o como cordelista, professora e pesquisadora, utilizando a literatura de cordel como instrumento de reflex\u00e3o social e enfrentamento \u00e0s desigualdades. A homenagem aos dois sintetiza a proposta da edi\u00e7\u00e3o, aproximando mem\u00f3ria, ci\u00eancia, cultura popular e resist\u00eancia.<\/p>\n<h2 id=\"h-parada-movimenta-cultura-turismo-e-economia\" class=\"wp-block-heading\">Parada movimenta cultura, turismo e economia<\/h2>\n<p class=\"wp-block-paragraph\">Al\u00e9m da dimens\u00e3o pol\u00edtica e cultural, a Parada do Orgulho LGBT+ Bahia possui impacto significativo na economia e no turismo de Salvador. Pesquisa de demanda tur\u00edstica realizada pela Secretaria de Turismo do Estado da Bahia (Setur) durante a 17\u00aa edi\u00e7\u00e3o registrou gasto m\u00e9dio individual de R$ 940,56 por participante, perman\u00eancia m\u00e9dia de 5,5 pernoites na capital baiana e \u00edndice de aprova\u00e7\u00e3o de 83,3% entre os participantes que afirmaram que voltariam a participar do evento.<\/p>\n<p class=\"wp-block-paragraph\">Para a edi\u00e7\u00e3o de 2026, estimativas do GGB apontam uma movimenta\u00e7\u00e3o m\u00ednima de R$ 18 milh\u00f5es na economia de Salvador em um \u00fanico dia, considerando os gastos relacionados \u00e0 presen\u00e7a do p\u00fablico na cidade. O evento, portanto, tamb\u00e9m se consolida como importante atra\u00e7\u00e3o do calend\u00e1rio cultural e tur\u00edstico da capital baiana.<\/p>\n<h2 id=\"h-cortejo-reune-13-trios-eletricos\" class=\"wp-block-heading\">Cortejo re\u00fane 13 trios el\u00e9tricos<\/h2>\n<p class=\"wp-block-paragraph\">A concentra\u00e7\u00e3o para o desfile ser\u00e1 realizada a partir das 12h, no Farol da Barra. A sa\u00edda oficial dos trios est\u00e1 marcada para \u00e0s 15h, quando o cortejo percorrer\u00e1 o circuito Barra\/Ondina. Ao todo, 13 trios el\u00e9tricos integram a programa\u00e7\u00e3o, reunindo artistas, movimentos sociais, torcidas organizadas e entidades da sociedade civil.<\/p>\n<p class=\"wp-block-paragraph\">O trio do GGB contar\u00e1 com a presen\u00e7a dos padrinhos Luiz Mott e Salete Maria, al\u00e9m dos DJs Prettin D\u2019Kingo e Binho Gomez no comando do som. Allyssa Anjos interpretar\u00e1 o Hino Nacional na abertura do desfile e Denny Santanna o Hino ao Dois de Julho.<\/p>\n<p class=\"wp-block-paragraph\">Realizada pelo Grupo Gay da Bahia, a 23\u00aa Parada do Orgulho LGBT+ Bahia conta com patroc\u00ednio do Estado da Bahia, Prefeitura de Salvador, C\u00e2mara de Com\u00e9rcio e Turismo LGBT do Brasil, InterPride, ILGA World, Zoom Cruising Bar e i9Fans.<\/p>\n<h2 id=\"h-confira-a-programacao\" class=\"wp-block-heading\">Confira a programa\u00e7\u00e3o<\/h2>\n<p class=\"wp-block-paragraph\"><strong>Palco da Diversidade \u2013 Luiz Mott, 80 Anos de Mem\u00f3ria e Insurg\u00eancia<\/strong><\/p>\n<p class=\"wp-block-paragraph\"><strong>Local:<\/strong> Farol da Barra<br \/><strong>Apresenta\u00e7\u00f5es:<\/strong> 11h \u00e0s 15h<br \/><strong>Apresentadores:<\/strong> Scarleth Sangalo, Michelle Loren e Jocimar Ramos<\/p>\n<p class=\"wp-block-paragraph\"><strong>Performances:<\/strong><br \/>Artistas drags Vanusa Alves; Suzy BabyDoll; Jefter Brown; Saphyra Luz; Sissy Zeta Jones; Dicca Rios; Gilvan Oliveira; Aloma Divina e Joanne Labixa<\/p>\n<p class=\"wp-block-paragraph\"><strong>Shows:<\/strong><br \/>15h \u2013 Sylvia Patricia<br \/>17h \u2013 DJs Moon Boy e Dubai e os Habibis<br \/>19h \u2013 Banda Or\u00edsun<\/p>\n<p class=\"wp-block-paragraph\"><strong>Desfile de trios<\/strong><\/p>\n<p class=\"wp-block-paragraph\"><strong>Concentra\u00e7\u00e3o:<\/strong> 12h, no Farol da Barra<br \/><strong>Sa\u00edda:<\/strong> 15h<br \/><strong>Circuito:<\/strong> Barra\/Ondina<\/p>\n<p class=\"wp-block-paragraph\"><strong>Trios el\u00e9tricos:<\/strong><\/p>\n<ul class=\"wp-block-list\">\n<li>Trio Drag\u00e3o \u2013 GGB<\/li>\n<li>Trio Twister Space \u2013 Trio da Diversidade<\/li>\n<li>Trio Ax\u00e9 \u2013 Dend\u00ea Esporte Clube<\/li>\n<li>Trio Iran Lima \u2013 Dion Santiago<\/li>\n<li>Trio Conex\u00e3o Master \u2013 A Dama do Pagode<\/li>\n<li>Trio Magia \u2013 Trio Movimentar<\/li>\n<li>Trio Embaixador \u2013 Torcida LGBTricolor<\/li>\n<li>Trio Conex\u00e3o \u2013 Torcida Orgulho Rubro Negro<\/li>\n<li>Trio Jos \u2013 F\u00f3rum Baiano LGBT<\/li>\n<li>Trio Independente \u2013 Chocolate Batid\u00e3o<\/li>\n<li>Trio Independente \u2013 Mudan\u00e7a do Garcia<\/li>\n<li>Trio Independente<\/li>\n<li>Trio RG<\/li>\n<\/ul>\n<h2 id=\"h-servico\" class=\"wp-block-heading\">Servi\u00e7o<\/h2>\n<p class=\"wp-block-paragraph\"><strong>23\u00aa Parada do Orgulho LGBT+ Bahia<\/strong><\/p>\n<p class=\"wp-block-paragraph\"><strong>Data:<\/strong> 6 de setembro de 2026 (domingo)<br \/><strong>Hor\u00e1rio:<\/strong> 12h (concentra\u00e7\u00e3o) \/ 15h (desfile dos trios)<br \/><strong>Local:<\/strong> Circuito Barra\/Ondina, Salvador<br \/><strong>Realiza\u00e7\u00e3o:<\/strong> Grupo Gay da Bahia (GGB)<br \/><strong>Patroc\u00ednio:<\/strong> Estado da Bahia, Prefeitura de Salvador, C\u00e2mara de Com\u00e9rcio e Turismo LGBT do Brasil, InterPride, ILGA World, Zoom Cruising Bar e i9Fans<\/p>\n<p class=\"wp-block-paragraph\"><em>Siga o Acorda Cidade no\u00a0<\/em><a href=\"https:\/\/news.google.com\/search?q=acorda%20cidade&amp;hl=pt-BR&amp;gl=BR&amp;ceid=BR%3Apt-419\"><strong><em>Google Not\u00edcias<\/em><\/strong><\/a><em>\u00a0e receba os principais destaques do dia. Participe tamb\u00e9m dos nossos canais no\u00a0<\/em><a href=\"https:\/\/www.whatsapp.com\/channel\/0029Va6Rb4v3WHTNnsh8WI3N\"><strong><em>WhatsApp<\/em><\/strong><\/a><em>\u00a0e\u00a0<\/em><a href=\"https:\/\/www.youtube.com\/@acordacidadenoticias\/videos\"><strong>YouTube<\/strong><\/a><em>\u00a0e do grupo no\u00a0<\/em><a href=\"https:\/\/t.me\/+sSz0khrgARA0ZmRh\"><strong><em>Telegram<\/em><\/strong><\/a><em>.<\/em><\/p>\n<\/div>\n","protected":false},"excerpt":{"rendered":"<p>Foto: Genilson Coutinho) Salvador recebe, no dia 6 de setembro, a 23\u00aa Parada do Orgulho<\/p>\n","protected":false},"author":1,"featured_media":148923,"comment_status":"closed","ping_status":"closed","sticky":false,"template":"","format":"gallery","meta":{"footnotes":""},"categories":[8,9,6,57,56,10],"tags":[],"class_list":["post-148922","post","type-post","status-publish","format-gallery","has-post-thumbnail","hentry","category-bahia","category-brasil","category-feira-de-santana","category-mundo","category-policia","category-politica","post_format-post-format-gallery"],"featured_image_urls":{"full":["https:\/\/noticiasbahia360.com.br\/wp-content\/uploads\/2026\/09\/parada-orgulho-lgbt-1-1.jpg",1200,794,false],"thumbnail":["https:\/\/noticiasbahia360.com.br\/wp-content\/uploads\/2026\/09\/parada-orgulho-lgbt-1-1-150x150.jpg",150,150,true],"medium":["https:\/\/noticiasbahia360.com.br\/wp-content\/uploads\/2026\/09\/parada-orgulho-lgbt-1-1-300x199.jpg",300,199,true],"medium_large":["https:\/\/noticiasbahia360.com.br\/wp-content\/uploads\/2026\/09\/parada-orgulho-lgbt-1-1-768x508.jpg",640,423,true],"large":["https:\/\/noticiasbahia360.com.br\/wp-content\/uploads\/2026\/09\/parada-orgulho-lgbt-1-1-1024x678.jpg",640,424,true],"1536x1536":["https:\/\/noticiasbahia360.com.br\/wp-content\/uploads\/2026\/09\/parada-orgulho-lgbt-1-1.jpg",1200,794,false],"2048x2048":["https:\/\/noticiasbahia360.com.br\/wp-content\/uploads\/2026\/09\/parada-orgulho-lgbt-1-1.jpg",1200,794,false],"chromenews-featured":["https:\/\/noticiasbahia360.com.br\/wp-content\/uploads\/2026\/09\/parada-orgulho-lgbt-1-1-1024x678.jpg",1024,678,true],"chromenews-large":["https:\/\/noticiasbahia360.com.br\/wp-content\/uploads\/2026\/09\/parada-orgulho-lgbt-1-1-825x575.jpg",825,575,true],"chromenews-medium":["https:\/\/noticiasbahia360.com.br\/wp-content\/uploads\/2026\/09\/parada-orgulho-lgbt-1-1-590x410.jpg",590,410,true]},"author_info":{"display_name":"noticiasbahia360.com.br","author_link":"https:\/\/noticiasbahia360.com.br\/?author=1"},"category_info":"<a href=\"https:\/\/noticiasbahia360.com.br\/?cat=8\" rel=\"category\">Bahia<\/a> <a href=\"https:\/\/noticiasbahia360.com.br\/?cat=9\" rel=\"category\">Brasil<\/a> <a href=\"https:\/\/noticiasbahia360.com.br\/?cat=6\" rel=\"category\">Feira de Santana<\/a> <a href=\"https:\/\/noticiasbahia360.com.br\/?cat=57\" rel=\"category\">Mundo<\/a> <a href=\"https:\/\/noticiasbahia360.com.br\/?cat=56\" rel=\"category\">Pol\u00edcia<\/a> <a href=\"https:\/\/noticiasbahia360.com.br\/?cat=10\" rel=\"category\">Pol\u00edtica<\/a>","tag_info":"Pol\u00edtica","comment_count":"0","_links":{"self":[{"href":"https:\/\/noticiasbahia360.com.br\/index.php?rest_route=\/wp\/v2\/posts\/148922","targetHints":{"allow":["GET"]}}],"collection":[{"href":"https:\/\/noticiasbahia360.com.br\/index.php?rest_route=\/wp\/v2\/posts"}],"about":[{"href":"https:\/\/noticiasbahia360.com.br\/index.php?rest_route=\/wp\/v2\/types\/post"}],"author":[{"embeddable":true,"href":"https:\/\/noticiasbahia360.com.br\/index.php?rest_route=\/wp\/v2\/users\/1"}],"replies":[{"embeddable":true,"href":"https:\/\/noticiasbahia360.com.br\/index.php?rest_route=%2Fwp%2Fv2%2Fcomments&post=148922"}],"version-history":[{"count":0,"href":"https:\/\/noticiasbahia360.com.br\/index.php?rest_route=\/wp\/v2\/posts\/148922\/revisions"}],"wp:featuredmedia":[{"embeddable":true,"href":"https:\/\/noticiasbahia360.com.br\/index.php?rest_route=\/wp\/v2\/media\/148923"}],"wp:attachment":[{"href":"https:\/\/noticiasbahia360.com.br\/index.php?rest_route=%2Fwp%2Fv2%2Fmedia&parent=148922"}],"wp:term":[{"taxonomy":"category","embeddable":true,"href":"https:\/\/noticiasbahia360.com.br\/index.php?rest_route=%2Fwp%2Fv2%2Fcategories&post=148922"},{"taxonomy":"post_tag","embeddable":true,"href":"https:\/\/noticiasbahia360.com.br\/index.php?rest_route=%2Fwp%2Fv2%2Ftags&post=148922"}],"curies":[{"name":"wp","href":"https:\/\/api.w.org\/{rel}","templated":true}]}}