{"id":148924,"date":"2026-09-04T18:00:41","date_gmt":"2026-09-04T21:00:41","guid":{"rendered":"https:\/\/noticiasbahia360.com.br\/?p=148924"},"modified":"2026-09-04T18:00:41","modified_gmt":"2026-09-04T21:00:41","slug":"expofeira-tera-dias-de-sol-em-feira-de-santana-mas-domingo-exige-atencao-a-radiacao","status":"publish","type":"post","link":"https:\/\/noticiasbahia360.com.br\/?p=148924","title":{"rendered":"Expofeira ter\u00e1 dias de sol em Feira de Santana, mas domingo exige aten\u00e7\u00e3o \u00e0 radia\u00e7\u00e3o"},"content":{"rendered":"<div>\n<div>\n<figure><img decoding=\"async\" src=\"http:\/\/noticiasbahia360.com.br\/wp-content\/uploads\/2026\/09\/Lagoa-Grande-Feira-de-Santana-Foto-Kaio-Vinicius-Acorda-Cidade-588589-020926.jpg\" alt=\"Lagoa Grande\"><figcaption>Foto: Kaio Vin\u00edcius\/ Acorda Cidade<\/figcaption><\/figure>\n<\/div>\n<p class=\"wp-block-paragraph\">O sol vai aparecer, entre nuvens, durante seis dias da 47\u00aa Expofeira, que acontece de 6 a 13. Apenas est\u00e1 prevista chuva na regi\u00e3o de Feira de Santana na quinta-feira , 2,2 mil\u00edmetros , e na sexta-feira com\u00a01,8 mil\u00edmetros. Feriad\u00e3o ser\u00e1 de sol.<\/p>\n<p class=\"wp-block-paragraph\">Na pr\u00f3xima semana, a temperatura m\u00ednima no Parque de Exposi\u00e7\u00e3o Jo\u00e3o Martins da Silva ser\u00e1 de 18\u00baC e a m\u00e1xima dever\u00e1 atingir 31\u00baC, no domingo. Mas, como \u00e9 aberto, a sensa\u00e7\u00e3o t\u00e9rmica, principalmente \u00e0 noite, devido \u00e0 a\u00e7\u00e3o do vento, dever\u00e1 ser fria.<\/p>\n<p class=\"wp-block-paragraph\">Os visitantes da Expofeira dever\u00e3o estar atentos \u00e0 intensidade dos raios do sol, principalmente no domingo, quando est\u00e1 previsto \u00edndice de radia\u00e7\u00e3o extremo, que \u00e9 prejudicial \u00e0 <a href=\"https:\/\/www.acordacidade.com.br\/tag\/acao-de-saude\/\" data-type=\"post_tag\" data-id=\"21285\">sa\u00fade<\/a> quando h\u00e1 exposi\u00e7\u00e3o em demasia, principalmente entre as 10h e as 16h.<\/p>\n<p class=\"wp-block-paragraph\">Tradicionalmente, no domingo, o Parque de Exposi\u00e7\u00e3o recebe grande quantidade de visitantes, principalmente crian\u00e7as, que dever\u00e3o ter a pele coberta com protetor solar, usar roupas leves, \u00f3culos com prote\u00e7\u00e3o contra UV e chap\u00e9u com abas largas.<\/p>\n<p class=\"wp-block-paragraph\">No s\u00e1bado, o sol vai aparecer com muitas nuvens durante o dia e per\u00edodos de c\u00e9u nublado. A noite ser\u00e1 com poucas nuvens.<\/p>\n<p class=\"wp-block-paragraph\"><em>As informa\u00e7\u00f5es s\u00e3o da Secretaria Municipal de Comunica\u00e7\u00e3o Social (Secom)<\/em><\/p>\n<p class=\"wp-block-paragraph\"><em>Siga o Acorda Cidade no\u00a0<\/em><a href=\"https:\/\/news.google.com\/search?q=acorda%20cidade&amp;hl=pt-BR&amp;gl=BR&amp;ceid=BR%3Apt-419\"><strong><em>Google Not\u00edcias<\/em><\/strong><\/a><em>\u00a0e receba os principais destaques do dia. Participe tamb\u00e9m dos nossos canais no\u00a0<\/em><a href=\"https:\/\/www.whatsapp.com\/channel\/0029Va6Rb4v3WHTNnsh8WI3N\"><strong><em>WhatsApp<\/em><\/strong><\/a><em>\u00a0e\u00a0<\/em><a href=\"https:\/\/www.youtube.com\/@acordacidadenoticias\/videos\"><strong>YouTube<\/strong><\/a><em>\u00a0e do grupo no\u00a0<\/em><a href=\"https:\/\/t.me\/+sSz0khrgARA0ZmRh\"><strong><em>Telegram<\/em><\/strong><\/a><em>.<\/em><\/p>\n<\/div>\n","protected":false},"excerpt":{"rendered":"<p>Foto: Kaio Vin\u00edcius\/ Acorda Cidade O sol vai aparecer, entre nuvens, durante seis dias da<\/p>\n","protected":false},"author":1,"featured_media":148925,"comment_status":"closed","ping_status":"closed","sticky":false,"template":"","format":"gallery","meta":{"footnotes":""},"categories":[8,9,6,57,56,10],"tags":[],"class_list":["post-148924","post","type-post","status-publish","format-gallery","has-post-thumbnail","hentry","category-bahia","category-brasil","category-feira-de-santana","category-mundo","category-policia","category-politica","post_format-post-format-gallery"],"featured_image_urls":{"full":["https:\/\/noticiasbahia360.com.br\/wp-content\/uploads\/2026\/09\/Lagoa-Grande-Feira-de-Santana-Foto-Kaio-Vinicius-Acorda-Cidade-588589-020926.jpg",1300,731,false],"thumbnail":["https:\/\/noticiasbahia360.com.br\/wp-content\/uploads\/2026\/09\/Lagoa-Grande-Feira-de-Santana-Foto-Kaio-Vinicius-Acorda-Cidade-588589-020926-150x150.jpg",150,150,true],"medium":["https:\/\/noticiasbahia360.com.br\/wp-content\/uploads\/2026\/09\/Lagoa-Grande-Feira-de-Santana-Foto-Kaio-Vinicius-Acorda-Cidade-588589-020926-300x169.jpg",300,169,true],"medium_large":["https:\/\/noticiasbahia360.com.br\/wp-content\/uploads\/2026\/09\/Lagoa-Grande-Feira-de-Santana-Foto-Kaio-Vinicius-Acorda-Cidade-588589-020926-768x432.jpg",640,360,true],"large":["https:\/\/noticiasbahia360.com.br\/wp-content\/uploads\/2026\/09\/Lagoa-Grande-Feira-de-Santana-Foto-Kaio-Vinicius-Acorda-Cidade-588589-020926-1024x576.jpg",640,360,true],"1536x1536":["https:\/\/noticiasbahia360.com.br\/wp-content\/uploads\/2026\/09\/Lagoa-Grande-Feira-de-Santana-Foto-Kaio-Vinicius-Acorda-Cidade-588589-020926.jpg",1300,731,false],"2048x2048":["https:\/\/noticiasbahia360.com.br\/wp-content\/uploads\/2026\/09\/Lagoa-Grande-Feira-de-Santana-Foto-Kaio-Vinicius-Acorda-Cidade-588589-020926.jpg",1300,731,false],"chromenews-featured":["https:\/\/noticiasbahia360.com.br\/wp-content\/uploads\/2026\/09\/Lagoa-Grande-Feira-de-Santana-Foto-Kaio-Vinicius-Acorda-Cidade-588589-020926-1024x576.jpg",1024,576,true],"chromenews-large":["https:\/\/noticiasbahia360.com.br\/wp-content\/uploads\/2026\/09\/Lagoa-Grande-Feira-de-Santana-Foto-Kaio-Vinicius-Acorda-Cidade-588589-020926-825x575.jpg",825,575,true],"chromenews-medium":["https:\/\/noticiasbahia360.com.br\/wp-content\/uploads\/2026\/09\/Lagoa-Grande-Feira-de-Santana-Foto-Kaio-Vinicius-Acorda-Cidade-588589-020926-590x410.jpg",590,410,true]},"author_info":{"display_name":"noticiasbahia360.com.br","author_link":"https:\/\/noticiasbahia360.com.br\/?author=1"},"category_info":"<a href=\"https:\/\/noticiasbahia360.com.br\/?cat=8\" rel=\"category\">Bahia<\/a> <a href=\"https:\/\/noticiasbahia360.com.br\/?cat=9\" rel=\"category\">Brasil<\/a> <a href=\"https:\/\/noticiasbahia360.com.br\/?cat=6\" rel=\"category\">Feira de Santana<\/a> <a href=\"https:\/\/noticiasbahia360.com.br\/?cat=57\" rel=\"category\">Mundo<\/a> <a href=\"https:\/\/noticiasbahia360.com.br\/?cat=56\" rel=\"category\">Pol\u00edcia<\/a> <a href=\"https:\/\/noticiasbahia360.com.br\/?cat=10\" rel=\"category\">Pol\u00edtica<\/a>","tag_info":"Pol\u00edtica","comment_count":"0","_links":{"self":[{"href":"https:\/\/noticiasbahia360.com.br\/index.php?rest_route=\/wp\/v2\/posts\/148924","targetHints":{"allow":["GET"]}}],"collection":[{"href":"https:\/\/noticiasbahia360.com.br\/index.php?rest_route=\/wp\/v2\/posts"}],"about":[{"href":"https:\/\/noticiasbahia360.com.br\/index.php?rest_route=\/wp\/v2\/types\/post"}],"author":[{"embeddable":true,"href":"https:\/\/noticiasbahia360.com.br\/index.php?rest_route=\/wp\/v2\/users\/1"}],"replies":[{"embeddable":true,"href":"https:\/\/noticiasbahia360.com.br\/index.php?rest_route=%2Fwp%2Fv2%2Fcomments&post=148924"}],"version-history":[{"count":0,"href":"https:\/\/noticiasbahia360.com.br\/index.php?rest_route=\/wp\/v2\/posts\/148924\/revisions"}],"wp:featuredmedia":[{"embeddable":true,"href":"https:\/\/noticiasbahia360.com.br\/index.php?rest_route=\/wp\/v2\/media\/148925"}],"wp:attachment":[{"href":"https:\/\/noticiasbahia360.com.br\/index.php?rest_route=%2Fwp%2Fv2%2Fmedia&parent=148924"}],"wp:term":[{"taxonomy":"category","embeddable":true,"href":"https:\/\/noticiasbahia360.com.br\/index.php?rest_route=%2Fwp%2Fv2%2Fcategories&post=148924"},{"taxonomy":"post_tag","embeddable":true,"href":"https:\/\/noticiasbahia360.com.br\/index.php?rest_route=%2Fwp%2Fv2%2Ftags&post=148924"}],"curies":[{"name":"wp","href":"https:\/\/api.w.org\/{rel}","templated":true}]}}