{"id":148926,"date":"2026-09-04T18:00:42","date_gmt":"2026-09-04T21:00:42","guid":{"rendered":"https:\/\/noticiasbahia360.com.br\/?p=148926"},"modified":"2026-09-04T18:00:42","modified_gmt":"2026-09-04T21:00:42","slug":"expofeira-tera-acesso-exclusivo-para-aplicativos-taxis-e-mototaxis-smt-prepara-mais-de-4-mil-vagas","status":"publish","type":"post","link":"https:\/\/noticiasbahia360.com.br\/?p=148926","title":{"rendered":"Expofeira ter\u00e1 acesso exclusivo para aplicativos, t\u00e1xis e motot\u00e1xis; SMT prepara mais de 4 mil vagas"},"content":{"rendered":"<div>\n<div>\n<figure><img decoding=\"async\" src=\"http:\/\/noticiasbahia360.com.br\/wp-content\/uploads\/2026\/09\/SMT-organiza-estrutura-especifica-para-aplicativos-taxis-Expofeira-foto-Danilo-Guerra-2.jpg\" alt=\"Expofeira ter\u00e1 acesso exclusivo para aplicativos, t\u00e1xis e motot\u00e1xis; SMT prepara mais de 4 mil vagas\"><figcaption>Foto: Danilo Guerra<\/figcaption><\/figure>\n<\/div>\n<p class=\"wp-block-paragraph\">Motoristas de aplicativo que v\u00e3o trabalhar durante a 47\u00aa Expofeira, em Feira de Santana,<br \/>ter\u00e3o uma estrutura espec\u00edfica para circula\u00e7\u00e3o e atendimento aos passageiros no entorno<br \/>do Parque de Exposi\u00e7\u00e3o Jo\u00e3o Martins da Silva. A medida faz parte da opera\u00e7\u00e3o especial<br \/>preparada pela Superintend\u00eancia Municipal de Tr\u00e2nsito (SMT) para o evento, que<br \/>come\u00e7a neste domingo (6) e segue at\u00e9 13 de setembro.<\/p>\n<p class=\"wp-block-paragraph\">\u201cA estrutura conta com 3 estacionamentos. O acesso a todos eles ser\u00e3o exclusivamente<br \/>pela avenida Noide Cerqueira. No terceiro, haver\u00e1 uma entrada exclusiva para ve\u00edculos<br \/>de transporte por aplicativo, t\u00e1xis e motot\u00e1xis, com circula\u00e7\u00e3o diferenciada dos demais<br \/>ve\u00edculos. A estrutura busca facilitar o embarque e desembarque de passageiros e evitar<br \/>conflitos com o fluxo dos carros particulares. A sa\u00edda dessa \u00e1rea ser\u00e1 direcionada para a<br \/>BR-324\u201d, explicou o Superintendente de Tr\u00e2nsito Ricardo Cunha.<\/p>\n<p class=\"wp-block-paragraph\">A medida \u00e9 fruto do di\u00e1logo permanente e atende a uma reivindica\u00e7\u00e3o da categoria e foi<br \/>destacada pela presidente do Sindicato dos Condutores Aut\u00f4nomos de Aplicativos da<br \/>Bahia (Sincaap\/BA), Katia Silene da Silva, que reconheceu o empenho da SMT na<br \/>organiza\u00e7\u00e3o do transporte durante o evento.<\/p>\n<figure class=\"wp-block-image size-full\"><img fetchpriority=\"high\" fetchpriority=\"high\" decoding=\"async\" width=\"1200\" height=\"800\" src=\"http:\/\/noticiasbahia360.com.br\/wp-content\/uploads\/2026\/09\/SMT-organiza-estrutura-especifica-para-aplicativos-taxis-Expofeira-foto-Danilo-Guerra-3.jpg\" alt=\"Expofeira ter\u00e1 acesso exclusivo para aplicativos, t\u00e1xis e motot\u00e1xis; SMT prepara mais de 4 mil vagas\" class=\"wp-image-688215\" srcset=\"http:\/\/noticiasbahia360.com.br\/wp-content\/uploads\/2026\/09\/SMT-organiza-estrutura-especifica-para-aplicativos-taxis-Expofeira-foto-Danilo-Guerra-3.jpg 1200w, https:\/\/uploads.acordacidade.com.br\/2026\/09\/SMT-organiza-estrutura-especifica-para-aplicativos-taxis-Expofeira-foto-Danilo-Guerra-3-750x500.jpg 750w, https:\/\/uploads.acordacidade.com.br\/2026\/09\/SMT-organiza-estrutura-especifica-para-aplicativos-taxis-Expofeira-foto-Danilo-Guerra-3-1000x667.jpg 1000w, https:\/\/uploads.acordacidade.com.br\/2026\/09\/SMT-organiza-estrutura-especifica-para-aplicativos-taxis-Expofeira-foto-Danilo-Guerra-3-450x300.jpg 450w, https:\/\/uploads.acordacidade.com.br\/2026\/09\/SMT-organiza-estrutura-especifica-para-aplicativos-taxis-Expofeira-foto-Danilo-Guerra-3-150x100.jpg 150w\" sizes=\"(max-width: 1200px) 100vw, 1200px\"><figcaption class=\"wp-element-caption\">Foto: Danilo Guerra<br \/><\/figcaption><\/figure>\n<p class=\"wp-block-paragraph\">\u201cA SMT tem se empenhado bastante em atender \u00e0s nossas reivindica\u00e7\u00f5es por entender a<br \/>import\u00e2ncia do transporte por aplicativo como essencial para a mobilidade urbana em<br \/>Feira de Santana. Por isso, teremos uma entrada exclusiva para os aplicativos, t\u00e1xi e<br \/>demais categorias de transporte\u201d, afirmou Katia.<\/p>\n<h2 id=\"h-mais-de-4-mil-vagas-no-entorno-do-parque\" class=\"wp-block-heading\">Mais de 4 mil vagas no entorno do Parque<\/h2>\n<p class=\"wp-block-paragraph\">A opera\u00e7\u00e3o da SMT tamb\u00e9m prev\u00ea a organiza\u00e7\u00e3o de mais de 4 mil vagas de<br \/>estacionamento, distribu\u00eddas em tr\u00eas \u00e1reas no entorno do Parque de Exposi\u00e7\u00e3o.<br \/>O primeiro espa\u00e7o ser\u00e1 destinado exclusivamente aos ve\u00edculos particulares. O segundo<br \/>poder\u00e1 receber ve\u00edculos particulares e expositores. J\u00e1 o terceiro contar\u00e1 com vagas para<br \/>particulares e a estrutura espec\u00edfica para aplicativos, t\u00e1xis e motot\u00e1xis e outros modais.<\/p>\n<p class=\"wp-block-paragraph\">O superintendente municipal de Tr\u00e2nsito, Ricardo Cunha, explica que a organiza\u00e7\u00e3o foi<br \/>definida a partir dos problemas identificados em edi\u00e7\u00f5es anteriores. \u201cNo ano passado<br \/>conseguimos resolver v\u00e1rios problemas. T\u00ednhamos um congestionamento grande nesse<br \/>per\u00edodo e identificamos que um dos principais problemas era justamente o<br \/>estacionamento. Agora, com os 3 estacionamentos, queremos resolver 100% desses<br \/>problemas, inclusive orientamos que a cobran\u00e7a da taxa n\u00e3o seja na entrada, exatamente<br \/>para evitar congestionamento, mas que seja realizada com o ve\u00edculo j\u00e1 dentro do<br \/>estacionamento \u201d, destaca.<\/p>\n<h2 id=\"h-orientacao-aos-motoristas\" class=\"wp-block-heading\">Orienta\u00e7\u00e3o aos motoristas<\/h2>\n<p class=\"wp-block-paragraph\">Durante a Expofeira, agentes da SMT estar\u00e3o mobilizados no entorno do Parque para<br \/>orientar os condutores e acompanhar o funcionamento da opera\u00e7\u00e3o.<br \/>A recomenda\u00e7\u00e3o aos motoristas de aplicativo \u00e9 utilizar a \u00e1rea destinada \u00e0 categoria,<br \/>respeitar a sinaliza\u00e7\u00e3o e seguir as orienta\u00e7\u00f5es dos agentes, especialmente nos per\u00edodos<br \/>de maior movimento.<\/p>\n<p class=\"wp-block-paragraph\">A SMT tamb\u00e9m refor\u00e7a que o acesso geral ao Parque ser\u00e1 realizado pela Avenida Noide<br \/>Cerqueira. \u201cTodo acesso \u00e0 Expofeira ser\u00e1 feito pela Avenida Noide Cerqueira. A \u00fanica<br \/>exce\u00e7\u00e3o para acessar o Parque pela BR-324 \u00e9 via transporte coletivo\u201d, explica Ricardo<br \/>Cunha.<\/p>\n<p class=\"wp-block-paragraph\">A expectativa do \u00f3rg\u00e3o \u00e9 que a organiza\u00e7\u00e3o dos estacionamentos e das \u00e1reas espec\u00edficas<br \/>de circula\u00e7\u00e3o contribua para reduzir congestionamentos e garantir mais seguran\u00e7a e<br \/>agilidade para quem vai trabalhar ou visitar a Expofeira 2026 que come\u00e7a neste<br \/>domingo (06).<\/p>\n<p class=\"wp-block-paragraph\"><em>As informa\u00e7\u00f5es s\u00e3o da Secretaria Municipal de Comunica\u00e7\u00e3o Social (Secom)<\/em><\/p>\n<p class=\"wp-block-paragraph\"><em>Siga o Acorda Cidade no\u00a0<\/em><a href=\"https:\/\/news.google.com\/search?q=acorda%20cidade&amp;hl=pt-BR&amp;gl=BR&amp;ceid=BR%3Apt-419\"><strong><em>Google Not\u00edcias<\/em><\/strong><\/a><em>\u00a0e receba os principais destaques do dia. Participe tamb\u00e9m dos nossos canais no\u00a0<\/em><a href=\"https:\/\/www.whatsapp.com\/channel\/0029Va6Rb4v3WHTNnsh8WI3N\"><strong><em>WhatsApp<\/em><\/strong><\/a><em>\u00a0e\u00a0<\/em><a href=\"https:\/\/www.youtube.com\/@acordacidadenoticias\/videos\"><strong>YouTube<\/strong><\/a><em>\u00a0e do grupo no\u00a0<\/em><a href=\"https:\/\/t.me\/+sSz0khrgARA0ZmRh\"><strong><em>Telegram<\/em><\/strong><\/a><em>.<\/em><\/p>\n<\/div>\n","protected":false},"excerpt":{"rendered":"<p>Foto: Danilo Guerra Motoristas de aplicativo que v\u00e3o trabalhar durante a 47\u00aa Expofeira, em Feira<\/p>\n","protected":false},"author":1,"featured_media":148927,"comment_status":"closed","ping_status":"closed","sticky":false,"template":"","format":"gallery","meta":{"footnotes":""},"categories":[8,9,6,57,56,10],"tags":[],"class_list":["post-148926","post","type-post","status-publish","format-gallery","has-post-thumbnail","hentry","category-bahia","category-brasil","category-feira-de-santana","category-mundo","category-policia","category-politica","post_format-post-format-gallery"],"featured_image_urls":{"full":["https:\/\/noticiasbahia360.com.br\/wp-content\/uploads\/2026\/09\/SMT-organiza-estrutura-especifica-para-aplicativos-taxis-Expofeira-foto-Danilo-Guerra-2.jpg",1200,800,false],"thumbnail":["https:\/\/noticiasbahia360.com.br\/wp-content\/uploads\/2026\/09\/SMT-organiza-estrutura-especifica-para-aplicativos-taxis-Expofeira-foto-Danilo-Guerra-2-150x150.jpg",150,150,true],"medium":["https:\/\/noticiasbahia360.com.br\/wp-content\/uploads\/2026\/09\/SMT-organiza-estrutura-especifica-para-aplicativos-taxis-Expofeira-foto-Danilo-Guerra-2-300x200.jpg",300,200,true],"medium_large":["https:\/\/noticiasbahia360.com.br\/wp-content\/uploads\/2026\/09\/SMT-organiza-estrutura-especifica-para-aplicativos-taxis-Expofeira-foto-Danilo-Guerra-2-768x512.jpg",640,427,true],"large":["https:\/\/noticiasbahia360.com.br\/wp-content\/uploads\/2026\/09\/SMT-organiza-estrutura-especifica-para-aplicativos-taxis-Expofeira-foto-Danilo-Guerra-2-1024x683.jpg",640,427,true],"1536x1536":["https:\/\/noticiasbahia360.com.br\/wp-content\/uploads\/2026\/09\/SMT-organiza-estrutura-especifica-para-aplicativos-taxis-Expofeira-foto-Danilo-Guerra-2.jpg",1200,800,false],"2048x2048":["https:\/\/noticiasbahia360.com.br\/wp-content\/uploads\/2026\/09\/SMT-organiza-estrutura-especifica-para-aplicativos-taxis-Expofeira-foto-Danilo-Guerra-2.jpg",1200,800,false],"chromenews-featured":["https:\/\/noticiasbahia360.com.br\/wp-content\/uploads\/2026\/09\/SMT-organiza-estrutura-especifica-para-aplicativos-taxis-Expofeira-foto-Danilo-Guerra-2-1024x683.jpg",1024,683,true],"chromenews-large":["https:\/\/noticiasbahia360.com.br\/wp-content\/uploads\/2026\/09\/SMT-organiza-estrutura-especifica-para-aplicativos-taxis-Expofeira-foto-Danilo-Guerra-2-825x575.jpg",825,575,true],"chromenews-medium":["https:\/\/noticiasbahia360.com.br\/wp-content\/uploads\/2026\/09\/SMT-organiza-estrutura-especifica-para-aplicativos-taxis-Expofeira-foto-Danilo-Guerra-2-590x410.jpg",590,410,true]},"author_info":{"display_name":"noticiasbahia360.com.br","author_link":"https:\/\/noticiasbahia360.com.br\/?author=1"},"category_info":"<a href=\"https:\/\/noticiasbahia360.com.br\/?cat=8\" rel=\"category\">Bahia<\/a> <a href=\"https:\/\/noticiasbahia360.com.br\/?cat=9\" rel=\"category\">Brasil<\/a> <a href=\"https:\/\/noticiasbahia360.com.br\/?cat=6\" rel=\"category\">Feira de Santana<\/a> <a href=\"https:\/\/noticiasbahia360.com.br\/?cat=57\" rel=\"category\">Mundo<\/a> <a href=\"https:\/\/noticiasbahia360.com.br\/?cat=56\" rel=\"category\">Pol\u00edcia<\/a> <a href=\"https:\/\/noticiasbahia360.com.br\/?cat=10\" rel=\"category\">Pol\u00edtica<\/a>","tag_info":"Pol\u00edtica","comment_count":"0","_links":{"self":[{"href":"https:\/\/noticiasbahia360.com.br\/index.php?rest_route=\/wp\/v2\/posts\/148926","targetHints":{"allow":["GET"]}}],"collection":[{"href":"https:\/\/noticiasbahia360.com.br\/index.php?rest_route=\/wp\/v2\/posts"}],"about":[{"href":"https:\/\/noticiasbahia360.com.br\/index.php?rest_route=\/wp\/v2\/types\/post"}],"author":[{"embeddable":true,"href":"https:\/\/noticiasbahia360.com.br\/index.php?rest_route=\/wp\/v2\/users\/1"}],"replies":[{"embeddable":true,"href":"https:\/\/noticiasbahia360.com.br\/index.php?rest_route=%2Fwp%2Fv2%2Fcomments&post=148926"}],"version-history":[{"count":0,"href":"https:\/\/noticiasbahia360.com.br\/index.php?rest_route=\/wp\/v2\/posts\/148926\/revisions"}],"wp:featuredmedia":[{"embeddable":true,"href":"https:\/\/noticiasbahia360.com.br\/index.php?rest_route=\/wp\/v2\/media\/148927"}],"wp:attachment":[{"href":"https:\/\/noticiasbahia360.com.br\/index.php?rest_route=%2Fwp%2Fv2%2Fmedia&parent=148926"}],"wp:term":[{"taxonomy":"category","embeddable":true,"href":"https:\/\/noticiasbahia360.com.br\/index.php?rest_route=%2Fwp%2Fv2%2Fcategories&post=148926"},{"taxonomy":"post_tag","embeddable":true,"href":"https:\/\/noticiasbahia360.com.br\/index.php?rest_route=%2Fwp%2Fv2%2Ftags&post=148926"}],"curies":[{"name":"wp","href":"https:\/\/api.w.org\/{rel}","templated":true}]}}