{"id":148931,"date":"2026-09-04T20:01:29","date_gmt":"2026-09-04T23:01:29","guid":{"rendered":"https:\/\/noticiasbahia360.com.br\/?p=148931"},"modified":"2026-09-04T20:01:29","modified_gmt":"2026-09-04T23:01:29","slug":"ex-funcionarios-das-empresas-princesinha-e-18-de-setembro-fazem-5a-manifestacao-por-direitos-trabalhistas-em-feira-de-santana","status":"publish","type":"post","link":"https:\/\/noticiasbahia360.com.br\/?p=148931","title":{"rendered":"Ex-funcion\u00e1rios das empresas Princesinha e 18 de Setembro fazem 5\u00aa manifesta\u00e7\u00e3o por direitos trabalhistas em Feira de Santana"},"content":{"rendered":"<div>\n<div>\n<figure><img decoding=\"async\" src=\"http:\/\/noticiasbahia360.com.br\/wp-content\/uploads\/2026\/09\/Manifestacao-de-ex-funcionarios-de-empresas-de-onibus-em-Feira-de-Santana-Foto-Paulo-Jose-Acorda-Cidade-1.jpg\" alt=\"Manifesta\u00e7\u00e3o de ex-funcion\u00e1rios de empresas de \u00f4nibus em Feira de Santana\"><figcaption>Foto: Paulo Jos\u00e9 \/ Acorda Cidade <\/figcaption><\/figure>\n<\/div>\n<p class=\"wp-block-paragraph\">Rodovi\u00e1rios que trabalharam nas antigas empresas de \u00f4nibus coletivo de Feira de Santana, <strong>Princesinha <\/strong>e <strong>18 de Setembro, <\/strong>realizaram, nesta sexta-feira (4), uma manifesta\u00e7\u00e3o em frente \u00e0 prefeitura para cobrar uma solu\u00e7\u00e3o para o pagamento de direitos trabalhistas.<\/p>\n<p class=\"wp-block-paragraph\">Segundo o representante da categoria, Renato Ito, este foi o quinto ato realizado pelos trabalhadores, que aguardam o fim do impasse h\u00e1 mais de uma d\u00e9cada. Ainda conforme relato dos trabalhadores as empresas simplesmente encerraram as atividades sem honrar com os compromissos firmados com os funcion\u00e1rios.<\/p>\n<p class=\"wp-block-paragraph\">\u201cO nosso objetivo mesmo \u00e9 convencer os \u00f3rg\u00e3os p\u00fablicos, o Minist\u00e9rio P\u00fablico, para ver uma solu\u00e7\u00e3o pra gente. A gente precisa de uma solu\u00e7\u00e3o. S\u00e3o 11 anos lutando. A gente ganhou na justi\u00e7a, a gente tem nossos direitos garantidos e, por enquanto, a gente ainda n\u00e3o recebeu nada\u201d, afirmou Renato.<\/p>\n<p class=\"wp-block-paragraph\">Para a reportagem do Acorda Cidade, Ito disse que aproximadamente 1.200 trabalhadores foram afetados pelo fechamento repentino das duas empresas. Ele estima que apenas cerca de 5% desse total tenham conseguido receber as indeniza\u00e7\u00f5es previstas em lei.<\/p>\n<p class=\"wp-block-paragraph\">\u201cO golpe j\u00e1 estava sendo arquitetado h\u00e1 muito tempo, tanto \u00e9 que foi feita transfer\u00eancia de frota e ningu\u00e9m questionou. O sindicato n\u00e3o questionou, a prefeitura n\u00e3o questionou, n\u00e3o houve fiscaliza\u00e7\u00e3o. Foi feita transfer\u00eancia de dono, lan\u00e7aram um laranja, o cara n\u00e3o tem condi\u00e7\u00e3o de pagar nada, botaram ele porque tudo foi premeditado. A massa aqui, n\u00f3s, motoristas e cobradores, fomos iludidos, nos venderam uma fantasia.\u201d<\/p>\n<figure class=\"wp-block-image size-full\"><img fetchpriority=\"high\" fetchpriority=\"high\" decoding=\"async\" width=\"1200\" height=\"698\" src=\"http:\/\/noticiasbahia360.com.br\/wp-content\/uploads\/2026\/09\/Manifestacao-de-ex-funcionarios-de-empresas-de-onibus-em-Feira-de-Santana-Foto-Paulo-Jose-Acorda-Cidade-5.jpg\" alt=\"Manifesta\u00e7\u00e3o de ex-funcion\u00e1rios de empresas de \u00f4nibus em Feira de Santana\" class=\"wp-image-688203\" srcset=\"http:\/\/noticiasbahia360.com.br\/wp-content\/uploads\/2026\/09\/Manifestacao-de-ex-funcionarios-de-empresas-de-onibus-em-Feira-de-Santana-Foto-Paulo-Jose-Acorda-Cidade-5.jpg 1200w, https:\/\/uploads.acordacidade.com.br\/2026\/09\/Manifestacao-de-ex-funcionarios-de-empresas-de-onibus-em-Feira-de-Santana-Foto-Paulo-Jose-Acorda-Cidade-5-750x436.jpg 750w, https:\/\/uploads.acordacidade.com.br\/2026\/09\/Manifestacao-de-ex-funcionarios-de-empresas-de-onibus-em-Feira-de-Santana-Foto-Paulo-Jose-Acorda-Cidade-5-1000x582.jpg 1000w, https:\/\/uploads.acordacidade.com.br\/2026\/09\/Manifestacao-de-ex-funcionarios-de-empresas-de-onibus-em-Feira-de-Santana-Foto-Paulo-Jose-Acorda-Cidade-5-450x262.jpg 450w, https:\/\/uploads.acordacidade.com.br\/2026\/09\/Manifestacao-de-ex-funcionarios-de-empresas-de-onibus-em-Feira-de-Santana-Foto-Paulo-Jose-Acorda-Cidade-5-150x87.jpg 150w\" sizes=\"(max-width: 1200px) 100vw, 1200px\"><figcaption class=\"wp-element-caption\">Foto: Paulo Jos\u00e9 \/ Acorda Cidade <\/figcaption><\/figure>\n<p class=\"wp-block-paragraph\">Os manifestantes tamb\u00e9m cobram respostas diretas do poder p\u00fablico. Renato relatou que, em uma mobiliza\u00e7\u00e3o anterior, uma comiss\u00e3o de trabalhadores se reuniu com o prefeito de Feira de Santana, Jos\u00e9 Ronaldo de Carvalho.<\/p>\n<p class=\"wp-block-paragraph\">\u201cO prefeito apenas disse que, caso a Justi\u00e7a determine que a prefeitura pague, ele vai pagar. Ent\u00e3o a gente est\u00e1 aqui cobrando. Eu espero que a Justi\u00e7a, que algu\u00e9m a\u00ed possa se mover e nos ajudar. A gente s\u00f3 quer ajuda do Minist\u00e9rio P\u00fablico, de quem quer que seja, da Justi\u00e7a\u201d, afirmou Ito na esperan\u00e7a de resolver a quest\u00e3o que se arrasta h\u00e1 11 anos.<\/p>\n<p class=\"wp-block-paragraph\">Outro trabalhador ouvido pela reportagem do Acorda Cidade durante a manifesta\u00e7\u00e3o foi Lismar Oliveira. O ex-funcion\u00e1rio da empresa de transporte coletivo p\u00fablico 18 de Setembro tamb\u00e9m cobrou uma resposta das autoridades.<\/p>\n<figure class=\"wp-block-image size-full\"><img decoding=\"async\" width=\"1200\" height=\"698\" src=\"http:\/\/noticiasbahia360.com.br\/wp-content\/uploads\/2026\/09\/Manifestacao-de-ex-funcionarios-de-empresas-de-onibus-em-Feira-de-Santana-Foto-Paulo-Jose-Acorda-Cidade-2.jpg\" alt=\"Manifesta\u00e7\u00e3o de ex-funcion\u00e1rios de empresas de \u00f4nibus em Feira de Santana\" class=\"wp-image-688200\" srcset=\"http:\/\/noticiasbahia360.com.br\/wp-content\/uploads\/2026\/09\/Manifestacao-de-ex-funcionarios-de-empresas-de-onibus-em-Feira-de-Santana-Foto-Paulo-Jose-Acorda-Cidade-2.jpg 1200w, https:\/\/uploads.acordacidade.com.br\/2026\/09\/Manifestacao-de-ex-funcionarios-de-empresas-de-onibus-em-Feira-de-Santana-Foto-Paulo-Jose-Acorda-Cidade-2-750x436.jpg 750w, https:\/\/uploads.acordacidade.com.br\/2026\/09\/Manifestacao-de-ex-funcionarios-de-empresas-de-onibus-em-Feira-de-Santana-Foto-Paulo-Jose-Acorda-Cidade-2-1000x582.jpg 1000w, https:\/\/uploads.acordacidade.com.br\/2026\/09\/Manifestacao-de-ex-funcionarios-de-empresas-de-onibus-em-Feira-de-Santana-Foto-Paulo-Jose-Acorda-Cidade-2-450x262.jpg 450w, https:\/\/uploads.acordacidade.com.br\/2026\/09\/Manifestacao-de-ex-funcionarios-de-empresas-de-onibus-em-Feira-de-Santana-Foto-Paulo-Jose-Acorda-Cidade-2-150x87.jpg 150w\" sizes=\"(max-width: 1200px) 100vw, 1200px\"><figcaption class=\"wp-element-caption\">Foto: Paulo Jos\u00e9 \/ Acorda Cidade <\/figcaption><\/figure>\n<p class=\"wp-block-paragraph\">\u201cMais uma vez n\u00f3s viemos aqui em busca do nosso direito trabalhista. H\u00e1 11 anos, em agosto de 2015, a empresa foi embora nos dando calote, ou seja, existe \u00f3rg\u00e3o dentro desta cidade que est\u00e1 sendo conivente com essa situa\u00e7\u00e3o e est\u00e1 sendo omisso nessa situa\u00e7\u00e3o. E aqui estamos agora com muitos pais de fam\u00edlia \u00e0 merc\u00ea em busca dos nossos direitos\u201d, disse.<\/p>\n<p class=\"wp-block-paragraph\">Segundo Lismar, os trabalhadores j\u00e1 enfrentavam problemas com os ve\u00edculos antes mesmo do encerramento das atividades. O rodovi\u00e1rio tamb\u00e9m citou a exist\u00eancia de um pr\u00e9dio da Sincol e alegou que haveria empresas que estariam relacionadas \u00e0 situa\u00e7\u00e3o.<\/p>\n<p class=\"wp-block-paragraph\">\u201cComo \u00e9 que vai ficar nossa situa\u00e7\u00e3o? J\u00e1 vinha aquela pendenga de carro quebrando, carro pegando fogo, e os \u00f3rg\u00e3os do poder p\u00fablico j\u00e1 tinham conhecimento. E agora, por que t\u00e1 tendo essa omiss\u00e3o de pagar nossos direitos trabalhistas? N\u00f3s estamos aqui agora como c\u00e3o sem dono. <strong>Quem \u00e9 que vai responder por essa situa\u00e7\u00e3o? Prefeito, nos ajude, pelo amor de Deus!\u201d<\/strong>, concluiu o trabalhador.<\/p>\n<figure class=\"wp-block-image size-full\"><img decoding=\"async\" width=\"1200\" height=\"698\" src=\"http:\/\/noticiasbahia360.com.br\/wp-content\/uploads\/2026\/09\/Manifestacao-de-ex-funcionarios-de-empresas-de-onibus-em-Feira-de-Santana-Foto-Paulo-Jose-Acorda-Cidade-4.jpg\" alt=\"Manifesta\u00e7\u00e3o de ex-funcion\u00e1rios de empresas de \u00f4nibus em Feira de Santana\" class=\"wp-image-688202\" srcset=\"http:\/\/noticiasbahia360.com.br\/wp-content\/uploads\/2026\/09\/Manifestacao-de-ex-funcionarios-de-empresas-de-onibus-em-Feira-de-Santana-Foto-Paulo-Jose-Acorda-Cidade-4.jpg 1200w, https:\/\/uploads.acordacidade.com.br\/2026\/09\/Manifestacao-de-ex-funcionarios-de-empresas-de-onibus-em-Feira-de-Santana-Foto-Paulo-Jose-Acorda-Cidade-4-750x436.jpg 750w, https:\/\/uploads.acordacidade.com.br\/2026\/09\/Manifestacao-de-ex-funcionarios-de-empresas-de-onibus-em-Feira-de-Santana-Foto-Paulo-Jose-Acorda-Cidade-4-1000x582.jpg 1000w, https:\/\/uploads.acordacidade.com.br\/2026\/09\/Manifestacao-de-ex-funcionarios-de-empresas-de-onibus-em-Feira-de-Santana-Foto-Paulo-Jose-Acorda-Cidade-4-450x262.jpg 450w, https:\/\/uploads.acordacidade.com.br\/2026\/09\/Manifestacao-de-ex-funcionarios-de-empresas-de-onibus-em-Feira-de-Santana-Foto-Paulo-Jose-Acorda-Cidade-4-150x87.jpg 150w\" sizes=\"(max-width: 1200px) 100vw, 1200px\"><figcaption class=\"wp-element-caption\">Foto: Paulo Jos\u00e9 \/ Acorda Cidade <\/figcaption><\/figure>\n<p class=\"wp-block-paragraph\">Para a reportagem do Acorda Cidade, Renato Ito avaliou que as manifesta\u00e7\u00f5es t\u00eam contribu\u00eddo para manter a reivindica\u00e7\u00e3o em evid\u00eancia e afirmou que a categoria pretende continuar mobilizada.<\/p>\n<p class=\"wp-block-paragraph\">\u201cEu acho que sim, t\u00e1 tendo resultado. O pior seria se n\u00e3o tivesse manifesta\u00e7\u00e3o. Ent\u00e3o a causa \u00e9 justa sim, a gente vai continuar lutando. Na pr\u00f3xima semana estaremos l\u00e1 na porta do sindicato para que ele, que foi um dos causadores, responda por que permitiram a troca de sociedade das empresas, por que permitiram a transfer\u00eancia dos \u00f4nibus e por que foram omissos e fecharam os olhos\u201d, finalizou Ito.<\/p>\n<p class=\"wp-block-paragraph\"><em>Com informa\u00e7\u00f5es do rep\u00f3rter Paulo Jos\u00e9 do Acorda Cidade.<\/em><\/p>\n<p class=\"wp-block-paragraph\"><em>Siga o Acorda Cidade no<\/em><a href=\"https:\/\/news.google.com\/search?q=acorda%20cidade&amp;hl=pt-BR&amp;gl=BR&amp;ceid=BR%3Apt-419\"><strong><em>\u00a0Google Not\u00edcias<\/em><\/strong><\/a><em>\u00a0e receba os principais destaques do dia. Participe tamb\u00e9m dos nossos canais no\u00a0<\/em><a href=\"https:\/\/www.whatsapp.com\/channel\/0029Va6Rb4v3WHTNnsh8WI3N\"><strong><em>WhatsApp<\/em><\/strong><\/a><em>\u00a0e\u00a0<\/em><a href=\"https:\/\/www.youtube.com\/@acordacidadenoticias\/videos\"><strong>Youtube<\/strong><\/a><em>\u00a0e grupo de\u00a0<\/em><a href=\"https:\/\/t.me\/+sSz0khrgARA0ZmRh\"><strong><em>Telegram<\/em><\/strong><\/a><em>.<\/em><a href=\"https:\/\/www.acordacidade.com.br\/colunas\/dilton-e-feito\/\"><\/a><\/p>\n<\/div>\n","protected":false},"excerpt":{"rendered":"<p>Foto: Paulo Jos\u00e9 \/ Acorda Cidade Rodovi\u00e1rios que trabalharam nas antigas empresas de \u00f4nibus coletivo<\/p>\n","protected":false},"author":1,"featured_media":148932,"comment_status":"closed","ping_status":"closed","sticky":false,"template":"","format":"gallery","meta":{"footnotes":""},"categories":[8,9,6,57,56,10],"tags":[],"class_list":["post-148931","post","type-post","status-publish","format-gallery","has-post-thumbnail","hentry","category-bahia","category-brasil","category-feira-de-santana","category-mundo","category-policia","category-politica","post_format-post-format-gallery"],"featured_image_urls":{"full":["https:\/\/noticiasbahia360.com.br\/wp-content\/uploads\/2026\/09\/Manifestacao-de-ex-funcionarios-de-empresas-de-onibus-em-Feira-de-Santana-Foto-Paulo-Jose-Acorda-Cidade-1.jpg",1200,698,false],"thumbnail":["https:\/\/noticiasbahia360.com.br\/wp-content\/uploads\/2026\/09\/Manifestacao-de-ex-funcionarios-de-empresas-de-onibus-em-Feira-de-Santana-Foto-Paulo-Jose-Acorda-Cidade-1-150x150.jpg",150,150,true],"medium":["https:\/\/noticiasbahia360.com.br\/wp-content\/uploads\/2026\/09\/Manifestacao-de-ex-funcionarios-de-empresas-de-onibus-em-Feira-de-Santana-Foto-Paulo-Jose-Acorda-Cidade-1-300x175.jpg",300,175,true],"medium_large":["https:\/\/noticiasbahia360.com.br\/wp-content\/uploads\/2026\/09\/Manifestacao-de-ex-funcionarios-de-empresas-de-onibus-em-Feira-de-Santana-Foto-Paulo-Jose-Acorda-Cidade-1-768x447.jpg",640,373,true],"large":["https:\/\/noticiasbahia360.com.br\/wp-content\/uploads\/2026\/09\/Manifestacao-de-ex-funcionarios-de-empresas-de-onibus-em-Feira-de-Santana-Foto-Paulo-Jose-Acorda-Cidade-1-1024x596.jpg",640,373,true],"1536x1536":["https:\/\/noticiasbahia360.com.br\/wp-content\/uploads\/2026\/09\/Manifestacao-de-ex-funcionarios-de-empresas-de-onibus-em-Feira-de-Santana-Foto-Paulo-Jose-Acorda-Cidade-1.jpg",1200,698,false],"2048x2048":["https:\/\/noticiasbahia360.com.br\/wp-content\/uploads\/2026\/09\/Manifestacao-de-ex-funcionarios-de-empresas-de-onibus-em-Feira-de-Santana-Foto-Paulo-Jose-Acorda-Cidade-1.jpg",1200,698,false],"chromenews-featured":["https:\/\/noticiasbahia360.com.br\/wp-content\/uploads\/2026\/09\/Manifestacao-de-ex-funcionarios-de-empresas-de-onibus-em-Feira-de-Santana-Foto-Paulo-Jose-Acorda-Cidade-1-1024x596.jpg",1024,596,true],"chromenews-large":["https:\/\/noticiasbahia360.com.br\/wp-content\/uploads\/2026\/09\/Manifestacao-de-ex-funcionarios-de-empresas-de-onibus-em-Feira-de-Santana-Foto-Paulo-Jose-Acorda-Cidade-1-825x575.jpg",825,575,true],"chromenews-medium":["https:\/\/noticiasbahia360.com.br\/wp-content\/uploads\/2026\/09\/Manifestacao-de-ex-funcionarios-de-empresas-de-onibus-em-Feira-de-Santana-Foto-Paulo-Jose-Acorda-Cidade-1-590x410.jpg",590,410,true]},"author_info":{"display_name":"noticiasbahia360.com.br","author_link":"https:\/\/noticiasbahia360.com.br\/?author=1"},"category_info":"<a href=\"https:\/\/noticiasbahia360.com.br\/?cat=8\" rel=\"category\">Bahia<\/a> <a href=\"https:\/\/noticiasbahia360.com.br\/?cat=9\" rel=\"category\">Brasil<\/a> <a href=\"https:\/\/noticiasbahia360.com.br\/?cat=6\" rel=\"category\">Feira de Santana<\/a> <a href=\"https:\/\/noticiasbahia360.com.br\/?cat=57\" rel=\"category\">Mundo<\/a> <a href=\"https:\/\/noticiasbahia360.com.br\/?cat=56\" rel=\"category\">Pol\u00edcia<\/a> <a href=\"https:\/\/noticiasbahia360.com.br\/?cat=10\" rel=\"category\">Pol\u00edtica<\/a>","tag_info":"Pol\u00edtica","comment_count":"0","_links":{"self":[{"href":"https:\/\/noticiasbahia360.com.br\/index.php?rest_route=\/wp\/v2\/posts\/148931","targetHints":{"allow":["GET"]}}],"collection":[{"href":"https:\/\/noticiasbahia360.com.br\/index.php?rest_route=\/wp\/v2\/posts"}],"about":[{"href":"https:\/\/noticiasbahia360.com.br\/index.php?rest_route=\/wp\/v2\/types\/post"}],"author":[{"embeddable":true,"href":"https:\/\/noticiasbahia360.com.br\/index.php?rest_route=\/wp\/v2\/users\/1"}],"replies":[{"embeddable":true,"href":"https:\/\/noticiasbahia360.com.br\/index.php?rest_route=%2Fwp%2Fv2%2Fcomments&post=148931"}],"version-history":[{"count":0,"href":"https:\/\/noticiasbahia360.com.br\/index.php?rest_route=\/wp\/v2\/posts\/148931\/revisions"}],"wp:featuredmedia":[{"embeddable":true,"href":"https:\/\/noticiasbahia360.com.br\/index.php?rest_route=\/wp\/v2\/media\/148932"}],"wp:attachment":[{"href":"https:\/\/noticiasbahia360.com.br\/index.php?rest_route=%2Fwp%2Fv2%2Fmedia&parent=148931"}],"wp:term":[{"taxonomy":"category","embeddable":true,"href":"https:\/\/noticiasbahia360.com.br\/index.php?rest_route=%2Fwp%2Fv2%2Fcategories&post=148931"},{"taxonomy":"post_tag","embeddable":true,"href":"https:\/\/noticiasbahia360.com.br\/index.php?rest_route=%2Fwp%2Fv2%2Ftags&post=148931"}],"curies":[{"name":"wp","href":"https:\/\/api.w.org\/{rel}","templated":true}]}}