{"id":148938,"date":"2026-09-04T20:01:33","date_gmt":"2026-09-04T23:01:33","guid":{"rendered":"https:\/\/noticiasbahia360.com.br\/?p=148938"},"modified":"2026-09-04T20:01:33","modified_gmt":"2026-09-04T23:01:33","slug":"operacao-contra-fraudes-em-registros-de-armas-de-colecionadores-cumpre-20-mandados-de-prisao-no-rj-e-es","status":"publish","type":"post","link":"https:\/\/noticiasbahia360.com.br\/?p=148938","title":{"rendered":"Opera\u00e7\u00e3o contra fraudes em registros de armas de colecionadores cumpre 20 mandados de pris\u00e3o no RJ e ES"},"content":{"rendered":"<div>\n<div>\n<figure><img decoding=\"async\" src=\"http:\/\/noticiasbahia360.com.br\/wp-content\/uploads\/2026\/09\/Policia-Federal-Foto-Policia-Federal.jpg\" alt=\"Pol\u00edcia Federal\"><figcaption>Foto: Reprodu\u00e7\u00e3o\/ Pol\u00edcia Federal<\/figcaption><\/figure>\n<\/div>\n<p class=\"wp-block-paragraph\">Ag\u00eancia Brasil \u2014 <strong>Agentes da Pol\u00edcia Federal foram \u00e0s ruas nesta sexta-feira (4) para apurar a atua\u00e7\u00e3o de um grupo suspeito de fraudar procedimentos administrativos relacionados \u00e0 aquisi\u00e7\u00e3o e ao registro de armas de fogo destinados a Colecionadores, Atiradores Desportivos e Ca\u00e7adores (CACs).<\/strong><img decoding=\"async\" src=\"https:\/\/agenciabrasil.ebc.com.br\/ebc.png?id=1701589&amp;o=node\"><img decoding=\"async\" src=\"https:\/\/agenciabrasil.ebc.com.br\/ebc.gif?id=1701589&amp;o=node\"><\/p>\n<p class=\"wp-block-paragraph\">Durante a Opera\u00e7\u00e3o Polaridade, foram cumpridos 20 mandados de pris\u00e3o e 26 mandados de busca e apreens\u00e3o contra pessoas f\u00edsicas e empresas em diversas cidades do estado do Rio de Janeiro, al\u00e9m do munic\u00edpio de Vila Velha, Esp\u00edrito Santo.\u00a0<\/p>\n<p class=\"wp-block-paragraph\"><strong>Onze pessoas foram presas em flagrante e foram apreendidos fuzis e pistolas.\u00a0<\/strong>As equipes continuam em dilig\u00eancias para localizar e prender os outros investigados.\u00a0<\/p>\n<p class=\"wp-block-paragraph\">As investiga\u00e7\u00f5es foram iniciadas ap\u00f3s a identifica\u00e7\u00e3o de inconsist\u00eancias em processos analisados na Delegacia de Pol\u00edcia Federal em Niter\u00f3i, na regi\u00e3o metropolitana do Rio de Janeiro.\u00a0<\/p>\n<p class=\"wp-block-paragraph\">As apura\u00e7\u00f5es apontam que um colaborador terceirizado, vinculado \u00e0s atividades de an\u00e1lise documental do N\u00facleo de Armas, teria aprovado requerimentos sem a\u00a0documenta\u00e7\u00e3o obrigat\u00f3ria, bem como solicita\u00e7\u00f5es instru\u00eddas com documentos falsos ou incompat\u00edveis com as exig\u00eancias legais.<\/p>\n<p class=\"wp-block-paragraph\">Foi constatada a repeti\u00e7\u00e3o de documentos entre diferentes requerentes, al\u00e9m da utiliza\u00e7\u00e3o de comprovantes de resid\u00eancia falsificados e a aus\u00eancia de documentos indispens\u00e1veis \u00e0 instru\u00e7\u00e3o dos pedidos.<\/p>\n<p class=\"wp-block-paragraph\">As investiga\u00e7\u00f5es tamb\u00e9m revelaram poss\u00edveis v\u00ednculos entre alguns dos requerimentos analisados e armas de fogo posteriormente apreendidas em uma a\u00e7\u00e3o policial.\u00a0<\/p>\n<p class=\"wp-block-paragraph\">Os investigados poder\u00e3o responder pelos crimes de organiza\u00e7\u00e3o criminosa, inser\u00e7\u00e3o de dados falsos em sistema de informa\u00e7\u00f5es da Administra\u00e7\u00e3o P\u00fablica, corrup\u00e7\u00e3o passiva, falsidade ideol\u00f3gica, uso de documento falso e com\u00e9rcio ilegal de armas de fogo, sem preju\u00edzo de eventuais outros delitos que possam ser identificados no curso das apura\u00e7\u00f5es.<\/p>\n<p class=\"wp-block-paragraph\"><em>Siga o Acorda Cidade no\u00a0<\/em><a href=\"https:\/\/news.google.com\/search?q=acorda%20cidade&amp;hl=pt-BR&amp;gl=BR&amp;ceid=BR%3Apt-419\"><strong><em>Google Not\u00edcias<\/em><\/strong><\/a><em>\u00a0e receba os principais destaques do dia. Participe tamb\u00e9m dos nossos canais no\u00a0<\/em><a href=\"https:\/\/whatsapp.com\/channel\/0029Va6Rb4v3WHTNnsh8WI3N\"><strong><em>WhatsApp<\/em><\/strong><\/a><em>\u00a0e\u00a0<\/em><a href=\"https:\/\/www.youtube.com\/@acordacidadenoticias\/videos\"><strong>YouTube<\/strong><\/a><em>\u00a0e do grupo no\u00a0<\/em><a href=\"https:\/\/t.me\/+sSz0khrgARA0ZmRh\"><strong><em>Telegram<\/em><\/strong><\/a><em>.<\/em><\/p>\n<\/div>\n","protected":false},"excerpt":{"rendered":"<p>Foto: Reprodu\u00e7\u00e3o\/ Pol\u00edcia Federal Ag\u00eancia Brasil \u2014 Agentes da Pol\u00edcia Federal foram \u00e0s ruas nesta<\/p>\n","protected":false},"author":1,"featured_media":148939,"comment_status":"closed","ping_status":"closed","sticky":false,"template":"","format":"gallery","meta":{"footnotes":""},"categories":[8,9,6,57,56,10],"tags":[],"class_list":["post-148938","post","type-post","status-publish","format-gallery","has-post-thumbnail","hentry","category-bahia","category-brasil","category-feira-de-santana","category-mundo","category-policia","category-politica","post_format-post-format-gallery"],"featured_image_urls":{"full":["https:\/\/noticiasbahia360.com.br\/wp-content\/uploads\/2026\/09\/Policia-Federal-Foto-Policia-Federal.jpg",1200,718,false],"thumbnail":["https:\/\/noticiasbahia360.com.br\/wp-content\/uploads\/2026\/09\/Policia-Federal-Foto-Policia-Federal-150x150.jpg",150,150,true],"medium":["https:\/\/noticiasbahia360.com.br\/wp-content\/uploads\/2026\/09\/Policia-Federal-Foto-Policia-Federal-300x180.jpg",300,180,true],"medium_large":["https:\/\/noticiasbahia360.com.br\/wp-content\/uploads\/2026\/09\/Policia-Federal-Foto-Policia-Federal-768x460.jpg",640,383,true],"large":["https:\/\/noticiasbahia360.com.br\/wp-content\/uploads\/2026\/09\/Policia-Federal-Foto-Policia-Federal-1024x613.jpg",640,383,true],"1536x1536":["https:\/\/noticiasbahia360.com.br\/wp-content\/uploads\/2026\/09\/Policia-Federal-Foto-Policia-Federal.jpg",1200,718,false],"2048x2048":["https:\/\/noticiasbahia360.com.br\/wp-content\/uploads\/2026\/09\/Policia-Federal-Foto-Policia-Federal.jpg",1200,718,false],"chromenews-featured":["https:\/\/noticiasbahia360.com.br\/wp-content\/uploads\/2026\/09\/Policia-Federal-Foto-Policia-Federal-1024x613.jpg",1024,613,true],"chromenews-large":["https:\/\/noticiasbahia360.com.br\/wp-content\/uploads\/2026\/09\/Policia-Federal-Foto-Policia-Federal-825x575.jpg",825,575,true],"chromenews-medium":["https:\/\/noticiasbahia360.com.br\/wp-content\/uploads\/2026\/09\/Policia-Federal-Foto-Policia-Federal-590x410.jpg",590,410,true]},"author_info":{"display_name":"noticiasbahia360.com.br","author_link":"https:\/\/noticiasbahia360.com.br\/?author=1"},"category_info":"<a href=\"https:\/\/noticiasbahia360.com.br\/?cat=8\" rel=\"category\">Bahia<\/a> <a href=\"https:\/\/noticiasbahia360.com.br\/?cat=9\" rel=\"category\">Brasil<\/a> <a href=\"https:\/\/noticiasbahia360.com.br\/?cat=6\" rel=\"category\">Feira de Santana<\/a> <a href=\"https:\/\/noticiasbahia360.com.br\/?cat=57\" rel=\"category\">Mundo<\/a> <a href=\"https:\/\/noticiasbahia360.com.br\/?cat=56\" rel=\"category\">Pol\u00edcia<\/a> <a href=\"https:\/\/noticiasbahia360.com.br\/?cat=10\" rel=\"category\">Pol\u00edtica<\/a>","tag_info":"Pol\u00edtica","comment_count":"0","_links":{"self":[{"href":"https:\/\/noticiasbahia360.com.br\/index.php?rest_route=\/wp\/v2\/posts\/148938","targetHints":{"allow":["GET"]}}],"collection":[{"href":"https:\/\/noticiasbahia360.com.br\/index.php?rest_route=\/wp\/v2\/posts"}],"about":[{"href":"https:\/\/noticiasbahia360.com.br\/index.php?rest_route=\/wp\/v2\/types\/post"}],"author":[{"embeddable":true,"href":"https:\/\/noticiasbahia360.com.br\/index.php?rest_route=\/wp\/v2\/users\/1"}],"replies":[{"embeddable":true,"href":"https:\/\/noticiasbahia360.com.br\/index.php?rest_route=%2Fwp%2Fv2%2Fcomments&post=148938"}],"version-history":[{"count":0,"href":"https:\/\/noticiasbahia360.com.br\/index.php?rest_route=\/wp\/v2\/posts\/148938\/revisions"}],"wp:featuredmedia":[{"embeddable":true,"href":"https:\/\/noticiasbahia360.com.br\/index.php?rest_route=\/wp\/v2\/media\/148939"}],"wp:attachment":[{"href":"https:\/\/noticiasbahia360.com.br\/index.php?rest_route=%2Fwp%2Fv2%2Fmedia&parent=148938"}],"wp:term":[{"taxonomy":"category","embeddable":true,"href":"https:\/\/noticiasbahia360.com.br\/index.php?rest_route=%2Fwp%2Fv2%2Fcategories&post=148938"},{"taxonomy":"post_tag","embeddable":true,"href":"https:\/\/noticiasbahia360.com.br\/index.php?rest_route=%2Fwp%2Fv2%2Ftags&post=148938"}],"curies":[{"name":"wp","href":"https:\/\/api.w.org\/{rel}","templated":true}]}}