{"id":148940,"date":"2026-09-04T21:00:57","date_gmt":"2026-09-05T00:00:57","guid":{"rendered":"https:\/\/noticiasbahia360.com.br\/?p=148940"},"modified":"2026-09-04T21:00:57","modified_gmt":"2026-09-05T00:00:57","slug":"senado-aprova-eca-ambiental-que-garante-a-criancas-e-adolescentes-direito-ao-meio-ambiente-saudavel","status":"publish","type":"post","link":"https:\/\/noticiasbahia360.com.br\/?p=148940","title":{"rendered":"Senado aprova ECA Ambiental, que garante a crian\u00e7as e adolescentes direito ao meio ambiente saud\u00e1vel"},"content":{"rendered":"<div>\n<div>\n<figure><img decoding=\"async\" src=\"http:\/\/noticiasbahia360.com.br\/wp-content\/uploads\/2026\/09\/Criancas-em-frente-a-lixo-Foto-Tania-Rego-Agencia-Brasil.jpg\" alt=\"Crian\u00e7as em frente a lixo\"><figcaption>Foto: T\u00e2nia R\u00eago\/ Ag\u00eancia Brasil<\/figcaption><\/figure>\n<\/div>\n<p class=\"wp-block-paragraph\">Ag\u00eancia Brasil \u2014 O direito de crian\u00e7as e adolescentes ao meio ambiente, \u201ccom prioridade absoluta\u201d, \u00e9 o que determina o chamado ECA Ambiental, projeto aprovado pelo Senado na \u00faltima quarta-feira (2).\u00a0O texto aguarda a san\u00e7\u00e3o do presidente Luiz In\u00e1cio Lula da Silva.<\/p>\n<p class=\"wp-block-paragraph\">Entre outros pontos,\u00a0<strong>o projeto prev\u00ea o direito da crian\u00e7a e do adolescente \u00e0 natureza, inclusive a \u00e1reas naturais saud\u00e1veis, o brincar livre em contato com ambientes naturais, a educa\u00e7\u00e3o baseada na natureza e a participa\u00e7\u00e3o na defesa, conserva\u00e7\u00e3o e recupera\u00e7\u00e3o ambiental<\/strong>.<\/p>\n<p class=\"wp-block-paragraph\">De autoria da deputada federal Laura Carneiro (PSD-RJ), o\u00a0<a href=\"https:\/\/www25.senado.leg.br\/web\/atividade\/materias\/-\/materia\/171229\" target=\"_blank\" rel=\"noreferrer noopener\">Projeto de Lei (PL) 2.225\/2024<\/a>\u00a0modifica o\u00a0<a href=\"https:\/\/www.planalto.gov.br\/ccivil_03\/leis\/l8069.htm\" target=\"_blank\" rel=\"noreferrer noopener\">Estatuto da Crian\u00e7a e do Adolescente (ECA)<\/a>\u00a0e a a Pol\u00edtica Nacional do Meio Ambiente (<a href=\"https:\/\/www.planalto.gov.br\/ccivil_03\/leis\/l6938.htm\" target=\"_blank\" rel=\"noreferrer noopener\">Lei 6.938, de 1981<\/a>).<\/p>\n<p class=\"wp-block-paragraph\">No primeiro caso, a altera\u00e7\u00e3o \u00e9 para definir como dever da fam\u00edlia, da sociedade e do Estado a efetiva\u00e7\u00e3o do contato com o meio natural para crian\u00e7as e adolescentes.<\/p>\n<p class=\"wp-block-paragraph\">Em rela\u00e7\u00e3o \u00e0 pol\u00edtica nacional, o texto inclui o direito da inf\u00e2ncia ao meio ambiente equilibrado entre seus princ\u00edpios.<\/p>\n<p class=\"wp-block-paragraph\">Al\u00e9m disso, a Pol\u00edtica Nacional sobre Mudan\u00e7a do Clima (<a href=\"https:\/\/www.planalto.gov.br\/ccivil_03\/_ato2007-2010\/2009\/lei\/l12187.htm\" target=\"_blank\" rel=\"noreferrer noopener\">Lei 12.187, de 2009<\/a>) ganha um dispositivo que torna obrigat\u00f3ria a atua\u00e7\u00e3o governamental priorit\u00e1ria na mitiga\u00e7\u00e3o dos impactos clim\u00e1ticos sobre esse p\u00fablico.<\/p>\n<h2 id=\"h-prioridade-para-primeira-infancia\" class=\"wp-block-heading\">Prioridade para primeira inf\u00e2ncia<\/h2>\n<p class=\"wp-block-paragraph\"><strong>Ter\u00e3o prioridade na efetiva\u00e7\u00e3o dessas garantias as crian\u00e7as na primeira inf\u00e2ncia e aquelas com defici\u00eancia.\u00a0<\/strong>O texto confere ainda aten\u00e7\u00e3o especial a crian\u00e7as e adolescentes de povos e comunidades tradicionais e rurais.<\/p>\n<p class=\"wp-block-paragraph\">Al\u00e9m disso, prev\u00ea diretrizes para o espa\u00e7o escolar, o entorno da escola, a acessibilidade, a integra\u00e7\u00e3o com \u00e1reas verdes e o planejamento de a\u00e7\u00f5es de resposta a desastres clim\u00e1ticos que garantam a continuidade do aprendizado.<\/p>\n<p class=\"wp-block-paragraph\">O projeto tamb\u00e9m estabelece diretrizes sobre prote\u00e7\u00e3o ambiental, participa\u00e7\u00e3o de crian\u00e7as e adolescentes em pol\u00edticas clim\u00e1ticas, preven\u00e7\u00e3o de desastres, deslocamentos provocados por mudan\u00e7as clim\u00e1ticas e mitiga\u00e7\u00e3o de epis\u00f3dios cr\u00edticos de polui\u00e7\u00e3o atmosf\u00e9rica.<\/p>\n<p class=\"wp-block-paragraph\"><strong>A mat\u00e9ria diz que o atendimento pleno desses novos direitos passa a ser objetivo buscado pela Uni\u00e3o, estados, Distrito Federal e munic\u00edpios.<\/strong><\/p>\n<p class=\"wp-block-paragraph\">Os senadores aprovaram o parecer do senador Alessandro Vieira (MDB-SE)\u00a0apresentado \u00e0 Comiss\u00e3o de Meio Ambiente (CMA). O senador destacou que a iniciativa coloca as crian\u00e7as e os adolescentes no debate sobre pol\u00edticas ambientais.<\/p>\n<p class=\"wp-block-paragraph\">\u201cA crise ambiental n\u00e3o produz efeitos homog\u00eaneos, uma vez que seus impactos incidem de modo mais intenso sobre grupos em condi\u00e7\u00e3o de maior vulnerabilidade, especialmente crian\u00e7as, adolescentes, pessoas com defici\u00eancia, comunidades tradicionais, popula\u00e7\u00f5es rurais e fam\u00edlias em situa\u00e7\u00e3o de vulnerabilidade socioecon\u00f4mica. Ao reconhecer essa assimetria, o projeto aproxima a pol\u00edtica ambiental de uma perspectiva de justi\u00e7a socioambiental\u201d, afirmou o senador.<\/p>\n<p class=\"wp-block-paragraph\"><em>Siga o Acorda Cidade no\u00a0<\/em><a href=\"https:\/\/news.google.com\/search?q=acorda%20cidade&amp;hl=pt-BR&amp;gl=BR&amp;ceid=BR%3Apt-419\"><strong><em>Google Not\u00edcias<\/em><\/strong><\/a><em>\u00a0e receba os principais destaques do dia. Participe tamb\u00e9m dos nossos canais no\u00a0<\/em><a href=\"https:\/\/whatsapp.com\/channel\/0029Va6Rb4v3WHTNnsh8WI3N\"><strong><em>WhatsApp<\/em><\/strong><\/a><em>\u00a0e\u00a0<\/em><a href=\"https:\/\/www.youtube.com\/@acordacidadenoticias\/videos\"><strong>YouTube<\/strong><\/a><em>\u00a0e do grupo no\u00a0<\/em><a href=\"https:\/\/t.me\/+sSz0khrgARA0ZmRh\"><strong><em>Telegram<\/em><\/strong><\/a><em>.<\/em><\/p>\n<\/div>\n","protected":false},"excerpt":{"rendered":"<p>Foto: T\u00e2nia R\u00eago\/ Ag\u00eancia Brasil Ag\u00eancia Brasil \u2014 O direito de crian\u00e7as e adolescentes ao<\/p>\n","protected":false},"author":1,"featured_media":148941,"comment_status":"closed","ping_status":"closed","sticky":false,"template":"","format":"gallery","meta":{"footnotes":""},"categories":[8,9,6,57,56,10],"tags":[],"class_list":["post-148940","post","type-post","status-publish","format-gallery","has-post-thumbnail","hentry","category-bahia","category-brasil","category-feira-de-santana","category-mundo","category-policia","category-politica","post_format-post-format-gallery"],"featured_image_urls":{"full":["https:\/\/noticiasbahia360.com.br\/wp-content\/uploads\/2026\/09\/Criancas-em-frente-a-lixo-Foto-Tania-Rego-Agencia-Brasil.jpg",1200,718,false],"thumbnail":["https:\/\/noticiasbahia360.com.br\/wp-content\/uploads\/2026\/09\/Criancas-em-frente-a-lixo-Foto-Tania-Rego-Agencia-Brasil-150x150.jpg",150,150,true],"medium":["https:\/\/noticiasbahia360.com.br\/wp-content\/uploads\/2026\/09\/Criancas-em-frente-a-lixo-Foto-Tania-Rego-Agencia-Brasil-300x180.jpg",300,180,true],"medium_large":["https:\/\/noticiasbahia360.com.br\/wp-content\/uploads\/2026\/09\/Criancas-em-frente-a-lixo-Foto-Tania-Rego-Agencia-Brasil-768x460.jpg",640,383,true],"large":["https:\/\/noticiasbahia360.com.br\/wp-content\/uploads\/2026\/09\/Criancas-em-frente-a-lixo-Foto-Tania-Rego-Agencia-Brasil-1024x613.jpg",640,383,true],"1536x1536":["https:\/\/noticiasbahia360.com.br\/wp-content\/uploads\/2026\/09\/Criancas-em-frente-a-lixo-Foto-Tania-Rego-Agencia-Brasil.jpg",1200,718,false],"2048x2048":["https:\/\/noticiasbahia360.com.br\/wp-content\/uploads\/2026\/09\/Criancas-em-frente-a-lixo-Foto-Tania-Rego-Agencia-Brasil.jpg",1200,718,false],"chromenews-featured":["https:\/\/noticiasbahia360.com.br\/wp-content\/uploads\/2026\/09\/Criancas-em-frente-a-lixo-Foto-Tania-Rego-Agencia-Brasil-1024x613.jpg",1024,613,true],"chromenews-large":["https:\/\/noticiasbahia360.com.br\/wp-content\/uploads\/2026\/09\/Criancas-em-frente-a-lixo-Foto-Tania-Rego-Agencia-Brasil-825x575.jpg",825,575,true],"chromenews-medium":["https:\/\/noticiasbahia360.com.br\/wp-content\/uploads\/2026\/09\/Criancas-em-frente-a-lixo-Foto-Tania-Rego-Agencia-Brasil-590x410.jpg",590,410,true]},"author_info":{"display_name":"noticiasbahia360.com.br","author_link":"https:\/\/noticiasbahia360.com.br\/?author=1"},"category_info":"<a href=\"https:\/\/noticiasbahia360.com.br\/?cat=8\" rel=\"category\">Bahia<\/a> <a href=\"https:\/\/noticiasbahia360.com.br\/?cat=9\" rel=\"category\">Brasil<\/a> <a href=\"https:\/\/noticiasbahia360.com.br\/?cat=6\" rel=\"category\">Feira de Santana<\/a> <a href=\"https:\/\/noticiasbahia360.com.br\/?cat=57\" rel=\"category\">Mundo<\/a> <a href=\"https:\/\/noticiasbahia360.com.br\/?cat=56\" rel=\"category\">Pol\u00edcia<\/a> <a href=\"https:\/\/noticiasbahia360.com.br\/?cat=10\" rel=\"category\">Pol\u00edtica<\/a>","tag_info":"Pol\u00edtica","comment_count":"0","_links":{"self":[{"href":"https:\/\/noticiasbahia360.com.br\/index.php?rest_route=\/wp\/v2\/posts\/148940","targetHints":{"allow":["GET"]}}],"collection":[{"href":"https:\/\/noticiasbahia360.com.br\/index.php?rest_route=\/wp\/v2\/posts"}],"about":[{"href":"https:\/\/noticiasbahia360.com.br\/index.php?rest_route=\/wp\/v2\/types\/post"}],"author":[{"embeddable":true,"href":"https:\/\/noticiasbahia360.com.br\/index.php?rest_route=\/wp\/v2\/users\/1"}],"replies":[{"embeddable":true,"href":"https:\/\/noticiasbahia360.com.br\/index.php?rest_route=%2Fwp%2Fv2%2Fcomments&post=148940"}],"version-history":[{"count":0,"href":"https:\/\/noticiasbahia360.com.br\/index.php?rest_route=\/wp\/v2\/posts\/148940\/revisions"}],"wp:featuredmedia":[{"embeddable":true,"href":"https:\/\/noticiasbahia360.com.br\/index.php?rest_route=\/wp\/v2\/media\/148941"}],"wp:attachment":[{"href":"https:\/\/noticiasbahia360.com.br\/index.php?rest_route=%2Fwp%2Fv2%2Fmedia&parent=148940"}],"wp:term":[{"taxonomy":"category","embeddable":true,"href":"https:\/\/noticiasbahia360.com.br\/index.php?rest_route=%2Fwp%2Fv2%2Fcategories&post=148940"},{"taxonomy":"post_tag","embeddable":true,"href":"https:\/\/noticiasbahia360.com.br\/index.php?rest_route=%2Fwp%2Fv2%2Ftags&post=148940"}],"curies":[{"name":"wp","href":"https:\/\/api.w.org\/{rel}","templated":true}]}}