{"id":148942,"date":"2026-09-04T22:00:28","date_gmt":"2026-09-05T01:00:28","guid":{"rendered":"https:\/\/noticiasbahia360.com.br\/?p=148942"},"modified":"2026-09-04T22:00:28","modified_gmt":"2026-09-05T01:00:28","slug":"produtores-rurais-afetados-por-eventos-climaticos-terao-nova-chance-de-renegociar-dividas-saiba-mais","status":"publish","type":"post","link":"https:\/\/noticiasbahia360.com.br\/?p=148942","title":{"rendered":"Produtores rurais afetados por eventos clim\u00e1ticos ter\u00e3o nova chance de renegociar d\u00edvidas; saiba mais"},"content":{"rendered":"<div>\n<div>\n<figure><img decoding=\"async\" src=\"http:\/\/noticiasbahia360.com.br\/wp-content\/uploads\/2026\/09\/propriedade-rural.jpg\" alt=\"propriedade rural\"><figcaption>Foto: CNA\/ Wenderson Araujo\/Trilux<br \/>\n<\/figcaption><\/figure>\n<\/div>\n<p class=\"wp-block-paragraph\">Ag\u00eancia Brasil \u2014 Produtores rurais afetados por eventos clim\u00e1ticos ou outras condi\u00e7\u00f5es excepcionais\u00a0ganharam mais um incentivo para renegociar d\u00edvidas. Em reuni\u00e3o extraordin\u00e1ria, o Conselho Monet\u00e1rio Nacional (CMN) aprovou nesta sexta-feira (4) uma medida que amplia as possibilidades de refinanciamento de d\u00e9bitos de agricultores, pecuaristas e cooperativas agropecu\u00e1rias afetados por eventos adversos ou outras condi\u00e7\u00f5es excepcionais que prejudicaram a capacidade de produ\u00e7\u00e3o e pagamento.<\/p>\n<p class=\"wp-block-paragraph\">A decis\u00e3o permite a\u00a0composi\u00e7\u00e3o de d\u00edvidas\u00a0que ficaram fora das regras da\u00a0<a href=\"https:\/\/www.bcb.gov.br\/estabilidadefinanceira\/exibenormativo?tipo=Resolu%C3%A7%C3%A3o%20CMN&amp;numero=5330\" target=\"_blank\" rel=\"noreferrer noopener\">Resolu\u00e7\u00e3o CMN 5.330<\/a>, aprovada em julho, por quest\u00f5es operacionais ou relacionadas aos prazos de formaliza\u00e7\u00e3o.<\/p>\n<p class=\"wp-block-paragraph\"><strong>A medida busca atender aos produtores que preenchiam os requisitos para renegociar os d\u00e9bitos, mas perderam o enquadramento por n\u00e3o conseguirem concluir a opera\u00e7\u00e3o dentro do prazo.<\/strong><\/p>\n<h2 id=\"h-quem-sera-atendido\" class=\"wp-block-heading\">Quem ser\u00e1 atendido<\/h2>\n<p class=\"wp-block-paragraph\">Poder\u00e3o ser enquadradas:<\/p>\n<ul class=\"wp-block-list\">\n<li>\u00a0 \u00a0 Opera\u00e7\u00f5es prorrogadas: d\u00edvidas que seguiram as regras da Resolu\u00e7\u00e3o 5.330, mas entraram em inadimpl\u00eancia ap\u00f3s o prazo de 30 dias porque a renegocia\u00e7\u00e3o n\u00e3o foi formalizada;<\/li>\n<li>\u00a0\u00a0\u00a0\u00a0D\u00edvidas com vencimento recente: opera\u00e7\u00f5es renegociadas ou prorrogadas at\u00e9 31 de maio de 2026, com vencimento entre 15 de agosto e a data de publica\u00e7\u00e3o da nova resolu\u00e7\u00e3o e que ficaram inadimplentes nesse per\u00edodo.<\/li>\n<\/ul>\n<p class=\"wp-block-paragraph\"><strong>O prazo para contratar a recomposi\u00e7\u00e3o da d\u00edvida vai at\u00e9 12 de novembro.<\/strong><\/p>\n<p class=\"wp-block-paragraph\">O CMN tamb\u00e9m autorizou as institui\u00e7\u00f5es financeiras a oferecerem linhas de cr\u00e9dito com recursos livres para a recomposi\u00e7\u00e3o de d\u00edvidas rurais n\u00e3o contempladas pela Resolu\u00e7\u00e3o 5.330 ou quando os recursos originalmente destinados \u00e0 medida j\u00e1 tiverem sido totalmente utilizados.<\/p>\n<p class=\"wp-block-paragraph\">A contrata\u00e7\u00e3o depender\u00e1 de an\u00e1lise de cr\u00e9dito pelo banco, que far\u00e1 uma nova classifica\u00e7\u00e3o de risco.\u00a0<strong>As garantias (bens tomados em caso de inadimpl\u00eancia) tamb\u00e9m poder\u00e3o ser reavaliadas.<\/strong><\/p>\n<p class=\"wp-block-paragraph\">O produtor, no entanto, deve ficar atento. Embora a medida amplie as op\u00e7\u00f5es de renegocia\u00e7\u00e3o, n\u00e3o significa aprova\u00e7\u00e3o autom\u00e1tica do cr\u00e9dito.<\/p>\n<h2 id=\"h-fundos-constitucionais\" class=\"wp-block-heading\">Fundos constitucionais<\/h2>\n<p class=\"wp-block-paragraph\">O Conselho aprovou ainda um tratamento espec\u00edfico para opera\u00e7\u00f5es contratadas com recursos dos Fundos Constitucionais de Financiamento do Norte (FNO), Nordeste (FNE) e Centro-Oeste (FCO).<\/p>\n<p class=\"wp-block-paragraph\">A regra prev\u00ea uma classifica\u00e7\u00e3o de risco mais favor\u00e1vel para determinadas opera\u00e7\u00f5es renegociadas de acordo com a legisla\u00e7\u00e3o vigente.\u00a0<\/p>\n<p class=\"wp-block-paragraph\"><strong>Est\u00e3o contempladas opera\u00e7\u00f5es contratadas pelo Programa Nacional de Fortalecimento da Agricultura Familiar (Pronaf), pelo Programa Nacional de Apoio ao M\u00e9dio Produtor Rural (Pronamp) e demais linhas de cr\u00e9dito rural.<\/strong><\/p>\n<p class=\"wp-block-paragraph\">Para os fundos constitucionais, a regra contempla dois grupos.<\/p>\n<h3 id=\"h-primeiro-grupo\" class=\"wp-block-heading\"><strong>Primeiro grupo<\/strong><\/h3>\n<p class=\"wp-block-paragraph\">Opera\u00e7\u00f5es de custeio, comercializa\u00e7\u00e3o e industrializa\u00e7\u00e3o:<\/p>\n<ul class=\"wp-block-list\">\n<li>\u00a0\u00a0\u00a0\u00a0renegociadas ou prorrogadas entre 1\u00ba de junho e 15 de julho de 2026;<\/li>\n<li>\u00a0\u00a0\u00a0\u00a0adimplentes (em dia) no momento da contrata\u00e7\u00e3o da nova opera\u00e7\u00e3o.<\/li>\n<\/ul>\n<h3 id=\"h-segundo-grupo\" class=\"wp-block-heading\"><strong>Segundo grupo<\/strong><\/h3>\n<p class=\"wp-block-paragraph\">Opera\u00e7\u00f5es de custeio, investimento, comercializa\u00e7\u00e3o e industrializa\u00e7\u00e3o:<\/p>\n<ul class=\"wp-block-list\">\n<li>\u00a0\u00a0\u00a0\u00a0contratadas at\u00e9 dezembro de 2025, mesmo que tenham sido renegociadas ou prorrogadas;<\/li>\n<li>\u00a0\u00a0\u00a0\u00a0inadimplentes desde 1\u00ba de janeiro de 2024;<\/li>\n<li>\u00a0\u00a0\u00a0\u00a0continuavam inadimplentes em 15 de julho de 2026.<\/li>\n<\/ul>\n<h2 id=\"h-entenda\" class=\"wp-block-heading\">Entenda<\/h2>\n<p class=\"wp-block-paragraph\">A nova regra surgiu ap\u00f3s o CMN identificar, durante a regulamenta\u00e7\u00e3o da renegocia\u00e7\u00e3o de d\u00edvidas rurais, opera\u00e7\u00f5es que atendiam aos crit\u00e9rios para renegocia\u00e7\u00e3o, mas ficaram impedidas de acessar as linhas de cr\u00e9dito por problemas operacionais relacionados \u00e0 formaliza\u00e7\u00e3o e aos prazos.<\/p>\n<p class=\"wp-block-paragraph\">Essa resolu\u00e7\u00e3o regulamentou a\u00a0<a href=\"https:\/\/www.planalto.gov.br\/ccivil_03\/_ato2023-2026\/2026\/mpv\/mpv1376.htm\" target=\"_blank\" rel=\"noreferrer noopener\">Medida Provis\u00f3ria (MP) 1.376<\/a>, editada em julho para apoiar produtores e cooperativas afetados por eventos clim\u00e1ticos e outras condi\u00e7\u00f5es excepcionais.<\/p>\n<p class=\"wp-block-paragraph\">Publicada ap\u00f3s um acordo entre o governo e o Congresso, a\u00a0MP prev\u00ea at\u00e9 dez anos de pagamento\u00a0e a cria\u00e7\u00e3o de um fundo garantidor para ampliar o acesso ao financiamento rural de m\u00e9dio e longo prazo.<\/p>\n<p class=\"wp-block-paragraph\"><strong>Com a nova decis\u00e3o, o CMN procura corrigir a lacuna e ampliar o alcance das medidas de apoio ao setor rural.<\/strong><\/p>\n<h2 id=\"h-conselho\" class=\"wp-block-heading\">Conselho<\/h2>\n<p class=\"wp-block-paragraph\">O Conselho Monet\u00e1rio Nacional \u00e9 o \u00f3rg\u00e3o respons\u00e1vel por formular diretrizes das pol\u00edticas monet\u00e1ria, credit\u00edcia e cambial do pa\u00eds.<\/p>\n<p class=\"wp-block-paragraph\">Presidido pelo ministro da Fazenda, Dario Durigan, o CMN tamb\u00e9m \u00e9 composto pelo presidente do Banco Central, Gabriel Gal\u00edpolo, e pelo ministro do Planejamento e Or\u00e7amento, Bruno Moretti.<\/p>\n<p class=\"wp-block-paragraph\"><em>Siga o Acorda Cidade no\u00a0<\/em><a href=\"https:\/\/news.google.com\/search?q=acorda%20cidade&amp;hl=pt-BR&amp;gl=BR&amp;ceid=BR%3Apt-419\"><strong><em>Google Not\u00edcias<\/em><\/strong><\/a><em>\u00a0e receba os principais destaques do dia. Participe tamb\u00e9m dos nossos canais no\u00a0<\/em><a href=\"https:\/\/whatsapp.com\/channel\/0029Va6Rb4v3WHTNnsh8WI3N\"><strong><em>WhatsApp<\/em><\/strong><\/a><em>\u00a0e\u00a0<\/em><a href=\"https:\/\/www.youtube.com\/@acordacidadenoticias\/videos\"><strong>YouTube<\/strong><\/a><em>\u00a0e do grupo no\u00a0<\/em><a href=\"https:\/\/t.me\/+sSz0khrgARA0ZmRh\"><strong><em>Telegram<\/em><\/strong><\/a><em>.<\/em><\/p>\n<\/div>\n","protected":false},"excerpt":{"rendered":"<p>Foto: CNA\/ Wenderson Araujo\/Trilux Ag\u00eancia Brasil \u2014 Produtores rurais afetados por eventos clim\u00e1ticos ou outras<\/p>\n","protected":false},"author":1,"featured_media":148943,"comment_status":"closed","ping_status":"closed","sticky":false,"template":"","format":"gallery","meta":{"footnotes":""},"categories":[8,9,6,57,56,10],"tags":[],"class_list":["post-148942","post","type-post","status-publish","format-gallery","has-post-thumbnail","hentry","category-bahia","category-brasil","category-feira-de-santana","category-mundo","category-policia","category-politica","post_format-post-format-gallery"],"featured_image_urls":{"full":["https:\/\/noticiasbahia360.com.br\/wp-content\/uploads\/2026\/09\/propriedade-rural.jpg",1200,718,false],"thumbnail":["https:\/\/noticiasbahia360.com.br\/wp-content\/uploads\/2026\/09\/propriedade-rural-150x150.jpg",150,150,true],"medium":["https:\/\/noticiasbahia360.com.br\/wp-content\/uploads\/2026\/09\/propriedade-rural-300x180.jpg",300,180,true],"medium_large":["https:\/\/noticiasbahia360.com.br\/wp-content\/uploads\/2026\/09\/propriedade-rural-768x460.jpg",640,383,true],"large":["https:\/\/noticiasbahia360.com.br\/wp-content\/uploads\/2026\/09\/propriedade-rural-1024x613.jpg",640,383,true],"1536x1536":["https:\/\/noticiasbahia360.com.br\/wp-content\/uploads\/2026\/09\/propriedade-rural.jpg",1200,718,false],"2048x2048":["https:\/\/noticiasbahia360.com.br\/wp-content\/uploads\/2026\/09\/propriedade-rural.jpg",1200,718,false],"chromenews-featured":["https:\/\/noticiasbahia360.com.br\/wp-content\/uploads\/2026\/09\/propriedade-rural-1024x613.jpg",1024,613,true],"chromenews-large":["https:\/\/noticiasbahia360.com.br\/wp-content\/uploads\/2026\/09\/propriedade-rural-825x575.jpg",825,575,true],"chromenews-medium":["https:\/\/noticiasbahia360.com.br\/wp-content\/uploads\/2026\/09\/propriedade-rural-590x410.jpg",590,410,true]},"author_info":{"display_name":"noticiasbahia360.com.br","author_link":"https:\/\/noticiasbahia360.com.br\/?author=1"},"category_info":"<a href=\"https:\/\/noticiasbahia360.com.br\/?cat=8\" rel=\"category\">Bahia<\/a> <a href=\"https:\/\/noticiasbahia360.com.br\/?cat=9\" rel=\"category\">Brasil<\/a> <a href=\"https:\/\/noticiasbahia360.com.br\/?cat=6\" rel=\"category\">Feira de Santana<\/a> <a href=\"https:\/\/noticiasbahia360.com.br\/?cat=57\" rel=\"category\">Mundo<\/a> <a href=\"https:\/\/noticiasbahia360.com.br\/?cat=56\" rel=\"category\">Pol\u00edcia<\/a> <a href=\"https:\/\/noticiasbahia360.com.br\/?cat=10\" rel=\"category\">Pol\u00edtica<\/a>","tag_info":"Pol\u00edtica","comment_count":"0","_links":{"self":[{"href":"https:\/\/noticiasbahia360.com.br\/index.php?rest_route=\/wp\/v2\/posts\/148942","targetHints":{"allow":["GET"]}}],"collection":[{"href":"https:\/\/noticiasbahia360.com.br\/index.php?rest_route=\/wp\/v2\/posts"}],"about":[{"href":"https:\/\/noticiasbahia360.com.br\/index.php?rest_route=\/wp\/v2\/types\/post"}],"author":[{"embeddable":true,"href":"https:\/\/noticiasbahia360.com.br\/index.php?rest_route=\/wp\/v2\/users\/1"}],"replies":[{"embeddable":true,"href":"https:\/\/noticiasbahia360.com.br\/index.php?rest_route=%2Fwp%2Fv2%2Fcomments&post=148942"}],"version-history":[{"count":0,"href":"https:\/\/noticiasbahia360.com.br\/index.php?rest_route=\/wp\/v2\/posts\/148942\/revisions"}],"wp:featuredmedia":[{"embeddable":true,"href":"https:\/\/noticiasbahia360.com.br\/index.php?rest_route=\/wp\/v2\/media\/148943"}],"wp:attachment":[{"href":"https:\/\/noticiasbahia360.com.br\/index.php?rest_route=%2Fwp%2Fv2%2Fmedia&parent=148942"}],"wp:term":[{"taxonomy":"category","embeddable":true,"href":"https:\/\/noticiasbahia360.com.br\/index.php?rest_route=%2Fwp%2Fv2%2Fcategories&post=148942"},{"taxonomy":"post_tag","embeddable":true,"href":"https:\/\/noticiasbahia360.com.br\/index.php?rest_route=%2Fwp%2Fv2%2Ftags&post=148942"}],"curies":[{"name":"wp","href":"https:\/\/api.w.org\/{rel}","templated":true}]}}