{"id":148944,"date":"2026-09-04T22:00:30","date_gmt":"2026-09-05T01:00:30","guid":{"rendered":"https:\/\/noticiasbahia360.com.br\/?p=148944"},"modified":"2026-09-04T22:00:30","modified_gmt":"2026-09-05T01:00:30","slug":"novo-contrato-das-brs-116-e-324-preve-pontos-de-descanso-postos-de-pesagem-e-novas-estruturas","status":"publish","type":"post","link":"https:\/\/noticiasbahia360.com.br\/?p=148944","title":{"rendered":"Novo contrato das BRs 116 e 324 prev\u00ea pontos de descanso, postos de pesagem e novas estruturas"},"content":{"rendered":"<div>\n<div>\n<figure><img decoding=\"async\" src=\"http:\/\/noticiasbahia360.com.br\/wp-content\/uploads\/2026\/09\/BR-324_-foto-Jefferson-Araujo.jpg\" alt=\"BR-324\"><figcaption>Foto: Ilustrativa\/ Jefferson Ara\u00fajo\/Acorda Cidade<\/figcaption><\/figure>\n<\/div>\n<p class=\"wp-block-paragraph\">A concess\u00e3o das rodovias BR-116 e BR-324, que integram a chamada Rota 2 de Julho, prev\u00ea investimentos bilion\u00e1rios em infraestrutura e servi\u00e7os nos 653,3 quil\u00f4metros das vias. O edital, <a href=\"https:\/\/www.acordacidade.com.br\/bahia\/pedagio-antt-aprova-edital-para-concessao-das-brs-116-e-324\/\">aprovado pela Ag\u00eancia Nacional de Transportes Terrestres (ANTT) na quinta-feira (3)<\/a>, tamb\u00e9m estabelece a implanta\u00e7\u00e3o de dois pontos de descanso para caminhoneiros na BR-116.<\/p>\n<p class=\"wp-block-paragraph\">Um dos pontos ficar\u00e1 pr\u00f3ximo ao distrito de Empoeira, na regi\u00e3o de Castro Alves, no Rec\u00f4ncavo Baiano, em um posto de combust\u00edveis. O outro ser\u00e1 localizado nas proximidades de Vit\u00f3ria da Conquista, na regi\u00e3o sudoeste.<\/p>\n<p class=\"wp-block-paragraph\">Segundo informa\u00e7\u00f5es do <a href=\"https:\/\/www.bahianoticias.com.br\/municipios\/noticia\/52418-concessao-das-brs-116-e-324-tera-areas-de-descanso-para-caminhoneiros-postos-de-pesagem-e-expansao-de-unidades-da-prf-preve-edital-da-rota-2-de-julho\" target=\"_blank\" rel=\"noreferrer noopener\">Bahia Not\u00edcias<\/a>, parceiro do Acorda Cidade, o projeto tamb\u00e9m prev\u00ea quatro postos fixos de pesagem, que devem ser instalados nas regi\u00f5es de P\u00e9 de Galinha, no sudoeste baiano; Fazenda Nova, no Portal do Sert\u00e3o; Passagem do Teixeira, na BR-324; e em outro ponto ainda previsto no tra\u00e7ado concedido.<\/p>\n<p class=\"wp-block-paragraph\">Al\u00e9m disso, o contrato inclui 12 Bases de Servi\u00e7os Operacionais (BSOs), um posto da ANTT nas proximidades de Val\u00e9ria, na BR-324, sentido\u00a0Sim\u00f5es Filho,\u00a0cinco novos p\u00f3rticos de sinaliza\u00e7\u00e3o e um Centro de Controle Operacional (CCO) na regi\u00e3o da Mata da Alian\u00e7a, na Regi\u00e3o Metropolitana de Salvador (RMS).<\/p>\n<p class=\"wp-block-paragraph\">Outro ponto previsto \u00e9 a reforma e amplia\u00e7\u00e3o de duas estruturas Pol\u00edcia Rodovi\u00e1ria Federal (PRF), entre delegacias e Unidades Operacionais (UOPs). A interven\u00e7\u00e3o principal ocorrer\u00e1 no complexo da delegacia e da UOP de Vit\u00f3ria da Conquista. <\/p>\n<p class=\"wp-block-paragraph\">A atual delegacia de Sim\u00f5es Filho, que hoje \u00e9 ocupada pelo Corpo de Bombeiros, dever\u00e1 ser demolida ap\u00f3s a constru\u00e7\u00e3o de uma nova unidade nas proximidades de Passagem do Teixeira.<\/p>\n<p class=\"wp-block-paragraph\">As BRs 116 e 324 est\u00e3o  entre os corredores rodovi\u00e1rios mais complexos para manuten\u00e7\u00e3o na Bahia, com longo hist\u00f3rico de buracos, sinaliza\u00e7\u00e3o prec\u00e1ria e insufici\u00eancia na capacidade do volume de tr\u00e1fego. Com isso, a concess\u00e3o anterior, operada pela ViaBahia, foi encerrada. Mesmo com o fim do contrato, alguns problemas continuaram e as rodovias seguiram sendo alvo de reclama\u00e7\u00f5es dos usu\u00e1rios.<\/p>\n<h2 id=\"h-sobre-as-tarifas\" class=\"wp-block-heading\">Sobre as tarifas<\/h2>\n<p class=\"wp-block-paragraph\">A ANTT estabeleceu uma tarifa-teto calculada de acordo com a quilometragem percorrida. A previs\u00e3o inicial \u00e9 de R$ 0,08396 por quil\u00f4metro no primeiro ano de contrato. Nos tr\u00eas anos seguintes, o valor dever\u00e1 sofrer reajustes de 13%, 13% e 14,244%, chegando a R$ 0,12248 por quil\u00f4metro a partir do quarto ano.<\/p>\n<p class=\"wp-block-paragraph\">O valor final pago pelos usu\u00e1rios, no entanto, depender\u00e1 do desconto oferecido pela empresa que vencer o leil\u00e3o. Atualmente, existem sete pra\u00e7as de ped\u00e1gio em funcionamento no trecho. Cinco est\u00e3o instaladas na BR-116, nos munic\u00edpios de Jequi\u00e9, Nova Itarana, Planalto, Rafael Jambeiro e Vit\u00f3ria da Conquista. As outras duas ficam na BR-324, em Sim\u00f5es Filho e Am\u00e9lia Rodrigues.<\/p>\n<p class=\"wp-block-paragraph\">Conforme proje\u00e7\u00f5es da ANTT, os valores das cinco pra\u00e7as da BR-116 passariam para:<\/p>\n<ul class=\"wp-block-list\">\n<li>Jequi\u00e9 (km 697): R$ 8,93;<\/li>\n<li>Nova Itarana (km 566): R$ 8,71;<\/li>\n<li>Planalto (km 772): R$ 9,14;<\/li>\n<li>Rafael Jambeiro\u00a0(km 482): R$ 11,06;<\/li>\n<li>Vit\u00f3ria da Conquista (km 872): R$ 10,49.<\/li>\n<\/ul>\n<p class=\"wp-block-paragraph\"><strong>Leia tamb\u00e9m: <\/strong><a href=\"https:\/\/www.acordacidade.com.br\/bahia\/pedagio-antt-aprova-edital-para-concessao-das-brs-116-e-324\/\">Ped\u00e1gio: ANTT aprova edital para concess\u00e3o das BRs-116 e 324<\/a><\/p>\n<p class=\"wp-block-paragraph\"><em>Siga o Acorda Cidade no\u00a0<\/em><a href=\"https:\/\/news.google.com\/search?q=acorda%20cidade&amp;hl=pt-BR&amp;gl=BR&amp;ceid=BR%3Apt-419\"><strong><em>Google Not\u00edcias<\/em><\/strong><\/a><em>\u00a0e receba os principais destaques do dia. Participe tamb\u00e9m dos nossos canais no\u00a0<\/em><a href=\"https:\/\/whatsapp.com\/channel\/0029Va6Rb4v3WHTNnsh8WI3N\"><strong><em>WhatsApp<\/em><\/strong><\/a><em>\u00a0e\u00a0<\/em><a href=\"https:\/\/www.youtube.com\/@acordacidadenoticias\/videos\"><strong>YouTube<\/strong><\/a><em>\u00a0e do grupo no\u00a0<\/em><a href=\"https:\/\/t.me\/+sSz0khrgARA0ZmRh\"><strong><em>Telegram<\/em><\/strong><\/a><em>.<\/em><\/p>\n<\/div>\n","protected":false},"excerpt":{"rendered":"<p>Foto: Ilustrativa\/ Jefferson Ara\u00fajo\/Acorda Cidade A concess\u00e3o das rodovias BR-116 e BR-324, que integram a<\/p>\n","protected":false},"author":1,"featured_media":148945,"comment_status":"closed","ping_status":"closed","sticky":false,"template":"","format":"gallery","meta":{"footnotes":""},"categories":[8,9,6,57,56,10],"tags":[],"class_list":["post-148944","post","type-post","status-publish","format-gallery","has-post-thumbnail","hentry","category-bahia","category-brasil","category-feira-de-santana","category-mundo","category-policia","category-politica","post_format-post-format-gallery"],"featured_image_urls":{"full":["https:\/\/noticiasbahia360.com.br\/wp-content\/uploads\/2026\/09\/BR-324_-foto-Jefferson-Araujo.jpg",1200,802,false],"thumbnail":["https:\/\/noticiasbahia360.com.br\/wp-content\/uploads\/2026\/09\/BR-324_-foto-Jefferson-Araujo-150x150.jpg",150,150,true],"medium":["https:\/\/noticiasbahia360.com.br\/wp-content\/uploads\/2026\/09\/BR-324_-foto-Jefferson-Araujo-300x201.jpg",300,201,true],"medium_large":["https:\/\/noticiasbahia360.com.br\/wp-content\/uploads\/2026\/09\/BR-324_-foto-Jefferson-Araujo-768x513.jpg",640,428,true],"large":["https:\/\/noticiasbahia360.com.br\/wp-content\/uploads\/2026\/09\/BR-324_-foto-Jefferson-Araujo-1024x684.jpg",640,428,true],"1536x1536":["https:\/\/noticiasbahia360.com.br\/wp-content\/uploads\/2026\/09\/BR-324_-foto-Jefferson-Araujo.jpg",1200,802,false],"2048x2048":["https:\/\/noticiasbahia360.com.br\/wp-content\/uploads\/2026\/09\/BR-324_-foto-Jefferson-Araujo.jpg",1200,802,false],"chromenews-featured":["https:\/\/noticiasbahia360.com.br\/wp-content\/uploads\/2026\/09\/BR-324_-foto-Jefferson-Araujo-1024x684.jpg",1024,684,true],"chromenews-large":["https:\/\/noticiasbahia360.com.br\/wp-content\/uploads\/2026\/09\/BR-324_-foto-Jefferson-Araujo-825x575.jpg",825,575,true],"chromenews-medium":["https:\/\/noticiasbahia360.com.br\/wp-content\/uploads\/2026\/09\/BR-324_-foto-Jefferson-Araujo-590x410.jpg",590,410,true]},"author_info":{"display_name":"noticiasbahia360.com.br","author_link":"https:\/\/noticiasbahia360.com.br\/?author=1"},"category_info":"<a href=\"https:\/\/noticiasbahia360.com.br\/?cat=8\" rel=\"category\">Bahia<\/a> <a href=\"https:\/\/noticiasbahia360.com.br\/?cat=9\" rel=\"category\">Brasil<\/a> <a href=\"https:\/\/noticiasbahia360.com.br\/?cat=6\" rel=\"category\">Feira de Santana<\/a> <a href=\"https:\/\/noticiasbahia360.com.br\/?cat=57\" rel=\"category\">Mundo<\/a> <a href=\"https:\/\/noticiasbahia360.com.br\/?cat=56\" rel=\"category\">Pol\u00edcia<\/a> <a href=\"https:\/\/noticiasbahia360.com.br\/?cat=10\" rel=\"category\">Pol\u00edtica<\/a>","tag_info":"Pol\u00edtica","comment_count":"0","_links":{"self":[{"href":"https:\/\/noticiasbahia360.com.br\/index.php?rest_route=\/wp\/v2\/posts\/148944","targetHints":{"allow":["GET"]}}],"collection":[{"href":"https:\/\/noticiasbahia360.com.br\/index.php?rest_route=\/wp\/v2\/posts"}],"about":[{"href":"https:\/\/noticiasbahia360.com.br\/index.php?rest_route=\/wp\/v2\/types\/post"}],"author":[{"embeddable":true,"href":"https:\/\/noticiasbahia360.com.br\/index.php?rest_route=\/wp\/v2\/users\/1"}],"replies":[{"embeddable":true,"href":"https:\/\/noticiasbahia360.com.br\/index.php?rest_route=%2Fwp%2Fv2%2Fcomments&post=148944"}],"version-history":[{"count":0,"href":"https:\/\/noticiasbahia360.com.br\/index.php?rest_route=\/wp\/v2\/posts\/148944\/revisions"}],"wp:featuredmedia":[{"embeddable":true,"href":"https:\/\/noticiasbahia360.com.br\/index.php?rest_route=\/wp\/v2\/media\/148945"}],"wp:attachment":[{"href":"https:\/\/noticiasbahia360.com.br\/index.php?rest_route=%2Fwp%2Fv2%2Fmedia&parent=148944"}],"wp:term":[{"taxonomy":"category","embeddable":true,"href":"https:\/\/noticiasbahia360.com.br\/index.php?rest_route=%2Fwp%2Fv2%2Fcategories&post=148944"},{"taxonomy":"post_tag","embeddable":true,"href":"https:\/\/noticiasbahia360.com.br\/index.php?rest_route=%2Fwp%2Fv2%2Ftags&post=148944"}],"curies":[{"name":"wp","href":"https:\/\/api.w.org\/{rel}","templated":true}]}}