{"id":148946,"date":"2026-09-04T22:00:31","date_gmt":"2026-09-05T01:00:31","guid":{"rendered":"https:\/\/noticiasbahia360.com.br\/?p=148946"},"modified":"2026-09-04T22:00:31","modified_gmt":"2026-09-05T01:00:31","slug":"desfile-de-7-de-setembro-reune-forcas-de-seguranca-escolas-e-instituicoes-civis-em-feira-de-santana-veja-a-programacao","status":"publish","type":"post","link":"https:\/\/noticiasbahia360.com.br\/?p=148946","title":{"rendered":"Desfile de 7 de Setembro re\u00fane for\u00e7as de seguran\u00e7a, escolas e institui\u00e7\u00f5es civis em Feira de Santana; veja a programa\u00e7\u00e3o"},"content":{"rendered":"<div>\n<div>\n<figure><img decoding=\"async\" src=\"http:\/\/noticiasbahia360.com.br\/wp-content\/uploads\/2026\/09\/foto-ney-silva-acorda-cidade-12.jpg\" alt=\"desfile de 7 de setembro\"><figcaption>Foto: Ney Silva \/ Acorda Cidade <\/figcaption><\/figure>\n<\/div>\n<p class=\"wp-block-paragraph\">Feira de Santana ter\u00e1 uma programa\u00e7\u00e3o especial nesta segunda-feira (7), feriado da Independ\u00eancia do Brasil. A data marca os 204 anos da declara\u00e7\u00e3o da Independ\u00eancia do pa\u00eds, ocorrida em 1822.<\/p>\n<h2 id=\"h-transito-tera-mudancas\" class=\"wp-block-heading\">Tr\u00e2nsito ter\u00e1 mudan\u00e7as<\/h2>\n<p class=\"wp-block-paragraph\">Em Feira, as atividades come\u00e7am pela manh\u00e3, com o tradicional desfile c\u00edvico na tradicional Avenida Presidente Dutra. O in\u00edcio das festividades est\u00e1 previsto para as 8h30.<\/p>\n<p class=\"wp-block-paragraph\">Como o Acorda Cidade j\u00e1 mostrou, para garantir a realiza\u00e7\u00e3o do evento, a Superintend\u00eancia Municipal de Tr\u00e2nsito (SMT) preparou uma opera\u00e7\u00e3o especial. A Avenida Presidente Dutra ser\u00e1 parcialmente interditada no trecho entre a Rua Felinto Marques e a Avenida Senhor dos Passos. As vias transversais que d\u00e3o acesso ao trecho tamb\u00e9m ter\u00e3o bloqueios.<\/p>\n<p class=\"wp-block-paragraph\">As interdi\u00e7\u00f5es come\u00e7am \u00e0s 6h e a previs\u00e3o \u00e9 de que o tr\u00e2nsito seja liberado a partir das 13h. Ainda segundo a SMT, a retomada do tr\u00e1fego ocorrer\u00e1 ap\u00f3s o encerramento das atividades e uma avalia\u00e7\u00e3o das condi\u00e7\u00f5es de seguran\u00e7a no local.<\/p>\n<p class=\"wp-block-paragraph\">A programa\u00e7\u00e3o ser\u00e1 dividida em tr\u00eas momentos: apresenta\u00e7\u00e3o das tropas militares, desfile militar motorizado e, posteriormente, o desfile a p\u00e9 das institui\u00e7\u00f5es civis. Entre as tropas militares participantes estar\u00e3o o 35\u00ba Batalh\u00e3o de Infantaria, a Pol\u00edcia Militar da Bahia (PM-BA) e a Guarda Municipal.<\/p>\n<p class=\"wp-block-paragraph\">J\u00e1 o desfile motorizado contar\u00e1 com ve\u00edculos do 35\u00ba Batalh\u00e3o de Infantaria, da Pol\u00edcia Rodovi\u00e1ria Federal (PRF), do Comando de Policiamento da Regi\u00e3o Leste (CPRL), incluindo a Cavalaria, do 2\u00ba Batalh\u00e3o de Bombeiros Militar, da Pol\u00edcia Penal e da Guarda Municipal. Ap\u00f3s essa etapa, ser\u00e1 realizado o desfile das institui\u00e7\u00f5es civis.<\/p>\n<ul class=\"wp-block-list\">\n<li>Evoluir Brasil (Bombeiro Aprendiz Mirim);<\/li>\n<li>Bombeiros Civis;<\/li>\n<li>Desbravadores e Aventureiros da Igreja Adventista;<\/li>\n<li>Ordem Parama\u00e7\u00f4nica (Ma\u00e7onaria);<\/li>\n<li>Escola Municipal \u00c1lvaro Pereira Boaventura;<\/li>\n<li>Escola Municipal Adelice Cavalcante;<\/li>\n<li>Escola Municipal Geraldo Dias de Souza;<\/li>\n<li>Programa Juniores e Adolescentes (JUAD);<\/li>\n<li>Escola MK School;<\/li>\n<li>Col\u00e9gio Estadual Irm\u00e3 Rosa Aparecida\/Dispens\u00e1rio Santana;<\/li>\n<li>Centro Juvenil de Ci\u00eancia e Cultura (CJCC);<\/li>\n<li>Col\u00e9gio Estadual de Tempo Integral Georgina de Melo Erismann;<\/li>\n<li>Col\u00e9gio Estadual Governador Luiz Viana Filho;<\/li>\n<li>Educa Mais Bahia;<\/li>\n<li>Col\u00e9gio Estadual de Tempo Integral de Feira de Santana;<\/li>\n<li>Col\u00e9gio Estadual C\u00f4nego Cupertino de Lacerda;<\/li>\n<li>L\u00edderes e ouvidores estudantis;<\/li>\n<li>Igreja de Jesus Cristo dos Santos dos \u00daltimos Dias;<\/li>\n<li>Desfile motorizado do Baixo 75 Clube.<\/li>\n<\/ul>\n<p class=\"wp-block-paragraph\">O escoamento do desfile a p\u00e9 ser\u00e1 feito pela Rua Bar\u00e3o do Cotegipe, enquanto o desfile motorizado seguir\u00e1 pela Rua Jos\u00e9 Joaquim Seabra.<\/p>\n<p class=\"wp-block-paragraph\"><em>Siga o Acorda Cidade no\u00a0<\/em><a href=\"https:\/\/news.google.com\/search?q=acorda%20cidade&amp;hl=pt-BR&amp;gl=BR&amp;ceid=BR%3Apt-419\"><strong><em>Google Not\u00edcias<\/em><\/strong><\/a><em>\u00a0e receba os principais destaques do dia. Participe tamb\u00e9m dos nossos canais no\u00a0<\/em><a href=\"https:\/\/whatsapp.com\/channel\/0029Va6Rb4v3WHTNnsh8WI3N\"><strong><em>WhatsApp<\/em><\/strong><\/a><em>\u00a0e\u00a0<\/em><a href=\"https:\/\/www.youtube.com\/@acordacidadenoticias\/videos\"><strong>YouTube<\/strong><\/a><em>\u00a0e do grupo no\u00a0<\/em><a href=\"https:\/\/t.me\/+sSz0khrgARA0ZmRh\"><strong><em>Telegram<\/em><\/strong><\/a><em>.<\/em><\/p>\n<p class=\"wp-block-paragraph\">\n<\/div>\n","protected":false},"excerpt":{"rendered":"<p>Foto: Ney Silva \/ Acorda Cidade Feira de Santana ter\u00e1 uma programa\u00e7\u00e3o especial nesta segunda-feira<\/p>\n","protected":false},"author":1,"featured_media":148947,"comment_status":"closed","ping_status":"closed","sticky":false,"template":"","format":"gallery","meta":{"footnotes":""},"categories":[8,9,6,57,56,10],"tags":[],"class_list":["post-148946","post","type-post","status-publish","format-gallery","has-post-thumbnail","hentry","category-bahia","category-brasil","category-feira-de-santana","category-mundo","category-policia","category-politica","post_format-post-format-gallery"],"featured_image_urls":{"full":["https:\/\/noticiasbahia360.com.br\/wp-content\/uploads\/2026\/09\/foto-ney-silva-acorda-cidade-12.jpg",1200,900,false],"thumbnail":["https:\/\/noticiasbahia360.com.br\/wp-content\/uploads\/2026\/09\/foto-ney-silva-acorda-cidade-12-150x150.jpg",150,150,true],"medium":["https:\/\/noticiasbahia360.com.br\/wp-content\/uploads\/2026\/09\/foto-ney-silva-acorda-cidade-12-300x225.jpg",300,225,true],"medium_large":["https:\/\/noticiasbahia360.com.br\/wp-content\/uploads\/2026\/09\/foto-ney-silva-acorda-cidade-12-768x576.jpg",640,480,true],"large":["https:\/\/noticiasbahia360.com.br\/wp-content\/uploads\/2026\/09\/foto-ney-silva-acorda-cidade-12-1024x768.jpg",640,480,true],"1536x1536":["https:\/\/noticiasbahia360.com.br\/wp-content\/uploads\/2026\/09\/foto-ney-silva-acorda-cidade-12.jpg",1200,900,false],"2048x2048":["https:\/\/noticiasbahia360.com.br\/wp-content\/uploads\/2026\/09\/foto-ney-silva-acorda-cidade-12.jpg",1200,900,false],"chromenews-featured":["https:\/\/noticiasbahia360.com.br\/wp-content\/uploads\/2026\/09\/foto-ney-silva-acorda-cidade-12-1024x768.jpg",1024,768,true],"chromenews-large":["https:\/\/noticiasbahia360.com.br\/wp-content\/uploads\/2026\/09\/foto-ney-silva-acorda-cidade-12-825x575.jpg",825,575,true],"chromenews-medium":["https:\/\/noticiasbahia360.com.br\/wp-content\/uploads\/2026\/09\/foto-ney-silva-acorda-cidade-12-590x410.jpg",590,410,true]},"author_info":{"display_name":"noticiasbahia360.com.br","author_link":"https:\/\/noticiasbahia360.com.br\/?author=1"},"category_info":"<a href=\"https:\/\/noticiasbahia360.com.br\/?cat=8\" rel=\"category\">Bahia<\/a> <a href=\"https:\/\/noticiasbahia360.com.br\/?cat=9\" rel=\"category\">Brasil<\/a> <a href=\"https:\/\/noticiasbahia360.com.br\/?cat=6\" rel=\"category\">Feira de Santana<\/a> <a href=\"https:\/\/noticiasbahia360.com.br\/?cat=57\" rel=\"category\">Mundo<\/a> <a href=\"https:\/\/noticiasbahia360.com.br\/?cat=56\" rel=\"category\">Pol\u00edcia<\/a> <a href=\"https:\/\/noticiasbahia360.com.br\/?cat=10\" rel=\"category\">Pol\u00edtica<\/a>","tag_info":"Pol\u00edtica","comment_count":"0","_links":{"self":[{"href":"https:\/\/noticiasbahia360.com.br\/index.php?rest_route=\/wp\/v2\/posts\/148946","targetHints":{"allow":["GET"]}}],"collection":[{"href":"https:\/\/noticiasbahia360.com.br\/index.php?rest_route=\/wp\/v2\/posts"}],"about":[{"href":"https:\/\/noticiasbahia360.com.br\/index.php?rest_route=\/wp\/v2\/types\/post"}],"author":[{"embeddable":true,"href":"https:\/\/noticiasbahia360.com.br\/index.php?rest_route=\/wp\/v2\/users\/1"}],"replies":[{"embeddable":true,"href":"https:\/\/noticiasbahia360.com.br\/index.php?rest_route=%2Fwp%2Fv2%2Fcomments&post=148946"}],"version-history":[{"count":0,"href":"https:\/\/noticiasbahia360.com.br\/index.php?rest_route=\/wp\/v2\/posts\/148946\/revisions"}],"wp:featuredmedia":[{"embeddable":true,"href":"https:\/\/noticiasbahia360.com.br\/index.php?rest_route=\/wp\/v2\/media\/148947"}],"wp:attachment":[{"href":"https:\/\/noticiasbahia360.com.br\/index.php?rest_route=%2Fwp%2Fv2%2Fmedia&parent=148946"}],"wp:term":[{"taxonomy":"category","embeddable":true,"href":"https:\/\/noticiasbahia360.com.br\/index.php?rest_route=%2Fwp%2Fv2%2Fcategories&post=148946"},{"taxonomy":"post_tag","embeddable":true,"href":"https:\/\/noticiasbahia360.com.br\/index.php?rest_route=%2Fwp%2Fv2%2Ftags&post=148946"}],"curies":[{"name":"wp","href":"https:\/\/api.w.org\/{rel}","templated":true}]}}