{"id":148948,"date":"2026-09-04T23:00:46","date_gmt":"2026-09-05T02:00:46","guid":{"rendered":"https:\/\/noticiasbahia360.com.br\/?p=148948"},"modified":"2026-09-04T23:00:46","modified_gmt":"2026-09-05T02:00:46","slug":"homem-e-preso-em-operacao-policial-por-estupro-contra-crianca-de-sete-anos","status":"publish","type":"post","link":"https:\/\/noticiasbahia360.com.br\/?p=148948","title":{"rendered":"Homem \u00e9 preso em opera\u00e7\u00e3o policial por estupro contra crian\u00e7a de sete anos"},"content":{"rendered":"<div>\n<div>\n<figure><img decoding=\"async\" src=\"http:\/\/noticiasbahia360.com.br\/wp-content\/uploads\/2026\/09\/Delegacia-Territorial-Cacule-Foto-Divulgacao-PC-BA.jpg\" alt=\"Delegacia Territorial - Cacul\u00e9\"><figcaption>Foto: Divulga\u00e7\u00e3o\/ PC-BA<\/figcaption><\/figure>\n<\/div>\n<p class=\"wp-block-paragraph\">Um homem de 39 anos, investigado por estupro de vulner\u00e1vel contra uma crian\u00e7a de sete anos, foi preso em Cacul\u00e9, no Sert\u00e3o Produtivo. O crime aconteceu em agosto deste ano, na zona rural do munic\u00edpio. <\/p>\n<p class=\"wp-block-paragraph\">Segundo as investiga\u00e7\u00f5es, o suspeito teve um la\u00e7o parental com a v\u00edtima, o que levantou a possibilidade de que outros epis\u00f3dios semelhantes tenham ocorrido anteriormente.<\/p>\n<p class=\"wp-block-paragraph\">De acordo com o <a href=\"https:\/\/www.bahianoticias.com.br\/municipios\/noticia\/52417-operacao-prende-homem-que-estuprou-crianca-de-7-anos-no-sertao-produtivo\" target=\"_blank\" rel=\"noreferrer noopener\">Bahia Not\u00edcias<\/a>, parceiro do Acorda Cidade, o mandado de pris\u00e3o preventiva foi cumprido por equipes da Delegacia Territorial de\u00a0Cacul\u00e9, no \u00e2mbito da <a href=\"https:\/\/www.acordacidade.com.br\/?s=Opera%C3%A7%C3%A3o+Malhas+da+Lei\">Opera\u00e7\u00e3o Malhas da Lei<\/a>, deflagrada pela Pol\u00edcia Civil do Estado da Bahia (PC-BA).<\/p>\n<p class=\"wp-block-paragraph\">Ap\u00f3s a pris\u00e3o, o suspeito foi encaminhado para a Delegacia Territorial de Guanambi, tamb\u00e9m no Sert\u00e3o Produtivo, onde permanece custodiado\u00a0\u00e0 disposi\u00e7\u00e3o da Justi\u00e7a.<\/p>\n<p class=\"wp-block-paragraph\">A crian\u00e7a foi encaminhada para acompanhamento pelo servi\u00e7o de atendimento psicossocial do munic\u00edpio, conforme as medidas de prote\u00e7\u00e3o previstas no Estatuto da Crian\u00e7a e do Adolescente (ECA).<\/p>\n<p class=\"wp-block-paragraph\"><strong>Leia tamb\u00e9m: <\/strong><a href=\"https:\/\/www.acordacidade.com.br\/policia\/homem-condenado-por-estupro-de-vulneravel-e-preso-na-bahia\/\">Homem condenado por estupro de vulner\u00e1vel \u00e9 preso na Bahia<\/a><\/p>\n<p class=\"wp-block-paragraph\"><em>Siga o Acorda Cidade no\u00a0<\/em><a href=\"https:\/\/news.google.com\/search?q=acorda%20cidade&amp;hl=pt-BR&amp;gl=BR&amp;ceid=BR%3Apt-419\"><strong><em>Google Not\u00edcias<\/em><\/strong><\/a><em>\u00a0e receba os principais destaques do dia. Participe tamb\u00e9m dos nossos canais no\u00a0<\/em><a href=\"https:\/\/whatsapp.com\/channel\/0029Va6Rb4v3WHTNnsh8WI3N\"><strong><em>WhatsApp<\/em><\/strong><\/a><em>\u00a0e\u00a0<\/em><a href=\"https:\/\/www.youtube.com\/@acordacidadenoticias\/videos\"><strong>YouTube<\/strong><\/a><em>\u00a0e do grupo no\u00a0<\/em><a href=\"https:\/\/t.me\/+sSz0khrgARA0ZmRh\"><strong><em>Telegram<\/em><\/strong><\/a><em>.<\/em><\/p>\n<\/div>\n","protected":false},"excerpt":{"rendered":"<p>Foto: Divulga\u00e7\u00e3o\/ PC-BA Um homem de 39 anos, investigado por estupro de vulner\u00e1vel contra uma<\/p>\n","protected":false},"author":1,"featured_media":148949,"comment_status":"closed","ping_status":"closed","sticky":false,"template":"","format":"gallery","meta":{"footnotes":""},"categories":[8,9,6,57,56,10],"tags":[],"class_list":["post-148948","post","type-post","status-publish","format-gallery","has-post-thumbnail","hentry","category-bahia","category-brasil","category-feira-de-santana","category-mundo","category-policia","category-politica","post_format-post-format-gallery"],"featured_image_urls":{"full":["https:\/\/noticiasbahia360.com.br\/wp-content\/uploads\/2026\/09\/Delegacia-Territorial-Cacule-Foto-Divulgacao-PC-BA.jpg",1200,630,false],"thumbnail":["https:\/\/noticiasbahia360.com.br\/wp-content\/uploads\/2026\/09\/Delegacia-Territorial-Cacule-Foto-Divulgacao-PC-BA-150x150.jpg",150,150,true],"medium":["https:\/\/noticiasbahia360.com.br\/wp-content\/uploads\/2026\/09\/Delegacia-Territorial-Cacule-Foto-Divulgacao-PC-BA-300x158.jpg",300,158,true],"medium_large":["https:\/\/noticiasbahia360.com.br\/wp-content\/uploads\/2026\/09\/Delegacia-Territorial-Cacule-Foto-Divulgacao-PC-BA-768x403.jpg",640,336,true],"large":["https:\/\/noticiasbahia360.com.br\/wp-content\/uploads\/2026\/09\/Delegacia-Territorial-Cacule-Foto-Divulgacao-PC-BA-1024x538.jpg",640,336,true],"1536x1536":["https:\/\/noticiasbahia360.com.br\/wp-content\/uploads\/2026\/09\/Delegacia-Territorial-Cacule-Foto-Divulgacao-PC-BA.jpg",1200,630,false],"2048x2048":["https:\/\/noticiasbahia360.com.br\/wp-content\/uploads\/2026\/09\/Delegacia-Territorial-Cacule-Foto-Divulgacao-PC-BA.jpg",1200,630,false],"chromenews-featured":["https:\/\/noticiasbahia360.com.br\/wp-content\/uploads\/2026\/09\/Delegacia-Territorial-Cacule-Foto-Divulgacao-PC-BA-1024x538.jpg",1024,538,true],"chromenews-large":["https:\/\/noticiasbahia360.com.br\/wp-content\/uploads\/2026\/09\/Delegacia-Territorial-Cacule-Foto-Divulgacao-PC-BA-825x575.jpg",825,575,true],"chromenews-medium":["https:\/\/noticiasbahia360.com.br\/wp-content\/uploads\/2026\/09\/Delegacia-Territorial-Cacule-Foto-Divulgacao-PC-BA-590x410.jpg",590,410,true]},"author_info":{"display_name":"noticiasbahia360.com.br","author_link":"https:\/\/noticiasbahia360.com.br\/?author=1"},"category_info":"<a href=\"https:\/\/noticiasbahia360.com.br\/?cat=8\" rel=\"category\">Bahia<\/a> <a href=\"https:\/\/noticiasbahia360.com.br\/?cat=9\" rel=\"category\">Brasil<\/a> <a href=\"https:\/\/noticiasbahia360.com.br\/?cat=6\" rel=\"category\">Feira de Santana<\/a> <a href=\"https:\/\/noticiasbahia360.com.br\/?cat=57\" rel=\"category\">Mundo<\/a> <a href=\"https:\/\/noticiasbahia360.com.br\/?cat=56\" rel=\"category\">Pol\u00edcia<\/a> <a href=\"https:\/\/noticiasbahia360.com.br\/?cat=10\" rel=\"category\">Pol\u00edtica<\/a>","tag_info":"Pol\u00edtica","comment_count":"0","_links":{"self":[{"href":"https:\/\/noticiasbahia360.com.br\/index.php?rest_route=\/wp\/v2\/posts\/148948","targetHints":{"allow":["GET"]}}],"collection":[{"href":"https:\/\/noticiasbahia360.com.br\/index.php?rest_route=\/wp\/v2\/posts"}],"about":[{"href":"https:\/\/noticiasbahia360.com.br\/index.php?rest_route=\/wp\/v2\/types\/post"}],"author":[{"embeddable":true,"href":"https:\/\/noticiasbahia360.com.br\/index.php?rest_route=\/wp\/v2\/users\/1"}],"replies":[{"embeddable":true,"href":"https:\/\/noticiasbahia360.com.br\/index.php?rest_route=%2Fwp%2Fv2%2Fcomments&post=148948"}],"version-history":[{"count":0,"href":"https:\/\/noticiasbahia360.com.br\/index.php?rest_route=\/wp\/v2\/posts\/148948\/revisions"}],"wp:featuredmedia":[{"embeddable":true,"href":"https:\/\/noticiasbahia360.com.br\/index.php?rest_route=\/wp\/v2\/media\/148949"}],"wp:attachment":[{"href":"https:\/\/noticiasbahia360.com.br\/index.php?rest_route=%2Fwp%2Fv2%2Fmedia&parent=148948"}],"wp:term":[{"taxonomy":"category","embeddable":true,"href":"https:\/\/noticiasbahia360.com.br\/index.php?rest_route=%2Fwp%2Fv2%2Fcategories&post=148948"},{"taxonomy":"post_tag","embeddable":true,"href":"https:\/\/noticiasbahia360.com.br\/index.php?rest_route=%2Fwp%2Fv2%2Ftags&post=148948"}],"curies":[{"name":"wp","href":"https:\/\/api.w.org\/{rel}","templated":true}]}}