{"id":148950,"date":"2026-09-04T23:00:47","date_gmt":"2026-09-05T02:00:47","guid":{"rendered":"https:\/\/noticiasbahia360.com.br\/?p=148950"},"modified":"2026-09-04T23:00:47","modified_gmt":"2026-09-05T02:00:47","slug":"caminhoneiro-morre-e-outro-fica-ferido-apos-carretas-colidirem-na-br-101","status":"publish","type":"post","link":"https:\/\/noticiasbahia360.com.br\/?p=148950","title":{"rendered":"Caminhoneiro morre e outro fica ferido ap\u00f3s carretas colidirem na BR-101"},"content":{"rendered":"<div>\n<div>\n<figure><img decoding=\"async\" src=\"http:\/\/noticiasbahia360.com.br\/wp-content\/uploads\/2026\/09\/Vinicius-Fonseca-Marin-de-24-anos-Foto-Reproducao-Radar-News.jpg\" alt=\"Vinicius Fonseca Marin, de 24 anos\"><figcaption>Vinicius Fonseca Marin, de 24 anos | Foto: Reprodu\u00e7\u00e3o\/ Radar News<\/figcaption><\/figure>\n<\/div>\n<p class=\"wp-block-paragraph\">Um caminhoneiro morreu e outro ficou ferido ap\u00f3s duas carretas colidirem na tarde desta quinta-feira (3), no km 735 da BR-101, perto do munic\u00edpio de\u00a0Itabela, no sul da Bahia. O acidente aconteceu em uma curva fechada, em um trecho com registros frequentes de acidentes.<\/p>\n<p class=\"wp-block-paragraph\">Segundo informa\u00e7\u00f5es do Radar News, parceiro do Acorda Cidade, Vinicius Fonseca Marin, de 24 anos, conduzia uma carreta carregada com blocos de granito. Ele seguia em dire\u00e7\u00e3o a Cachoeiro de Itapemirim, no Esp\u00edrito Santo.<\/p>\n<p class=\"wp-block-paragraph\">Com o impacto, parte da carga se desprendeu. O caminhoneiro ficou preso \u00e0s ferragens. O Corpo de Bombeiros foi acionado e constatou a morte de Vinicius no local. A equipe precisou acionar um guincho para movimentar os blocos e permitir o acesso ao ve\u00edculo e a retirada do corpo.<\/p>\n<p class=\"wp-block-paragraph\">O outro motorista, que conduzia uma carreta com cimento, foi resgatado pelo Servi\u00e7o de Atendimento M\u00f3vel de Urg\u00eancia (Samu) e encaminhado para um hospital. N\u00e3o h\u00e1 informa\u00e7\u00f5es sobre o estado de sa\u00fade dele.<\/p>\n<p class=\"wp-block-paragraph\">Uma grande quantidade de \u00f3leo ficou espalhada pela rodovia. O tr\u00e2nsito foi parcialmente interditado durante o atendimento da ocorr\u00eancia, para a realiza\u00e7\u00e3o dos trabalhos de per\u00edcia, remo\u00e7\u00e3o dos ve\u00edculos e limpeza da pista.<\/p>\n<p class=\"wp-block-paragraph\">As circunst\u00e2ncias da colis\u00e3o ainda dever\u00e3o ser apuradas pelas autoridades competentes.<\/p>\n<p class=\"wp-block-paragraph\"><em>Siga o Acorda Cidade no\u00a0<\/em><a href=\"https:\/\/news.google.com\/search?q=acorda%20cidade&amp;hl=pt-BR&amp;gl=BR&amp;ceid=BR%3Apt-419\"><strong><em>Google Not\u00edcias<\/em><\/strong><\/a><em>\u00a0e receba os principais destaques do dia. Participe tamb\u00e9m dos nossos canais no\u00a0<\/em><a href=\"https:\/\/www.whatsapp.com\/channel\/0029Va6Rb4v3WHTNnsh8WI3N\"><strong><em>WhatsApp<\/em><\/strong><\/a><em>\u00a0e\u00a0<\/em><a href=\"https:\/\/www.youtube.com\/@acordacidadenoticias\/videos\"><strong>YouTube<\/strong><\/a><em>\u00a0e do grupo no\u00a0<\/em><a href=\"https:\/\/t.me\/+sSz0khrgARA0ZmRh\"><strong><em>Telegram<\/em><\/strong><\/a><em>.<\/em><\/p>\n<\/div>\n","protected":false},"excerpt":{"rendered":"<p>Vinicius Fonseca Marin, de 24 anos | Foto: Reprodu\u00e7\u00e3o\/ Radar News Um caminhoneiro morreu e<\/p>\n","protected":false},"author":1,"featured_media":148951,"comment_status":"closed","ping_status":"closed","sticky":false,"template":"","format":"gallery","meta":{"footnotes":""},"categories":[8,9,6,57,56,10],"tags":[],"class_list":["post-148950","post","type-post","status-publish","format-gallery","has-post-thumbnail","hentry","category-bahia","category-brasil","category-feira-de-santana","category-mundo","category-policia","category-politica","post_format-post-format-gallery"],"featured_image_urls":{"full":["https:\/\/noticiasbahia360.com.br\/wp-content\/uploads\/2026\/09\/Vinicius-Fonseca-Marin-de-24-anos-Foto-Reproducao-Radar-News.jpg",1200,800,false],"thumbnail":["https:\/\/noticiasbahia360.com.br\/wp-content\/uploads\/2026\/09\/Vinicius-Fonseca-Marin-de-24-anos-Foto-Reproducao-Radar-News-150x150.jpg",150,150,true],"medium":["https:\/\/noticiasbahia360.com.br\/wp-content\/uploads\/2026\/09\/Vinicius-Fonseca-Marin-de-24-anos-Foto-Reproducao-Radar-News-300x200.jpg",300,200,true],"medium_large":["https:\/\/noticiasbahia360.com.br\/wp-content\/uploads\/2026\/09\/Vinicius-Fonseca-Marin-de-24-anos-Foto-Reproducao-Radar-News-768x512.jpg",640,427,true],"large":["https:\/\/noticiasbahia360.com.br\/wp-content\/uploads\/2026\/09\/Vinicius-Fonseca-Marin-de-24-anos-Foto-Reproducao-Radar-News-1024x683.jpg",640,427,true],"1536x1536":["https:\/\/noticiasbahia360.com.br\/wp-content\/uploads\/2026\/09\/Vinicius-Fonseca-Marin-de-24-anos-Foto-Reproducao-Radar-News.jpg",1200,800,false],"2048x2048":["https:\/\/noticiasbahia360.com.br\/wp-content\/uploads\/2026\/09\/Vinicius-Fonseca-Marin-de-24-anos-Foto-Reproducao-Radar-News.jpg",1200,800,false],"chromenews-featured":["https:\/\/noticiasbahia360.com.br\/wp-content\/uploads\/2026\/09\/Vinicius-Fonseca-Marin-de-24-anos-Foto-Reproducao-Radar-News-1024x683.jpg",1024,683,true],"chromenews-large":["https:\/\/noticiasbahia360.com.br\/wp-content\/uploads\/2026\/09\/Vinicius-Fonseca-Marin-de-24-anos-Foto-Reproducao-Radar-News-825x575.jpg",825,575,true],"chromenews-medium":["https:\/\/noticiasbahia360.com.br\/wp-content\/uploads\/2026\/09\/Vinicius-Fonseca-Marin-de-24-anos-Foto-Reproducao-Radar-News-590x410.jpg",590,410,true]},"author_info":{"display_name":"noticiasbahia360.com.br","author_link":"https:\/\/noticiasbahia360.com.br\/?author=1"},"category_info":"<a href=\"https:\/\/noticiasbahia360.com.br\/?cat=8\" rel=\"category\">Bahia<\/a> <a href=\"https:\/\/noticiasbahia360.com.br\/?cat=9\" rel=\"category\">Brasil<\/a> <a href=\"https:\/\/noticiasbahia360.com.br\/?cat=6\" rel=\"category\">Feira de Santana<\/a> <a href=\"https:\/\/noticiasbahia360.com.br\/?cat=57\" rel=\"category\">Mundo<\/a> <a href=\"https:\/\/noticiasbahia360.com.br\/?cat=56\" rel=\"category\">Pol\u00edcia<\/a> <a href=\"https:\/\/noticiasbahia360.com.br\/?cat=10\" rel=\"category\">Pol\u00edtica<\/a>","tag_info":"Pol\u00edtica","comment_count":"0","_links":{"self":[{"href":"https:\/\/noticiasbahia360.com.br\/index.php?rest_route=\/wp\/v2\/posts\/148950","targetHints":{"allow":["GET"]}}],"collection":[{"href":"https:\/\/noticiasbahia360.com.br\/index.php?rest_route=\/wp\/v2\/posts"}],"about":[{"href":"https:\/\/noticiasbahia360.com.br\/index.php?rest_route=\/wp\/v2\/types\/post"}],"author":[{"embeddable":true,"href":"https:\/\/noticiasbahia360.com.br\/index.php?rest_route=\/wp\/v2\/users\/1"}],"replies":[{"embeddable":true,"href":"https:\/\/noticiasbahia360.com.br\/index.php?rest_route=%2Fwp%2Fv2%2Fcomments&post=148950"}],"version-history":[{"count":0,"href":"https:\/\/noticiasbahia360.com.br\/index.php?rest_route=\/wp\/v2\/posts\/148950\/revisions"}],"wp:featuredmedia":[{"embeddable":true,"href":"https:\/\/noticiasbahia360.com.br\/index.php?rest_route=\/wp\/v2\/media\/148951"}],"wp:attachment":[{"href":"https:\/\/noticiasbahia360.com.br\/index.php?rest_route=%2Fwp%2Fv2%2Fmedia&parent=148950"}],"wp:term":[{"taxonomy":"category","embeddable":true,"href":"https:\/\/noticiasbahia360.com.br\/index.php?rest_route=%2Fwp%2Fv2%2Fcategories&post=148950"},{"taxonomy":"post_tag","embeddable":true,"href":"https:\/\/noticiasbahia360.com.br\/index.php?rest_route=%2Fwp%2Fv2%2Ftags&post=148950"}],"curies":[{"name":"wp","href":"https:\/\/api.w.org\/{rel}","templated":true}]}}