{"id":148956,"date":"2026-09-05T00:00:11","date_gmt":"2026-09-05T03:00:11","guid":{"rendered":"https:\/\/noticiasbahia360.com.br\/?p=148956"},"modified":"2026-09-05T00:00:11","modified_gmt":"2026-09-05T03:00:11","slug":"defensores-publicos-ganham-destaque-em-campanha-pelo-acesso-a-justica","status":"publish","type":"post","link":"https:\/\/noticiasbahia360.com.br\/?p=148956","title":{"rendered":"Defensores p\u00fablicos ganham destaque em campanha pelo acesso \u00e0 Justi\u00e7a"},"content":{"rendered":"<div>\n<div>\n<figure><img decoding=\"async\" src=\"http:\/\/noticiasbahia360.com.br\/wp-content\/uploads\/2026\/09\/Defensor-publico-Foto-Ascom-Anadep.jpg\" alt=\"Defensor p\u00fablico\"><figcaption>Foto: Ascom\/ Anadep<\/figcaption><\/figure>\n<\/div>\n<p class=\"wp-block-paragraph\">\u00c0s v\u00e9speras do 7 de Setembro, data que marca a Independ\u00eancia do Brasil, a Associa\u00e7\u00e3o das Defensoras e Defensores P\u00fablicos da Bahia (Adep-BA) inicia uma campanha que chama a aten\u00e7\u00e3o da sociedade para o papel dos defensores e defensoras p\u00fablicas na garantia do acesso \u00e0 Justi\u00e7a. <\/p>\n<p class=\"wp-block-paragraph\">Com o conceito \u201cO acesso \u00e0 Justi\u00e7a n\u00e3o pode ser um improviso. Defensor p\u00fablico \u00e9 um direito constitucional\u201d, a iniciativa destaca a import\u00e2ncia de uma institui\u00e7\u00e3o permanente e estruturada para assegurar orienta\u00e7\u00e3o jur\u00eddica e defesa de direitos. A liberdade de buscar e defender direitos tamb\u00e9m \u00e9 parte essencial da cidadania.<\/p>\n<p class=\"wp-block-paragraph\">Segundo a presidenta da Adep-BA, Beth\u00e2nia Ferreira, o objetivo \u00e9 ampliar o di\u00e1logo com a sociedade e com as autoridades sobre a import\u00e2ncia de fortalecer esse modelo. <\/p>\n<p class=\"wp-block-paragraph\">\u201cAcesso \u00e0 Justi\u00e7a n\u00e3o se faz com a pr\u00e1tica de ato isolado, mas sim com uma institui\u00e7\u00e3o estruturada e permanente, como se faz pela Defensoria P\u00fablica, pela m\u00e3o de cada defensor e de cada defensora\u201d, afirmou.<\/p>\n<p class=\"wp-block-paragraph\">A iniciativa acompanha a mobiliza\u00e7\u00e3o nacional da Associa\u00e7\u00e3o Nacional das Defensoras e Defensores P\u00fablicos (Anadep), que tem como tema \u201cO acesso \u00e0 Justi\u00e7a gratuita tem nome e endere\u00e7o na Constitui\u00e7\u00e3o: Defensoria P\u00fablica\u201d. Na Bahia, a campanha destaca a atua\u00e7\u00e3o dos profissionais que est\u00e3o na ponta da garantia de direitos e a necessidade de fortalecer o modelo p\u00fablico de acesso \u00e0 Justi\u00e7a<\/p>\n<p class=\"wp-block-paragraph\"><em>Siga o Acorda Cidade no\u00a0<\/em><a href=\"https:\/\/news.google.com\/search?q=acorda%20cidade&amp;hl=pt-BR&amp;gl=BR&amp;ceid=BR%3Apt-419\"><strong><em>Google Not\u00edcias<\/em><\/strong><\/a><em>\u00a0e receba os principais destaques do dia. Participe tamb\u00e9m dos nossos canais no\u00a0<\/em><a href=\"https:\/\/whatsapp.com\/channel\/0029Va6Rb4v3WHTNnsh8WI3N\"><strong><em>WhatsApp<\/em><\/strong><\/a><em>\u00a0e\u00a0<\/em><a href=\"https:\/\/www.youtube.com\/@acordacidadenoticias\/videos\"><strong>YouTube<\/strong><\/a><em>\u00a0e do grupo no\u00a0<\/em><a href=\"https:\/\/t.me\/+sSz0khrgARA0ZmRh\"><strong><em>Telegram<\/em><\/strong><\/a><em>.<\/em><\/p>\n<\/div>\n","protected":false},"excerpt":{"rendered":"<p>Foto: Ascom\/ Anadep \u00c0s v\u00e9speras do 7 de Setembro, data que marca a Independ\u00eancia do<\/p>\n","protected":false},"author":1,"featured_media":148957,"comment_status":"closed","ping_status":"closed","sticky":false,"template":"","format":"gallery","meta":{"footnotes":""},"categories":[8,9,6,57,56,10],"tags":[],"class_list":["post-148956","post","type-post","status-publish","format-gallery","has-post-thumbnail","hentry","category-bahia","category-brasil","category-feira-de-santana","category-mundo","category-policia","category-politica","post_format-post-format-gallery"],"featured_image_urls":{"full":["https:\/\/noticiasbahia360.com.br\/wp-content\/uploads\/2026\/09\/Defensor-publico-Foto-Ascom-Anadep.jpg",1200,660,false],"thumbnail":["https:\/\/noticiasbahia360.com.br\/wp-content\/uploads\/2026\/09\/Defensor-publico-Foto-Ascom-Anadep-150x150.jpg",150,150,true],"medium":["https:\/\/noticiasbahia360.com.br\/wp-content\/uploads\/2026\/09\/Defensor-publico-Foto-Ascom-Anadep-300x165.jpg",300,165,true],"medium_large":["https:\/\/noticiasbahia360.com.br\/wp-content\/uploads\/2026\/09\/Defensor-publico-Foto-Ascom-Anadep-768x422.jpg",640,352,true],"large":["https:\/\/noticiasbahia360.com.br\/wp-content\/uploads\/2026\/09\/Defensor-publico-Foto-Ascom-Anadep-1024x563.jpg",640,352,true],"1536x1536":["https:\/\/noticiasbahia360.com.br\/wp-content\/uploads\/2026\/09\/Defensor-publico-Foto-Ascom-Anadep.jpg",1200,660,false],"2048x2048":["https:\/\/noticiasbahia360.com.br\/wp-content\/uploads\/2026\/09\/Defensor-publico-Foto-Ascom-Anadep.jpg",1200,660,false],"chromenews-featured":["https:\/\/noticiasbahia360.com.br\/wp-content\/uploads\/2026\/09\/Defensor-publico-Foto-Ascom-Anadep-1024x563.jpg",1024,563,true],"chromenews-large":["https:\/\/noticiasbahia360.com.br\/wp-content\/uploads\/2026\/09\/Defensor-publico-Foto-Ascom-Anadep-825x575.jpg",825,575,true],"chromenews-medium":["https:\/\/noticiasbahia360.com.br\/wp-content\/uploads\/2026\/09\/Defensor-publico-Foto-Ascom-Anadep-590x410.jpg",590,410,true]},"author_info":{"display_name":"noticiasbahia360.com.br","author_link":"https:\/\/noticiasbahia360.com.br\/?author=1"},"category_info":"<a href=\"https:\/\/noticiasbahia360.com.br\/?cat=8\" rel=\"category\">Bahia<\/a> <a href=\"https:\/\/noticiasbahia360.com.br\/?cat=9\" rel=\"category\">Brasil<\/a> <a href=\"https:\/\/noticiasbahia360.com.br\/?cat=6\" rel=\"category\">Feira de Santana<\/a> <a href=\"https:\/\/noticiasbahia360.com.br\/?cat=57\" rel=\"category\">Mundo<\/a> <a href=\"https:\/\/noticiasbahia360.com.br\/?cat=56\" rel=\"category\">Pol\u00edcia<\/a> <a href=\"https:\/\/noticiasbahia360.com.br\/?cat=10\" rel=\"category\">Pol\u00edtica<\/a>","tag_info":"Pol\u00edtica","comment_count":"0","_links":{"self":[{"href":"https:\/\/noticiasbahia360.com.br\/index.php?rest_route=\/wp\/v2\/posts\/148956","targetHints":{"allow":["GET"]}}],"collection":[{"href":"https:\/\/noticiasbahia360.com.br\/index.php?rest_route=\/wp\/v2\/posts"}],"about":[{"href":"https:\/\/noticiasbahia360.com.br\/index.php?rest_route=\/wp\/v2\/types\/post"}],"author":[{"embeddable":true,"href":"https:\/\/noticiasbahia360.com.br\/index.php?rest_route=\/wp\/v2\/users\/1"}],"replies":[{"embeddable":true,"href":"https:\/\/noticiasbahia360.com.br\/index.php?rest_route=%2Fwp%2Fv2%2Fcomments&post=148956"}],"version-history":[{"count":0,"href":"https:\/\/noticiasbahia360.com.br\/index.php?rest_route=\/wp\/v2\/posts\/148956\/revisions"}],"wp:featuredmedia":[{"embeddable":true,"href":"https:\/\/noticiasbahia360.com.br\/index.php?rest_route=\/wp\/v2\/media\/148957"}],"wp:attachment":[{"href":"https:\/\/noticiasbahia360.com.br\/index.php?rest_route=%2Fwp%2Fv2%2Fmedia&parent=148956"}],"wp:term":[{"taxonomy":"category","embeddable":true,"href":"https:\/\/noticiasbahia360.com.br\/index.php?rest_route=%2Fwp%2Fv2%2Fcategories&post=148956"},{"taxonomy":"post_tag","embeddable":true,"href":"https:\/\/noticiasbahia360.com.br\/index.php?rest_route=%2Fwp%2Fv2%2Ftags&post=148956"}],"curies":[{"name":"wp","href":"https:\/\/api.w.org\/{rel}","templated":true}]}}