{"id":148958,"date":"2026-09-05T00:00:13","date_gmt":"2026-09-05T03:00:13","guid":{"rendered":"https:\/\/noticiasbahia360.com.br\/?p=148958"},"modified":"2026-09-05T00:00:13","modified_gmt":"2026-09-05T03:00:13","slug":"proposta-orcamentaria-preve-preenchimento-de-53-530-vagas-no-setor-publico","status":"publish","type":"post","link":"https:\/\/noticiasbahia360.com.br\/?p=148958","title":{"rendered":"Proposta or\u00e7ament\u00e1ria prev\u00ea preenchimento de 53.530 vagas no setor p\u00fablico"},"content":{"rendered":"<div>\n<div>\n<figure><img decoding=\"async\" src=\"http:\/\/noticiasbahia360.com.br\/wp-content\/uploads\/2026\/09\/catedral-de-brasilia-foto-davi-cerqueira.jpg\" alt=\"Catedral de Bras\u00edlia\"><figcaption>Catedral de Bras\u00edlia &#8211; Foto: Davi Cerqueira\/Acorda Cidade<\/figcaption><\/figure>\n<\/div>\n<p class=\"wp-block-paragraph\">O projeto do Or\u00e7amento de 2027 (<a href=\"https:\/\/www.congressonacional.leg.br\/web\/orcamento\/acompanhe\/orcamento-anual\/-\/loa\/2027\" rel=\"noreferrer noopener\" target=\"_blank\">PLN 24\/2026<\/a>) prev\u00ea o preenchimento de 48.826 vagas nos diversos Poderes e a cria\u00e7\u00e3o de outras 4.704 vagas no setor p\u00fablico. O custo total estimado para o ano que vem ser\u00e1 de R$ 4,4 bilh\u00f5es.<\/p>\n<p class=\"wp-block-paragraph\">Em rela\u00e7\u00e3o a reajustes salariais e outros custos em negocia\u00e7\u00e3o, a previs\u00e3o \u00e9 de um gasto de R$ 14,3 bilh\u00f5es em 2027.<\/p>\n<p class=\"wp-block-paragraph\">O governo anunciou que foram acionados dispositivos do arcabou\u00e7o fiscal que limitam os gastos com pessoal a partir do pr\u00f3ximo ano por causa dos d\u00e9ficits fiscais observados em 2025 e 2026. O crescimento das despesas acima da infla\u00e7\u00e3o ficou limitado a 0,6% at\u00e9 que as contas sejam equilibradas.<\/p>\n<p class=\"wp-block-paragraph\">De acordo com o ministro do Planejamento e Or\u00e7amento, Bruno Moretti, o limite \u00e9 global, ou seja, alguns \u00f3rg\u00e3os poder\u00e3o ter aumentos menores que outros.<\/p>\n<p class=\"wp-block-paragraph\">Dessa forma, a despesa total com pessoal tem um limite de R$ 471 bilh\u00f5es, mas a proposta or\u00e7ament\u00e1ria traz um valor menor, de R$ 464 bilh\u00f5es.<\/p>\n<h2 id=\"h-vagas-previstas\" class=\"wp-block-heading\"><strong>Vagas previstas<\/strong><\/h2>\n<p class=\"wp-block-paragraph\">As vagas previstas para 2027 s\u00e3o:<\/p>\n<ul class=\"wp-block-list\">\n<li>Legislativo: 330<\/li>\n<li>Judici\u00e1rio: 5.131 (1.868 novas)<\/li>\n<li>Minist\u00e9rio P\u00fablico e Conselho Nacional do Minist\u00e9rio P\u00fablico: 277<\/li>\n<li>Defensoria P\u00fablica: 183 (91 novas)<\/li>\n<li>Executivo: 47.609 (2.745 novas)<\/li>\n<\/ul>\n<p class=\"wp-block-paragraph\"><em>Fonte: Ag\u00eancia Senado<\/em><\/p>\n<p class=\"wp-block-paragraph\"><em>Siga o Acorda Cidade no\u00a0<\/em><a href=\"https:\/\/news.google.com\/search?q=acorda%20cidade&amp;hl=pt-BR&amp;gl=BR&amp;ceid=BR%3Apt-419\"><strong><em>Google Not\u00edcias<\/em><\/strong><\/a><em>\u00a0e receba os principais destaques do dia. Participe tamb\u00e9m dos nossos canais no\u00a0<\/em><a href=\"https:\/\/whatsapp.com\/channel\/0029Va6Rb4v3WHTNnsh8WI3N\"><strong><em>WhatsApp<\/em><\/strong><\/a><em>\u00a0e\u00a0<\/em><a href=\"https:\/\/www.youtube.com\/@acordacidadenoticias\/videos\"><strong>YouTube<\/strong><\/a><em>\u00a0e do grupo no\u00a0<\/em><a href=\"https:\/\/t.me\/+sSz0khrgARA0ZmRh\"><strong><em>Telegram<\/em><\/strong><\/a><em>.<\/em><\/p>\n<\/div>\n","protected":false},"excerpt":{"rendered":"<p>Catedral de Bras\u00edlia &#8211; Foto: Davi Cerqueira\/Acorda Cidade O projeto do Or\u00e7amento de 2027 (PLN<\/p>\n","protected":false},"author":1,"featured_media":148959,"comment_status":"closed","ping_status":"closed","sticky":false,"template":"","format":"gallery","meta":{"footnotes":""},"categories":[8,9,6,57,56,10],"tags":[],"class_list":["post-148958","post","type-post","status-publish","format-gallery","has-post-thumbnail","hentry","category-bahia","category-brasil","category-feira-de-santana","category-mundo","category-policia","category-politica","post_format-post-format-gallery"],"featured_image_urls":{"full":["https:\/\/noticiasbahia360.com.br\/wp-content\/uploads\/2026\/09\/catedral-de-brasilia-foto-davi-cerqueira.jpg",1200,900,false],"thumbnail":["https:\/\/noticiasbahia360.com.br\/wp-content\/uploads\/2026\/09\/catedral-de-brasilia-foto-davi-cerqueira-150x150.jpg",150,150,true],"medium":["https:\/\/noticiasbahia360.com.br\/wp-content\/uploads\/2026\/09\/catedral-de-brasilia-foto-davi-cerqueira-300x225.jpg",300,225,true],"medium_large":["https:\/\/noticiasbahia360.com.br\/wp-content\/uploads\/2026\/09\/catedral-de-brasilia-foto-davi-cerqueira-768x576.jpg",640,480,true],"large":["https:\/\/noticiasbahia360.com.br\/wp-content\/uploads\/2026\/09\/catedral-de-brasilia-foto-davi-cerqueira-1024x768.jpg",640,480,true],"1536x1536":["https:\/\/noticiasbahia360.com.br\/wp-content\/uploads\/2026\/09\/catedral-de-brasilia-foto-davi-cerqueira.jpg",1200,900,false],"2048x2048":["https:\/\/noticiasbahia360.com.br\/wp-content\/uploads\/2026\/09\/catedral-de-brasilia-foto-davi-cerqueira.jpg",1200,900,false],"chromenews-featured":["https:\/\/noticiasbahia360.com.br\/wp-content\/uploads\/2026\/09\/catedral-de-brasilia-foto-davi-cerqueira-1024x768.jpg",1024,768,true],"chromenews-large":["https:\/\/noticiasbahia360.com.br\/wp-content\/uploads\/2026\/09\/catedral-de-brasilia-foto-davi-cerqueira-825x575.jpg",825,575,true],"chromenews-medium":["https:\/\/noticiasbahia360.com.br\/wp-content\/uploads\/2026\/09\/catedral-de-brasilia-foto-davi-cerqueira-590x410.jpg",590,410,true]},"author_info":{"display_name":"noticiasbahia360.com.br","author_link":"https:\/\/noticiasbahia360.com.br\/?author=1"},"category_info":"<a href=\"https:\/\/noticiasbahia360.com.br\/?cat=8\" rel=\"category\">Bahia<\/a> <a href=\"https:\/\/noticiasbahia360.com.br\/?cat=9\" rel=\"category\">Brasil<\/a> <a href=\"https:\/\/noticiasbahia360.com.br\/?cat=6\" rel=\"category\">Feira de Santana<\/a> <a href=\"https:\/\/noticiasbahia360.com.br\/?cat=57\" rel=\"category\">Mundo<\/a> <a href=\"https:\/\/noticiasbahia360.com.br\/?cat=56\" rel=\"category\">Pol\u00edcia<\/a> <a href=\"https:\/\/noticiasbahia360.com.br\/?cat=10\" rel=\"category\">Pol\u00edtica<\/a>","tag_info":"Pol\u00edtica","comment_count":"0","_links":{"self":[{"href":"https:\/\/noticiasbahia360.com.br\/index.php?rest_route=\/wp\/v2\/posts\/148958","targetHints":{"allow":["GET"]}}],"collection":[{"href":"https:\/\/noticiasbahia360.com.br\/index.php?rest_route=\/wp\/v2\/posts"}],"about":[{"href":"https:\/\/noticiasbahia360.com.br\/index.php?rest_route=\/wp\/v2\/types\/post"}],"author":[{"embeddable":true,"href":"https:\/\/noticiasbahia360.com.br\/index.php?rest_route=\/wp\/v2\/users\/1"}],"replies":[{"embeddable":true,"href":"https:\/\/noticiasbahia360.com.br\/index.php?rest_route=%2Fwp%2Fv2%2Fcomments&post=148958"}],"version-history":[{"count":0,"href":"https:\/\/noticiasbahia360.com.br\/index.php?rest_route=\/wp\/v2\/posts\/148958\/revisions"}],"wp:featuredmedia":[{"embeddable":true,"href":"https:\/\/noticiasbahia360.com.br\/index.php?rest_route=\/wp\/v2\/media\/148959"}],"wp:attachment":[{"href":"https:\/\/noticiasbahia360.com.br\/index.php?rest_route=%2Fwp%2Fv2%2Fmedia&parent=148958"}],"wp:term":[{"taxonomy":"category","embeddable":true,"href":"https:\/\/noticiasbahia360.com.br\/index.php?rest_route=%2Fwp%2Fv2%2Fcategories&post=148958"},{"taxonomy":"post_tag","embeddable":true,"href":"https:\/\/noticiasbahia360.com.br\/index.php?rest_route=%2Fwp%2Fv2%2Ftags&post=148958"}],"curies":[{"name":"wp","href":"https:\/\/api.w.org\/{rel}","templated":true}]}}