{"id":148960,"date":"2026-09-05T06:01:11","date_gmt":"2026-09-05T09:01:11","guid":{"rendered":"https:\/\/noticiasbahia360.com.br\/?p=148960"},"modified":"2026-09-05T06:01:11","modified_gmt":"2026-09-05T09:01:11","slug":"a-caridade-cabe-em-qualquer-lugar","status":"publish","type":"post","link":"https:\/\/noticiasbahia360.com.br\/?p=148960","title":{"rendered":"A caridade cabe em qualquer lugar"},"content":{"rendered":"<div>\n<div>\n<figure><img decoding=\"async\" src=\"http:\/\/noticiasbahia360.com.br\/wp-content\/uploads\/2026\/09\/abraco-carinho-acolhimento-demonstracao-de-amor-afeto-suicidio-prevencao-foto-freepik-.jpg\" alt=\"perdoe\"><figcaption>Foto: Freepik <\/figcaption><\/figure>\n<\/div>\n<p class=\"wp-block-paragraph\"><strong>Mensagem: S\u00e1bado, 05 de setembro de 2026 \u2013 Dia Internacional Da Caridade<\/strong> <\/p>\n<p class=\"wp-block-paragraph\">Praticar a caridade \u00e9 um ato de amor. Tem a ver com levar luz \u00e0s pessoas, ajudar a sanar problemas. A caridade s\u00f3 traz benef\u00edcios tanto para quem a recebe quanto para quem a pratica. Ela n\u00e3o deve ser uma a\u00e7\u00e3o pontual, mas praticada com frequ\u00eancia, todos os dias.<\/p>\n<p class=\"wp-block-paragraph\">Saber olhar para al\u00e9m de si mesmo \u00e9 o princ\u00edpio da caridade. Ajudar ao pr\u00f3ximo \u00e9 tamb\u00e9m ajudar a si mesmo. Fazer o bem, al\u00e9m de transformar vidas, traz luz para nossa alma: n\u00f3s nos sentimos bem.<\/p>\n<p class=\"wp-block-paragraph\">Por onde passamos h\u00e1 algu\u00e9m com uma necessidade, basta notarmos essas pessoas. Ser caridoso \u00e9 ser \u00fatil para as pessoas, para o mundo, \u00e9 deixar seu ego de lado e lutar por um bem maior que si mesmo.<\/p>\n<p class=\"wp-block-paragraph\">A caridade \u00e9 benigna por natureza. Ela se manifesta atrav\u00e9s de gestos pequenos e grandes, desde um sorriso gentil at\u00e9 doa\u00e7\u00f5es que mudam vidas. Na sua ess\u00eancia, a caridade \u00e9 um ato de amor desinteressado, capaz de transcender barreiras e diferen\u00e7as.\u00a0<\/p>\n<p class=\"wp-block-paragraph\"><strong>Em um mundo muitas vezes marcado por divis\u00f5es e desigualdades, a\u00a0caridade\u00a0\u00e9 um lembrete poderoso de nossa capacidade coletiva de promover mudan\u00e7as positivas.\u00a0Deus espera que fa\u00e7amos o bem uns aos outros, que caminhemos juntos em alegria.<\/strong><\/p>\n<p class=\"wp-block-paragraph\">Fonte:\u00a0<a href=\"http:\/\/www.mensagenscomamor.com\/\" target=\"_blank\" rel=\"noreferrer noopener\">www.mensagenscomamor.com<\/a><\/p>\n<p class=\"wp-block-paragraph\"><em>Siga o Acorda Cidade no<\/em><a href=\"https:\/\/news.google.com\/search?q=acorda%20cidade&amp;hl=pt-BR&amp;gl=BR&amp;ceid=BR%3Apt-419\"><strong><em>\u00a0Google Not\u00edcias<\/em><\/strong><\/a><em>\u00a0e receba os principais destaques do dia. Participe tamb\u00e9m dos nossos canais no\u00a0<\/em><a href=\"https:\/\/www.whatsapp.com\/channel\/0029Va6Rb4v3WHTNnsh8WI3N\"><strong><em>WhatsApp<\/em><\/strong><\/a><em>\u00a0e\u00a0<\/em><a href=\"https:\/\/www.youtube.com\/@acordacidadenoticias\/videos\"><strong>Youtube<\/strong><\/a><em>\u00a0e grupo de\u00a0<\/em><a href=\"https:\/\/t.me\/+sSz0khrgARA0ZmRh\"><strong><em>Telegram<\/em><\/strong><\/a><em>.<\/em><a href=\"https:\/\/www.acordacidade.com.br\/colunas\/dilton-e-feito\/\"><\/a><\/p>\n<\/div>\n","protected":false},"excerpt":{"rendered":"<p>Foto: Freepik Mensagem: S\u00e1bado, 05 de setembro de 2026 \u2013 Dia Internacional Da Caridade Praticar<\/p>\n","protected":false},"author":1,"featured_media":148961,"comment_status":"closed","ping_status":"closed","sticky":false,"template":"","format":"gallery","meta":{"footnotes":""},"categories":[8,9,6,57,56,10],"tags":[],"class_list":["post-148960","post","type-post","status-publish","format-gallery","has-post-thumbnail","hentry","category-bahia","category-brasil","category-feira-de-santana","category-mundo","category-policia","category-politica","post_format-post-format-gallery"],"featured_image_urls":{"full":["https:\/\/noticiasbahia360.com.br\/wp-content\/uploads\/2026\/09\/abraco-carinho-acolhimento-demonstracao-de-amor-afeto-suicidio-prevencao-foto-freepik-.jpg",1200,675,false],"thumbnail":["https:\/\/noticiasbahia360.com.br\/wp-content\/uploads\/2026\/09\/abraco-carinho-acolhimento-demonstracao-de-amor-afeto-suicidio-prevencao-foto-freepik--150x150.jpg",150,150,true],"medium":["https:\/\/noticiasbahia360.com.br\/wp-content\/uploads\/2026\/09\/abraco-carinho-acolhimento-demonstracao-de-amor-afeto-suicidio-prevencao-foto-freepik--300x169.jpg",300,169,true],"medium_large":["https:\/\/noticiasbahia360.com.br\/wp-content\/uploads\/2026\/09\/abraco-carinho-acolhimento-demonstracao-de-amor-afeto-suicidio-prevencao-foto-freepik--768x432.jpg",640,360,true],"large":["https:\/\/noticiasbahia360.com.br\/wp-content\/uploads\/2026\/09\/abraco-carinho-acolhimento-demonstracao-de-amor-afeto-suicidio-prevencao-foto-freepik--1024x576.jpg",640,360,true],"1536x1536":["https:\/\/noticiasbahia360.com.br\/wp-content\/uploads\/2026\/09\/abraco-carinho-acolhimento-demonstracao-de-amor-afeto-suicidio-prevencao-foto-freepik-.jpg",1200,675,false],"2048x2048":["https:\/\/noticiasbahia360.com.br\/wp-content\/uploads\/2026\/09\/abraco-carinho-acolhimento-demonstracao-de-amor-afeto-suicidio-prevencao-foto-freepik-.jpg",1200,675,false],"chromenews-featured":["https:\/\/noticiasbahia360.com.br\/wp-content\/uploads\/2026\/09\/abraco-carinho-acolhimento-demonstracao-de-amor-afeto-suicidio-prevencao-foto-freepik--1024x576.jpg",1024,576,true],"chromenews-large":["https:\/\/noticiasbahia360.com.br\/wp-content\/uploads\/2026\/09\/abraco-carinho-acolhimento-demonstracao-de-amor-afeto-suicidio-prevencao-foto-freepik--825x575.jpg",825,575,true],"chromenews-medium":["https:\/\/noticiasbahia360.com.br\/wp-content\/uploads\/2026\/09\/abraco-carinho-acolhimento-demonstracao-de-amor-afeto-suicidio-prevencao-foto-freepik--590x410.jpg",590,410,true]},"author_info":{"display_name":"noticiasbahia360.com.br","author_link":"https:\/\/noticiasbahia360.com.br\/?author=1"},"category_info":"<a href=\"https:\/\/noticiasbahia360.com.br\/?cat=8\" rel=\"category\">Bahia<\/a> <a href=\"https:\/\/noticiasbahia360.com.br\/?cat=9\" rel=\"category\">Brasil<\/a> <a href=\"https:\/\/noticiasbahia360.com.br\/?cat=6\" rel=\"category\">Feira de Santana<\/a> <a href=\"https:\/\/noticiasbahia360.com.br\/?cat=57\" rel=\"category\">Mundo<\/a> <a href=\"https:\/\/noticiasbahia360.com.br\/?cat=56\" rel=\"category\">Pol\u00edcia<\/a> <a href=\"https:\/\/noticiasbahia360.com.br\/?cat=10\" rel=\"category\">Pol\u00edtica<\/a>","tag_info":"Pol\u00edtica","comment_count":"0","_links":{"self":[{"href":"https:\/\/noticiasbahia360.com.br\/index.php?rest_route=\/wp\/v2\/posts\/148960","targetHints":{"allow":["GET"]}}],"collection":[{"href":"https:\/\/noticiasbahia360.com.br\/index.php?rest_route=\/wp\/v2\/posts"}],"about":[{"href":"https:\/\/noticiasbahia360.com.br\/index.php?rest_route=\/wp\/v2\/types\/post"}],"author":[{"embeddable":true,"href":"https:\/\/noticiasbahia360.com.br\/index.php?rest_route=\/wp\/v2\/users\/1"}],"replies":[{"embeddable":true,"href":"https:\/\/noticiasbahia360.com.br\/index.php?rest_route=%2Fwp%2Fv2%2Fcomments&post=148960"}],"version-history":[{"count":0,"href":"https:\/\/noticiasbahia360.com.br\/index.php?rest_route=\/wp\/v2\/posts\/148960\/revisions"}],"wp:featuredmedia":[{"embeddable":true,"href":"https:\/\/noticiasbahia360.com.br\/index.php?rest_route=\/wp\/v2\/media\/148961"}],"wp:attachment":[{"href":"https:\/\/noticiasbahia360.com.br\/index.php?rest_route=%2Fwp%2Fv2%2Fmedia&parent=148960"}],"wp:term":[{"taxonomy":"category","embeddable":true,"href":"https:\/\/noticiasbahia360.com.br\/index.php?rest_route=%2Fwp%2Fv2%2Fcategories&post=148960"},{"taxonomy":"post_tag","embeddable":true,"href":"https:\/\/noticiasbahia360.com.br\/index.php?rest_route=%2Fwp%2Fv2%2Ftags&post=148960"}],"curies":[{"name":"wp","href":"https:\/\/api.w.org\/{rel}","templated":true}]}}