{"id":148962,"date":"2026-09-05T07:00:27","date_gmt":"2026-09-05T10:00:27","guid":{"rendered":"https:\/\/noticiasbahia360.com.br\/?p=148962"},"modified":"2026-09-05T07:00:27","modified_gmt":"2026-09-05T10:00:27","slug":"senai-bahia-abre-inscricoes-para-curso-gratuito-na-area-de-energias-renovaveis-veja-quem-pode-participar","status":"publish","type":"post","link":"https:\/\/noticiasbahia360.com.br\/?p=148962","title":{"rendered":"SENAI Bahia abre inscri\u00e7\u00f5es para curso gratuito na \u00e1rea de energias renov\u00e1veis; veja quem pode participar"},"content":{"rendered":"<div>\n<div>\n<figure><img decoding=\"async\" src=\"http:\/\/noticiasbahia360.com.br\/wp-content\/uploads\/2026\/09\/cursos-do-Senai_-foto-Divulgacao.jpg\" alt=\"cursos do Senai_ foto Divulga\u00e7\u00e3o\"><figcaption>Foto: Divulga\u00e7\u00e3o\/Senai<\/figcaption><\/figure>\n<\/div>\n<p class=\"wp-block-paragraph\">O SENAI Bahia est\u00e1 com inscri\u00e7\u00f5es abertas para o processo seletivo do curso gratuito de Aperfei\u00e7oamento Profissional em Tecnologias para Produ\u00e7\u00e3o de Biog\u00e1s, iniciativa voltada \u00e0 qualifica\u00e7\u00e3o de profissionais de Ourol\u00e2ndia e munic\u00edpios da regi\u00e3o interessados em atuar no crescente mercado de energias renov\u00e1veis.<\/p>\n<p class=\"wp-block-paragraph\">Com carga hor\u00e1ria de 144 horas e aulas na modalidade remota, o curso tem in\u00edcio previsto para 29 de setembro de 2026 e oferecer\u00e1 40 vagas. As aulas acontecer\u00e3o no per\u00edodo noturno, das 18h40 \u00e0s 21h40, possibilitando a participa\u00e7\u00e3o de profissionais que j\u00e1 atuam no mercado de trabalho.<\/p>\n<p class=\"wp-block-paragraph\">A forma\u00e7\u00e3o prepara os participantes para atuar com tecnologias relacionadas \u00e0 produ\u00e7\u00e3o de biog\u00e1s e biometano, fontes de energia limpa que ganham cada vez mais relev\u00e2ncia no cen\u00e1rio nacional por seu potencial de contribuir para a sustentabilidade ambiental e para a diversifica\u00e7\u00e3o da matriz energ\u00e9tica. O conte\u00fado tamb\u00e9m destaca as potencialidades econ\u00f4micas do semi\u00e1rido baiano, especialmente as oportunidades ligadas \u00e0 cadeia produtiva do sisal.<\/p>\n<p class=\"wp-block-paragraph\">Segundo o SENAI Bahia, a iniciativa contribui para o fortalecimento da m\u00e3o de obra regional, ampliando as oportunidades de inser\u00e7\u00e3o profissional em um segmento estrat\u00e9gico que alia inova\u00e7\u00e3o, sustentabilidade e desenvolvimento econ\u00f4mico.<\/p>\n<h2 id=\"h-quem-pode-participar\" class=\"wp-block-heading\">Quem pode participar<\/h2>\n<p class=\"wp-block-paragraph\">O curso \u00e9 destinado prioritariamente a pessoas de baixa renda que atendam aos requisitos estabelecidos no processo seletivo.<\/p>\n<p class=\"wp-block-paragraph\">Para participar, \u00e9 necess\u00e1rio possuir forma\u00e7\u00e3o t\u00e9cnica conclu\u00edda nas \u00e1reas de Qu\u00edmica, Petroqu\u00edmica, Biotecnologia, Saneamento, Meio Ambiente, Automa\u00e7\u00e3o Industrial, Biocombust\u00edveis ou \u00e1reas correlatas. Tamb\u00e9m poder\u00e3o se candidatar profissionais que apresentem experi\u00eancia comprovada nessas \u00e1reas. Outro requisito \u00e9 residir em Ourol\u00e2ndia ou em munic\u00edpios da regi\u00e3o.<\/p>\n<p class=\"wp-block-paragraph\">Como as aulas ser\u00e3o realizadas de forma remota, os participantes dever\u00e3o ter acesso a computador, tablet ou smartphone com conex\u00e3o est\u00e1vel \u00e0 internet.<\/p>\n<p class=\"wp-block-paragraph\"><em>Siga o Acorda Cidade no\u00a0<\/em><a href=\"https:\/\/news.google.com\/search?q=acorda%20cidade&amp;hl=pt-BR&amp;gl=BR&amp;ceid=BR%3Apt-419\"><strong><em>Google Not\u00edcias<\/em><\/strong><\/a><em>\u00a0e receba os principais destaques do dia. Participe tamb\u00e9m dos nossos canais no\u00a0<\/em><a href=\"https:\/\/whatsapp.com\/channel\/0029Va6Rb4v3WHTNnsh8WI3N\"><strong><em>WhatsApp<\/em><\/strong><\/a><em>\u00a0e\u00a0<\/em><a href=\"https:\/\/www.youtube.com\/@acordacidadenoticias\/videos\"><strong>YouTube<\/strong><\/a><em>\u00a0e do grupo no\u00a0<\/em><a href=\"https:\/\/t.me\/+sSz0khrgARA0ZmRh\"><strong><em>Telegram<\/em><\/strong><\/a><em>.<\/em><\/p>\n<\/div>\n","protected":false},"excerpt":{"rendered":"<p>Foto: Divulga\u00e7\u00e3o\/Senai O SENAI Bahia est\u00e1 com inscri\u00e7\u00f5es abertas para o processo seletivo do curso<\/p>\n","protected":false},"author":1,"featured_media":148963,"comment_status":"closed","ping_status":"closed","sticky":false,"template":"","format":"gallery","meta":{"footnotes":""},"categories":[8,9,6,57,56,10],"tags":[],"class_list":["post-148962","post","type-post","status-publish","format-gallery","has-post-thumbnail","hentry","category-bahia","category-brasil","category-feira-de-santana","category-mundo","category-policia","category-politica","post_format-post-format-gallery"],"featured_image_urls":{"full":["https:\/\/noticiasbahia360.com.br\/wp-content\/uploads\/2026\/09\/cursos-do-Senai_-foto-Divulgacao.jpg",1200,990,false],"thumbnail":["https:\/\/noticiasbahia360.com.br\/wp-content\/uploads\/2026\/09\/cursos-do-Senai_-foto-Divulgacao-150x150.jpg",150,150,true],"medium":["https:\/\/noticiasbahia360.com.br\/wp-content\/uploads\/2026\/09\/cursos-do-Senai_-foto-Divulgacao-300x248.jpg",300,248,true],"medium_large":["https:\/\/noticiasbahia360.com.br\/wp-content\/uploads\/2026\/09\/cursos-do-Senai_-foto-Divulgacao-768x634.jpg",640,528,true],"large":["https:\/\/noticiasbahia360.com.br\/wp-content\/uploads\/2026\/09\/cursos-do-Senai_-foto-Divulgacao-1024x845.jpg",640,528,true],"1536x1536":["https:\/\/noticiasbahia360.com.br\/wp-content\/uploads\/2026\/09\/cursos-do-Senai_-foto-Divulgacao.jpg",1200,990,false],"2048x2048":["https:\/\/noticiasbahia360.com.br\/wp-content\/uploads\/2026\/09\/cursos-do-Senai_-foto-Divulgacao.jpg",1200,990,false],"chromenews-featured":["https:\/\/noticiasbahia360.com.br\/wp-content\/uploads\/2026\/09\/cursos-do-Senai_-foto-Divulgacao-1024x845.jpg",1024,845,true],"chromenews-large":["https:\/\/noticiasbahia360.com.br\/wp-content\/uploads\/2026\/09\/cursos-do-Senai_-foto-Divulgacao-825x575.jpg",825,575,true],"chromenews-medium":["https:\/\/noticiasbahia360.com.br\/wp-content\/uploads\/2026\/09\/cursos-do-Senai_-foto-Divulgacao-590x410.jpg",590,410,true]},"author_info":{"display_name":"noticiasbahia360.com.br","author_link":"https:\/\/noticiasbahia360.com.br\/?author=1"},"category_info":"<a href=\"https:\/\/noticiasbahia360.com.br\/?cat=8\" rel=\"category\">Bahia<\/a> <a href=\"https:\/\/noticiasbahia360.com.br\/?cat=9\" rel=\"category\">Brasil<\/a> <a href=\"https:\/\/noticiasbahia360.com.br\/?cat=6\" rel=\"category\">Feira de Santana<\/a> <a href=\"https:\/\/noticiasbahia360.com.br\/?cat=57\" rel=\"category\">Mundo<\/a> <a href=\"https:\/\/noticiasbahia360.com.br\/?cat=56\" rel=\"category\">Pol\u00edcia<\/a> <a href=\"https:\/\/noticiasbahia360.com.br\/?cat=10\" rel=\"category\">Pol\u00edtica<\/a>","tag_info":"Pol\u00edtica","comment_count":"0","_links":{"self":[{"href":"https:\/\/noticiasbahia360.com.br\/index.php?rest_route=\/wp\/v2\/posts\/148962","targetHints":{"allow":["GET"]}}],"collection":[{"href":"https:\/\/noticiasbahia360.com.br\/index.php?rest_route=\/wp\/v2\/posts"}],"about":[{"href":"https:\/\/noticiasbahia360.com.br\/index.php?rest_route=\/wp\/v2\/types\/post"}],"author":[{"embeddable":true,"href":"https:\/\/noticiasbahia360.com.br\/index.php?rest_route=\/wp\/v2\/users\/1"}],"replies":[{"embeddable":true,"href":"https:\/\/noticiasbahia360.com.br\/index.php?rest_route=%2Fwp%2Fv2%2Fcomments&post=148962"}],"version-history":[{"count":0,"href":"https:\/\/noticiasbahia360.com.br\/index.php?rest_route=\/wp\/v2\/posts\/148962\/revisions"}],"wp:featuredmedia":[{"embeddable":true,"href":"https:\/\/noticiasbahia360.com.br\/index.php?rest_route=\/wp\/v2\/media\/148963"}],"wp:attachment":[{"href":"https:\/\/noticiasbahia360.com.br\/index.php?rest_route=%2Fwp%2Fv2%2Fmedia&parent=148962"}],"wp:term":[{"taxonomy":"category","embeddable":true,"href":"https:\/\/noticiasbahia360.com.br\/index.php?rest_route=%2Fwp%2Fv2%2Fcategories&post=148962"},{"taxonomy":"post_tag","embeddable":true,"href":"https:\/\/noticiasbahia360.com.br\/index.php?rest_route=%2Fwp%2Fv2%2Ftags&post=148962"}],"curies":[{"name":"wp","href":"https:\/\/api.w.org\/{rel}","templated":true}]}}