{"id":148964,"date":"2026-09-05T07:00:29","date_gmt":"2026-09-05T10:00:29","guid":{"rendered":"https:\/\/noticiasbahia360.com.br\/?p=148964"},"modified":"2026-09-05T07:00:29","modified_gmt":"2026-09-05T10:00:29","slug":"43o-toa-reune-jovens-a-partir-de-15-anos-em-tres-dias-de-formacao-e-fe-em-feira-de-santana","status":"publish","type":"post","link":"https:\/\/noticiasbahia360.com.br\/?p=148964","title":{"rendered":"43\u00ba TOA re\u00fane jovens a partir de 15 anos em tr\u00eas dias de forma\u00e7\u00e3o e f\u00e9, em Feira de Santana"},"content":{"rendered":"<div>\n<div>\n<figure><img decoding=\"async\" src=\"http:\/\/noticiasbahia360.com.br\/wp-content\/uploads\/2026\/09\/Mario-Leal-organizacao-TOA.jpg\" alt=\"M\u00e1rio Leal, organiza\u00e7\u00e3o TOA\"><figcaption>Foto: Daniela Cardoso\/Acorda Cidade | M\u00e1rio Leal, que faz parte da organiza\u00e7\u00e3o do TOA<\/figcaption><\/figure>\n<\/div>\n<p class=\"wp-block-paragraph\">O 43\u00ba Treinamento de Ora\u00e7\u00e3o e A\u00e7\u00e3o (TOA), promovido pela Comunidade de Jovens Crist\u00e3os de Santana (CJC), ser\u00e1 realizado de 11 a 13 de setembro, no Centro de Forma\u00e7\u00e3o Dom Itamar Vian, no bairro Papagaio, em <a href=\"https:\/\/www.acordacidade.com.br\/tag\/feira-de-santana\/\" data-type=\"post_tag\" data-id=\"33807\">Feira de Santana<\/a>. O encontro, um dos mais antigos da Arquidiocese da cidade, re\u00fane jovens a partir de 15 anos para tr\u00eas dias de forma\u00e7\u00e3o, ora\u00e7\u00e3o e viv\u00eancia comunit\u00e1ria.<\/p>\n<p class=\"wp-block-paragraph\">Para M\u00e1rio Leal, que integra a coordena\u00e7\u00e3o do TOA, o encontro \u00e9 uma experi\u00eancia de forma\u00e7\u00e3o. Ele destaca que o treinamento \u00e9 um dos mais antigos da arquidiocese e nasceu junto com o primeiro grupo jovem da cidade. \u201cO TOA \u00e9 um treinamento de ora\u00e7\u00e3o e a\u00e7\u00e3o. A gente n\u00e3o tem uma defini\u00e7\u00e3o exata do que \u00e9 um encontro, porque um encontro \u00e9 uma viv\u00eancia, na verdade. Cada um vive de uma forma\u201d.<\/p>\n<p class=\"wp-block-paragraph\">Durante os tr\u00eas dias, os participantes vivenciam momentos voltados para a f\u00e9 cat\u00f3lica. \u201cA gente n\u00e3o sai, entra na sexta noite, fica at\u00e9 o domingo, o encerramento, vivenciando momentos com temas de igreja. Ent\u00e3o, todos os temas voltados para a igreja cat\u00f3lica. E n\u00f3s trabalhamos com celebra\u00e7\u00f5es eucar\u00edsticas, com ora\u00e7\u00f5es, com a doa\u00e7\u00e3o ao Sant\u00edssimo Sacramento, momento mariano, as palestras e toda a integra\u00e7\u00e3o do momento tamb\u00e9m de lazer dentro do encontro\u201d, afirmou ao Acorda Cidade.<\/p>\n<p class=\"wp-block-paragraph\">De acordo com M\u00e1rio Leal, nesta edi\u00e7\u00e3o o encontro celebra o ano jubilar franciscano, com os 800 anos da morte de S\u00e3o Francisco de Assis, patrono do TOA. Segundo ele, S\u00e3o Francisco \u00e9 o padroeiro do encontro, juntamente com Nossa Senhora Rainha da Paz.<\/p>\n<p class=\"wp-block-paragraph\">Um dos diferenciais do encontro \u00e9 a proibi\u00e7\u00e3o do uso de celulares, que busca garantir a conex\u00e3o dos participantes com o prop\u00f3sito do evento. \u201cPara que a gente possa estar ligado ao encontro, realmente. Se voc\u00ea fica no celular, voc\u00ea n\u00e3o consegue se conectar\u201d.<\/p>\n<h2 id=\"h-quem-pode-participar\" class=\"wp-block-heading\">Quem pode participar?<\/h2>\n<p class=\"wp-block-paragraph\">O TOA tem idade m\u00ednima de 15 anos, sem idade m\u00e1xima, e abre 60 vagas. A expectativa \u00e9 reunir cerca de 40 participantes, vindos de diferentes cidades. \u201cEsse ano, vamos ter a cidade de S\u00e3o Sebasti\u00e3o do Pass\u00e9, pela primeira vez, j\u00e1 temos gente de \u00c1gua Fria, temos gente de Serra Preta, distrito de Humildes. \u00c0s vezes preenche a 60, \u00e0s vezes n\u00e3o. Tem as desist\u00eancias de \u00faltima hora. Algumas pessoas se inscrevem e n\u00e3o podem participar\u201d, afirmou.<\/p>\n<p class=\"wp-block-paragraph\"><strong>A sa\u00edda para o encontro ser\u00e1 na sexta-feira (11), \u00e0s 18h, em frente ao Col\u00e9gio Padre Ov\u00eddio, e o encerramento ser\u00e1 no domingo (13), \u00e0s 17h30. O arcebispo Dom Itamar Vian presidir\u00e1 a celebra\u00e7\u00e3o eucar\u00edstica de encerramento. As inscri\u00e7\u00f5es est\u00e3o abertas e podem ser feitas pelo WhatsApp (75) 99131-6071.<\/strong><\/p>\n<p class=\"wp-block-paragraph\"><em>Siga o Acorda Cidade no\u00a0<\/em><a href=\"https:\/\/news.google.com\/search?q=acorda%20cidade&amp;hl=pt-BR&amp;gl=BR&amp;ceid=BR%3Apt-419\"><strong><em>Google Not\u00edcias<\/em><\/strong><\/a><em>\u00a0e receba os principais destaques do dia. Participe tamb\u00e9m dos nossos canais no\u00a0<\/em><a href=\"https:\/\/whatsapp.com\/channel\/0029Va6Rb4v3WHTNnsh8WI3N\"><strong><em>WhatsApp<\/em><\/strong><\/a><em>\u00a0e\u00a0<\/em><a href=\"https:\/\/www.youtube.com\/@acordacidadenoticias\/videos\"><strong>YouTube<\/strong><\/a><em>\u00a0e do grupo no\u00a0<\/em><a href=\"https:\/\/t.me\/+sSz0khrgARA0ZmRh\"><strong><em>Telegram<\/em><\/strong><\/a><em>.<\/em><\/p>\n<\/div>\n","protected":false},"excerpt":{"rendered":"<p>Foto: Daniela Cardoso\/Acorda Cidade | M\u00e1rio Leal, que faz parte da organiza\u00e7\u00e3o do TOA O<\/p>\n","protected":false},"author":1,"featured_media":148965,"comment_status":"closed","ping_status":"closed","sticky":false,"template":"","format":"gallery","meta":{"footnotes":""},"categories":[8,9,6,57,56,10],"tags":[],"class_list":["post-148964","post","type-post","status-publish","format-gallery","has-post-thumbnail","hentry","category-bahia","category-brasil","category-feira-de-santana","category-mundo","category-policia","category-politica","post_format-post-format-gallery"],"featured_image_urls":{"full":["https:\/\/noticiasbahia360.com.br\/wp-content\/uploads\/2026\/09\/Mario-Leal-organizacao-TOA.jpg",1200,900,false],"thumbnail":["https:\/\/noticiasbahia360.com.br\/wp-content\/uploads\/2026\/09\/Mario-Leal-organizacao-TOA-150x150.jpg",150,150,true],"medium":["https:\/\/noticiasbahia360.com.br\/wp-content\/uploads\/2026\/09\/Mario-Leal-organizacao-TOA-300x225.jpg",300,225,true],"medium_large":["https:\/\/noticiasbahia360.com.br\/wp-content\/uploads\/2026\/09\/Mario-Leal-organizacao-TOA-768x576.jpg",640,480,true],"large":["https:\/\/noticiasbahia360.com.br\/wp-content\/uploads\/2026\/09\/Mario-Leal-organizacao-TOA-1024x768.jpg",640,480,true],"1536x1536":["https:\/\/noticiasbahia360.com.br\/wp-content\/uploads\/2026\/09\/Mario-Leal-organizacao-TOA.jpg",1200,900,false],"2048x2048":["https:\/\/noticiasbahia360.com.br\/wp-content\/uploads\/2026\/09\/Mario-Leal-organizacao-TOA.jpg",1200,900,false],"chromenews-featured":["https:\/\/noticiasbahia360.com.br\/wp-content\/uploads\/2026\/09\/Mario-Leal-organizacao-TOA-1024x768.jpg",1024,768,true],"chromenews-large":["https:\/\/noticiasbahia360.com.br\/wp-content\/uploads\/2026\/09\/Mario-Leal-organizacao-TOA-825x575.jpg",825,575,true],"chromenews-medium":["https:\/\/noticiasbahia360.com.br\/wp-content\/uploads\/2026\/09\/Mario-Leal-organizacao-TOA-590x410.jpg",590,410,true]},"author_info":{"display_name":"noticiasbahia360.com.br","author_link":"https:\/\/noticiasbahia360.com.br\/?author=1"},"category_info":"<a href=\"https:\/\/noticiasbahia360.com.br\/?cat=8\" rel=\"category\">Bahia<\/a> <a href=\"https:\/\/noticiasbahia360.com.br\/?cat=9\" rel=\"category\">Brasil<\/a> <a href=\"https:\/\/noticiasbahia360.com.br\/?cat=6\" rel=\"category\">Feira de Santana<\/a> <a href=\"https:\/\/noticiasbahia360.com.br\/?cat=57\" rel=\"category\">Mundo<\/a> <a href=\"https:\/\/noticiasbahia360.com.br\/?cat=56\" rel=\"category\">Pol\u00edcia<\/a> <a href=\"https:\/\/noticiasbahia360.com.br\/?cat=10\" rel=\"category\">Pol\u00edtica<\/a>","tag_info":"Pol\u00edtica","comment_count":"0","_links":{"self":[{"href":"https:\/\/noticiasbahia360.com.br\/index.php?rest_route=\/wp\/v2\/posts\/148964","targetHints":{"allow":["GET"]}}],"collection":[{"href":"https:\/\/noticiasbahia360.com.br\/index.php?rest_route=\/wp\/v2\/posts"}],"about":[{"href":"https:\/\/noticiasbahia360.com.br\/index.php?rest_route=\/wp\/v2\/types\/post"}],"author":[{"embeddable":true,"href":"https:\/\/noticiasbahia360.com.br\/index.php?rest_route=\/wp\/v2\/users\/1"}],"replies":[{"embeddable":true,"href":"https:\/\/noticiasbahia360.com.br\/index.php?rest_route=%2Fwp%2Fv2%2Fcomments&post=148964"}],"version-history":[{"count":0,"href":"https:\/\/noticiasbahia360.com.br\/index.php?rest_route=\/wp\/v2\/posts\/148964\/revisions"}],"wp:featuredmedia":[{"embeddable":true,"href":"https:\/\/noticiasbahia360.com.br\/index.php?rest_route=\/wp\/v2\/media\/148965"}],"wp:attachment":[{"href":"https:\/\/noticiasbahia360.com.br\/index.php?rest_route=%2Fwp%2Fv2%2Fmedia&parent=148964"}],"wp:term":[{"taxonomy":"category","embeddable":true,"href":"https:\/\/noticiasbahia360.com.br\/index.php?rest_route=%2Fwp%2Fv2%2Fcategories&post=148964"},{"taxonomy":"post_tag","embeddable":true,"href":"https:\/\/noticiasbahia360.com.br\/index.php?rest_route=%2Fwp%2Fv2%2Ftags&post=148964"}],"curies":[{"name":"wp","href":"https:\/\/api.w.org\/{rel}","templated":true}]}}