{"id":148966,"date":"2026-09-05T07:00:30","date_gmt":"2026-09-05T10:00:30","guid":{"rendered":"https:\/\/noticiasbahia360.com.br\/?p=148966"},"modified":"2026-09-05T07:00:30","modified_gmt":"2026-09-05T10:00:30","slug":"confira-a-programacao-completa-da-47a-expofeira-de-feira-de-santana","status":"publish","type":"post","link":"https:\/\/noticiasbahia360.com.br\/?p=148966","title":{"rendered":"Confira a programa\u00e7\u00e3o completa da 47\u00aa Expofeira de Feira de Santana"},"content":{"rendered":"<div>\n<div>\n<figure><img decoding=\"async\" src=\"http:\/\/noticiasbahia360.com.br\/wp-content\/uploads\/2026\/09\/46a-expofeira-2025-foto-ed-santos-acorda-cidade.jpg\" alt=\"Expofeira 2025 chega ao fim com grande movimenta\u00e7\u00e3o e destaque para o agroneg\u00f3cio local\"><figcaption>Foto: Ed Santos\/Acorda Cidade<\/figcaption><\/figure>\n<\/div>\n<p class=\"wp-block-paragraph\">A 47\u00aa Exposi\u00e7\u00e3o Agropecu\u00e1ria de Feira de Santana (Expofeira) inicia neste domingo (6), no Parque de Exposi\u00e7\u00e3o Jo\u00e3o Martins da Silva, localizado \u00e0s margens da BR-324. O evento prossegue at\u00e9 o dia 13 de setembro, com uma grade recheada de atra\u00e7\u00f5es, como exposi\u00e7\u00f5es de bovinos, equinos e caprinos, shows musicais, espa\u00e7os para neg\u00f3cios, cursos de culin\u00e1ria, rodeios, campeonatos de Team Penning, espa\u00e7os gourmet, entre outras.<\/p>\n<p class=\"wp-block-paragraph\"><a href=\"https:\/\/www.acordacidade.com.br\/feira-de-santana\/com-investimento-em-torno-de-r-5-milhoes-47a-expofeira-2026-espera-receber-uma-media-de-400-mil-visitantes\/\" data-type=\"link\" data-id=\"https:\/\/www.acordacidade.com.br\/feira-de-santana\/com-investimento-em-torno-de-r-5-milhoes-47a-expofeira-2026-espera-receber-uma-media-de-400-mil-visitantes\/\">Este ano, a organiza\u00e7\u00e3o da Expofeira recebeu um investimento em torno de R$ 5 milh\u00f5es, com a expectativa de receber uma m\u00e9dia de 400 mil visitantes. <\/a>O evento contar\u00e1 com uma estrutura mais moderna, espa\u00e7os ampliados, shows musicais, apresenta\u00e7\u00f5es com animais e leil\u00f5es.<\/p>\n<h2 id=\"h-confira-abaixo-a-programacao-completa-da-expofeira-2026\" class=\"wp-block-heading\">Confira abaixo a programa\u00e7\u00e3o completa da Expofeira 2026:<\/h2>\n<h3 id=\"h-domingo-06-de-setembro\" class=\"wp-block-heading\"><strong>Domingo \u2013 06 de setembro<\/strong><\/h3>\n<ul class=\"wp-block-list\">\n<li><strong>10h<\/strong> Abertura do Parque de Exposi\u00e7\u00e3o<\/li>\n<li><strong>10h<\/strong> Curso de Equita\u00e7\u00e3o \u2013 Stand do Senar<\/li>\n<li><strong>10h<\/strong> Carreta Escolar do Senar \u2013 Curso P\u00e3o Del\u00edcia<\/li>\n<li><strong>10h<\/strong> Espa\u00e7o Vila Kids<\/li>\n<li><strong>14h<\/strong> Curso: O Drone no Campo \u2013 Stand do Senar<\/li>\n<li><strong>16h<\/strong> Abertura da Expofeira \u2013 Audit\u00f3rio do Senar<\/li>\n<li><strong>16h<\/strong> Shows \u2013 Caminho da Ro\u00e7a<\/li>\n<li><strong>18h<\/strong> Shows \u2013 Vila Gourmet<\/li>\n<\/ul>\n<h3 id=\"h-segunda-07-de-setembro\" class=\"wp-block-heading\"><strong>Segunda \u2013 07 de setembro<\/strong><\/h3>\n<ul class=\"wp-block-list\">\n<li><strong>10h<\/strong> Espa\u00e7o Vila Kids<\/li>\n<li><strong>10h<\/strong> Curso: Eventos Equestres \u2013 Stand do Senar<\/li>\n<li><strong>10h<\/strong> Curso: Manejo Ovinocaprinocultura \u2013 Stand do Senar<\/li>\n<li><strong>10h<\/strong> Carreta Escolar do Senar \u2013 Curso P\u00e3es Especiais<\/li>\n<li><strong>14h<\/strong> Curso: Casqueamento e Ferrageamento \u2013 Stand do Senar<\/li>\n<li><strong>16h<\/strong> Shows \u2013 Caminho da Ro\u00e7a<\/li>\n<li><strong>18h<\/strong> Shows \u2013 Vila Gourmet<\/li>\n<\/ul>\n<h3 id=\"h-terca-feira-08-de-setembro\" class=\"wp-block-heading\"><strong>Ter\u00e7a-feira \u2013 08 de setembro<\/strong><\/h3>\n<ul class=\"wp-block-list\">\n<li><strong>10h<\/strong> Espa\u00e7o Vila Kids<\/li>\n<li><strong>10h<\/strong> Carreta Escolar do Senar \u2013 Curso Pizzas<\/li>\n<li><strong>14h<\/strong> Curso: Manejo e Higiene na Ordenha \u2013 Stand do Senar<\/li>\n<li><strong>18h<\/strong> Shows \u2013 Caminho da Ro\u00e7a<\/li>\n<li><strong>19h<\/strong> Leil\u00e3o Cavalos Quarto de Milha<\/li>\n<\/ul>\n<h3 id=\"h-quarta-feira-09-de-setembro\" class=\"wp-block-heading\"><strong>Quarta-feira \u2013 09 de setembro<\/strong><\/h3>\n<ul class=\"wp-block-list\">\n<li><strong>9h<\/strong> Curso: Nutri\u00e7\u00e3o de Ovinos e Caprinos \u2013 Stand do Senar<\/li>\n<li><strong>10h<\/strong> Espa\u00e7o Vila Kids<\/li>\n<li><strong>10h<\/strong> Carreta Escolar do Senar \u2013 Curso Salgados<\/li>\n<li><strong>14h<\/strong> Curso: Engorda e Redu\u00e7\u00e3o de Custos \u2013 Stand do Senar<\/li>\n<li><strong>16h<\/strong> Shows \u2013 Caminho da Ro\u00e7a<\/li>\n<li><strong>18h<\/strong> Shows \u2013 Vila Gourmet<\/li>\n<li><strong>18h<\/strong> Team Penning<\/li>\n<\/ul>\n<h3 id=\"h-quinta-feira-10-de-setembro\" class=\"wp-block-heading\"><strong>Quinta-feira \u2013 10 de setembro<\/strong><\/h3>\n<ul class=\"wp-block-list\">\n<li><strong>8h<\/strong> Julgamento e Competi\u00e7\u00e3o \u2013 Mangalarga Marchador<\/li>\n<li><strong>8h<\/strong> Julgamento e Competi\u00e7\u00e3o \u2013 P\u00f4nei<\/li>\n<li><strong>8h<\/strong> Julgamento e Competi\u00e7\u00e3o \u2013 Jumento P\u00eaga<\/li>\n<li><strong>10h<\/strong> Espa\u00e7o Vila Kids<\/li>\n<li><strong>10h<\/strong> Carreta Escolar do Senar \u2013 Curso Bolos Especiais<\/li>\n<li><strong>14h<\/strong> Curso: Diagn\u00f3stico de Varroatose \u2013 Stand do Senar<\/li>\n<li><strong>16h<\/strong> Team Penning<\/li>\n<li><strong>18h<\/strong> Shows \u2013 Vila Gourmet<\/li>\n<li><strong>19h<\/strong> Shows \u2013 Caminho da Ro\u00e7a<\/li>\n<li><strong>19h<\/strong> Rodeio<\/li>\n<\/ul>\n<h3 id=\"h-sexta-feira-11-de-setembro\" class=\"wp-block-heading\"><strong>Sexta-feira \u2013 11 de setembro<\/strong><\/h3>\n<ul class=\"wp-block-list\">\n<li><strong>8h<\/strong> Julgamento e Competi\u00e7\u00e3o \u2013 Mangalarga Marchador<\/li>\n<li><strong>8h<\/strong> Julgamento e Competi\u00e7\u00e3o \u2013 Mangalarga Paulista<\/li>\n<li><strong>8h<\/strong> Julgamento e Competi\u00e7\u00e3o \u2013 Campolina<\/li>\n<li><strong>8h<\/strong> Julgamento e Competi\u00e7\u00e3o \u2013 P\u00f4nei<\/li>\n<li><strong>9h<\/strong> Team Penning<\/li>\n<li><strong>10h<\/strong> Espa\u00e7o Vila Kids<\/li>\n<li><strong>10h<\/strong> Carreta Escolar do Senar \u2013 Curso Derivados da Mandioca<\/li>\n<li><strong>14h<\/strong> Curso: Ajuste de Arreios e Embocaduras \u2013 Stand do Senar<\/li>\n<li><strong>14h<\/strong> Julgamento e Competi\u00e7\u00e3o \u2013 Bovinos<\/li>\n<li><strong>16h<\/strong> Shows \u2013 Caminho da Ro\u00e7a<\/li>\n<li><strong>17h<\/strong> Leil\u00e3o Bovinos Nelore de Alta Linhagem \u2013 Fazenda Jacuricy<\/li>\n<li><strong>18h<\/strong> Shows \u2013 Vila Gourmet<\/li>\n<li><strong>19h<\/strong> Rodeio<\/li>\n<\/ul>\n<h3 id=\"h-sabado-12-de-setembro\" class=\"wp-block-heading\"><strong>S\u00e1bado \u2013 12 de setembro<\/strong><\/h3>\n<ul class=\"wp-block-list\">\n<li><strong>8h<\/strong> 1\u00aa Missa do Vaqueiro \u2013 Casa do Criador<\/li>\n<li><strong>8h<\/strong> Julgamento e Competi\u00e7\u00e3o \u2013 Mangalarga Marchador<\/li>\n<li><strong>8h<\/strong> Julgamento e Competi\u00e7\u00e3o \u2013 Mangalarga Paulista<\/li>\n<li><strong>8h<\/strong> Julgamento e Competi\u00e7\u00e3o \u2013 Bovinos<\/li>\n<li><strong>9h<\/strong> Team Penning<\/li>\n<li><strong>10h<\/strong> Espa\u00e7o Vila Kids<\/li>\n<li><strong>10h<\/strong> Carreta Escolar do Senar \u2013 Curso P\u00e3o Del\u00edcia<\/li>\n<li><strong>14h<\/strong> Curso: Produ\u00e7\u00e3o de Ovos \u2013 Stand do Senar<\/li>\n<li><strong>16h<\/strong> Shows \u2013 Caminho da Ro\u00e7a<\/li>\n<li><strong>18h<\/strong> Shows \u2013 Vila Gourmet<\/li>\n<li><strong>19h<\/strong> Rodeio<\/li>\n<\/ul>\n<h3 id=\"h-domingo-13-de-setembro\" class=\"wp-block-heading\"><strong>Domingo \u2013 13 de setembro<\/strong><\/h3>\n<ul class=\"wp-block-list\">\n<li><strong>8h<\/strong> Julgamento e Competi\u00e7\u00e3o \u2013 Mangalarga Marchador<\/li>\n<li><strong>8h<\/strong> Julgamento e Competi\u00e7\u00e3o \u2013 P\u00f4nei (Prova Social)<\/li>\n<li><strong>9h<\/strong> Team Penning<\/li>\n<li><strong>10h<\/strong> Espa\u00e7o Vila Kids<\/li>\n<li><strong>10h<\/strong> Carreta Escolar do Senar \u2013 Curso Salgados<\/li>\n<li><strong>15h<\/strong> Shows \u2013 Caminho da Ro\u00e7a<\/li>\n<li><strong>18h<\/strong> Shows \u2013 Vila Gourmet<\/li>\n<li><strong>19h<\/strong> Rodeio<\/li>\n<\/ul>\n<h2 id=\"h-confira-tambem-a-grade-de-atracoes-dos-shows-musicais\" class=\"wp-block-heading\"><strong>Confira tamb\u00e9m a grade de atra\u00e7\u00f5es dos shows musicais<\/strong>:<\/h2>\n<h3 class=\"wp-block-heading\"><strong>Programa\u00e7\u00e3o \u2014 Shows Caminho da Ro\u00e7a:<\/strong><\/h3>\n<ul class=\"wp-block-list\">\n<li><strong>DOM (06\/09) \u2013 A partir das 16h:<\/strong>\u00a0Jo\u00e3o e Lara | Quintal de Tia Carla | Igor Rei da Farra<\/li>\n<li><strong>SEG (07\/09) \u2013 A partir das 16h:<\/strong>\u00a0Ney Jamaica | Serest\u00e3o do Lopes | Ed Brown<\/li>\n<li><strong>TER (08\/09) \u2013 A partir das 18h30:<\/strong>\u00a0L\u00e9o Sandys | J\u00falia Elyasha<\/li>\n<li><strong>QUA (09\/09) \u2013 A partir das 16h:<\/strong>\u00a0Pastor Henrique Peterson | Roniere Silva | Vange Vamos Louvar<\/li>\n<li><strong>QUI (10\/09) \u2013 A partir das 19h:<\/strong>\u00a080 na Pista | Lagedor<\/li>\n<li><strong>SEX (11\/09) \u2013 A partir das 16h30:<\/strong>\u00a0Fran\u00e7a Lima | Gala da Seresta | Aladim<\/li>\n<li><strong>S\u00c1B (12\/09) \u2013 A partir das 16h:<\/strong>\u00a0Xamego da Gente | Sound Mare | Galeguinho SPA<\/li>\n<li><strong>DOM (13\/09) \u2013 A partir das 15h30:<\/strong>\u00a0Pagodinho do Militinho | Estilo Candeal | Jean Santana<\/li>\n<\/ul>\n<h3 class=\"wp-block-heading\"><strong>Programa\u00e7\u00e3o \u2014 Shows Vila Gourmet:<\/strong><\/h3>\n<ul class=\"wp-block-list\">\n<li><strong>DOM (06\/09) \u2013 A partir das 16h:<\/strong>\u00a0Victor Sam<\/li>\n<li><strong>SEG (07\/09) \u2013 A partir das 16h:<\/strong>\u00a0Alan Emanuel<\/li>\n<li><strong>QUA (09\/09) \u2013 A partir das 16h:<\/strong>\u00a0Ramon Lima<\/li>\n<li><strong>QUI (10\/09) \u2013 A partir das 19h:<\/strong>\u00a0Thiago Moral<\/li>\n<li><strong>SEX (11\/09) \u2013 A partir das 16h30:<\/strong>\u00a0Guymeo<\/li>\n<li><strong>S\u00c1B (12\/09) \u2013 A partir das 16h:<\/strong>\u00a0Ana Castelo<\/li>\n<li><strong>DOM (13\/09) \u2013 A partir das 15h30:<\/strong>\u00a0Bruno Le\u00e3o<\/li>\n<\/ul>\n<h3 id=\"h-leia-mais\" class=\"wp-block-heading\">Leia mais:<\/h3>\n<p class=\"wp-block-paragraph\"><a href=\"https:\/\/www.acordacidade.com.br\/feira-de-santana\/expofeira-tera-acesso-exclusivo-para-aplicativos-taxis-e-mototaxis-smt-prepara-mais-de-4-mil-vagas\/\" data-type=\"link\" data-id=\"https:\/\/www.acordacidade.com.br\/feira-de-santana\/expofeira-tera-acesso-exclusivo-para-aplicativos-taxis-e-mototaxis-smt-prepara-mais-de-4-mil-vagas\/\">Expofeira ter\u00e1 acesso exclusivo para aplicativos, t\u00e1xis e motot\u00e1xis; SMT prepara mais de 4 mil vagas<\/a><\/p>\n<p class=\"wp-block-paragraph\"><a href=\"https:\/\/www.acordacidade.com.br\/feira-de-santana\/com-investimento-em-torno-de-r-5-milhoes-47a-expofeira-2026-espera-receber-uma-media-de-400-mil-visitantes\/\" data-type=\"link\" data-id=\"https:\/\/www.acordacidade.com.br\/feira-de-santana\/com-investimento-em-torno-de-r-5-milhoes-47a-expofeira-2026-espera-receber-uma-media-de-400-mil-visitantes\/\">Com investimento em torno de R$ 5 milh\u00f5es, 47\u00aa Expofeira 2026 espera receber uma m\u00e9dia de 400 mil visitantes<\/a><\/p>\n<p class=\"wp-block-paragraph\"><a href=\"https:\/\/www.acordacidade.com.br\/feira-de-santana\/expofeira-2026-acesso-ao-parque-sera-apenas-pela-noide-cerqueira-br-324-nao-tera-entrada-liberada\/\">Expofeira 2026: acesso ao Parque ser\u00e1 apenas pela Noide Cerqueira; BR-324 n\u00e3o ter\u00e1 entrada liberada<\/a><\/p>\n<p class=\"wp-block-paragraph\"><a href=\"https:\/\/www.acordacidade.com.br\/feira-de-santana\/expofeira-entrada-de-pedestres-pela-br-324-ao-parque-de-exposicao-sera-proibida-entenda\/\">Expofeira: entrada de pedestres pela BR-324 ao Parque de Exposi\u00e7\u00e3o ser\u00e1 proibida; entenda<\/a><\/p>\n<p class=\"wp-block-paragraph\"><a href=\"https:\/\/www.acordacidade.com.br\/feira-de-santana\/expofeira-tera-dias-de-sol-em-feira-de-santana-mas-domingo-exige-atencao-a-radiacao\/\" data-type=\"link\" data-id=\"https:\/\/www.acordacidade.com.br\/feira-de-santana\/expofeira-tera-dias-de-sol-em-feira-de-santana-mas-domingo-exige-atencao-a-radiacao\/\">Expofeira ter\u00e1 dias de sol em Feira de Santana, mas domingo exige aten\u00e7\u00e3o \u00e0 radia\u00e7\u00e3o<\/a><a href=\"https:\/\/www.acordacidade.com.br\/feira-de-santana\/com-investimento-em-torno-de-r-5-milhoes-47a-expofeira-2026-espera-receber-uma-media-de-400-mil-visitantes\/\" data-type=\"link\" data-id=\"https:\/\/www.acordacidade.com.br\/feira-de-santana\/com-investimento-em-torno-de-r-5-milhoes-47a-expofeira-2026-espera-receber-uma-media-de-400-mil-visitantes\/\"><br \/><\/a><\/p>\n<p class=\"wp-block-paragraph\"><em>Siga o Acorda Cidade no\u00a0<\/em><a href=\"https:\/\/news.google.com\/search?q=acorda%20cidade&amp;hl=pt-BR&amp;gl=BR&amp;ceid=BR%3Apt-419\"><strong><em>Google Not\u00edcias<\/em><\/strong><\/a><em>\u00a0e receba os principais destaques do dia. Participe tamb\u00e9m dos nossos canais no\u00a0<\/em><a href=\"https:\/\/whatsapp.com\/channel\/0029Va6Rb4v3WHTNnsh8WI3N\"><strong><em>WhatsApp<\/em><\/strong><\/a><em>\u00a0e\u00a0<\/em><a href=\"https:\/\/www.youtube.com\/@acordacidadenoticias\/videos\"><strong>YouTube<\/strong><\/a><em>\u00a0e do grupo no\u00a0<\/em><a href=\"https:\/\/t.me\/+sSz0khrgARA0ZmRh\"><strong><em>Telegram<\/em><\/strong><\/a><em>.<\/em><\/p>\n<\/div>\n","protected":false},"excerpt":{"rendered":"<p>Foto: Ed Santos\/Acorda Cidade A 47\u00aa Exposi\u00e7\u00e3o Agropecu\u00e1ria de Feira de Santana (Expofeira) inicia neste<\/p>\n","protected":false},"author":1,"featured_media":148967,"comment_status":"closed","ping_status":"closed","sticky":false,"template":"","format":"gallery","meta":{"footnotes":""},"categories":[8,9,6,57,56,10],"tags":[],"class_list":["post-148966","post","type-post","status-publish","format-gallery","has-post-thumbnail","hentry","category-bahia","category-brasil","category-feira-de-santana","category-mundo","category-policia","category-politica","post_format-post-format-gallery"],"featured_image_urls":{"full":["https:\/\/noticiasbahia360.com.br\/wp-content\/uploads\/2026\/09\/46a-expofeira-2025-foto-ed-santos-acorda-cidade.jpg",1200,675,false],"thumbnail":["https:\/\/noticiasbahia360.com.br\/wp-content\/uploads\/2026\/09\/46a-expofeira-2025-foto-ed-santos-acorda-cidade-150x150.jpg",150,150,true],"medium":["https:\/\/noticiasbahia360.com.br\/wp-content\/uploads\/2026\/09\/46a-expofeira-2025-foto-ed-santos-acorda-cidade-300x169.jpg",300,169,true],"medium_large":["https:\/\/noticiasbahia360.com.br\/wp-content\/uploads\/2026\/09\/46a-expofeira-2025-foto-ed-santos-acorda-cidade-768x432.jpg",640,360,true],"large":["https:\/\/noticiasbahia360.com.br\/wp-content\/uploads\/2026\/09\/46a-expofeira-2025-foto-ed-santos-acorda-cidade-1024x576.jpg",640,360,true],"1536x1536":["https:\/\/noticiasbahia360.com.br\/wp-content\/uploads\/2026\/09\/46a-expofeira-2025-foto-ed-santos-acorda-cidade.jpg",1200,675,false],"2048x2048":["https:\/\/noticiasbahia360.com.br\/wp-content\/uploads\/2026\/09\/46a-expofeira-2025-foto-ed-santos-acorda-cidade.jpg",1200,675,false],"chromenews-featured":["https:\/\/noticiasbahia360.com.br\/wp-content\/uploads\/2026\/09\/46a-expofeira-2025-foto-ed-santos-acorda-cidade-1024x576.jpg",1024,576,true],"chromenews-large":["https:\/\/noticiasbahia360.com.br\/wp-content\/uploads\/2026\/09\/46a-expofeira-2025-foto-ed-santos-acorda-cidade-825x575.jpg",825,575,true],"chromenews-medium":["https:\/\/noticiasbahia360.com.br\/wp-content\/uploads\/2026\/09\/46a-expofeira-2025-foto-ed-santos-acorda-cidade-590x410.jpg",590,410,true]},"author_info":{"display_name":"noticiasbahia360.com.br","author_link":"https:\/\/noticiasbahia360.com.br\/?author=1"},"category_info":"<a href=\"https:\/\/noticiasbahia360.com.br\/?cat=8\" rel=\"category\">Bahia<\/a> <a href=\"https:\/\/noticiasbahia360.com.br\/?cat=9\" rel=\"category\">Brasil<\/a> <a href=\"https:\/\/noticiasbahia360.com.br\/?cat=6\" rel=\"category\">Feira de Santana<\/a> <a href=\"https:\/\/noticiasbahia360.com.br\/?cat=57\" rel=\"category\">Mundo<\/a> <a href=\"https:\/\/noticiasbahia360.com.br\/?cat=56\" rel=\"category\">Pol\u00edcia<\/a> <a href=\"https:\/\/noticiasbahia360.com.br\/?cat=10\" rel=\"category\">Pol\u00edtica<\/a>","tag_info":"Pol\u00edtica","comment_count":"0","_links":{"self":[{"href":"https:\/\/noticiasbahia360.com.br\/index.php?rest_route=\/wp\/v2\/posts\/148966","targetHints":{"allow":["GET"]}}],"collection":[{"href":"https:\/\/noticiasbahia360.com.br\/index.php?rest_route=\/wp\/v2\/posts"}],"about":[{"href":"https:\/\/noticiasbahia360.com.br\/index.php?rest_route=\/wp\/v2\/types\/post"}],"author":[{"embeddable":true,"href":"https:\/\/noticiasbahia360.com.br\/index.php?rest_route=\/wp\/v2\/users\/1"}],"replies":[{"embeddable":true,"href":"https:\/\/noticiasbahia360.com.br\/index.php?rest_route=%2Fwp%2Fv2%2Fcomments&post=148966"}],"version-history":[{"count":0,"href":"https:\/\/noticiasbahia360.com.br\/index.php?rest_route=\/wp\/v2\/posts\/148966\/revisions"}],"wp:featuredmedia":[{"embeddable":true,"href":"https:\/\/noticiasbahia360.com.br\/index.php?rest_route=\/wp\/v2\/media\/148967"}],"wp:attachment":[{"href":"https:\/\/noticiasbahia360.com.br\/index.php?rest_route=%2Fwp%2Fv2%2Fmedia&parent=148966"}],"wp:term":[{"taxonomy":"category","embeddable":true,"href":"https:\/\/noticiasbahia360.com.br\/index.php?rest_route=%2Fwp%2Fv2%2Fcategories&post=148966"},{"taxonomy":"post_tag","embeddable":true,"href":"https:\/\/noticiasbahia360.com.br\/index.php?rest_route=%2Fwp%2Fv2%2Ftags&post=148966"}],"curies":[{"name":"wp","href":"https:\/\/api.w.org\/{rel}","templated":true}]}}