{"id":148968,"date":"2026-09-05T08:03:26","date_gmt":"2026-09-05T11:03:26","guid":{"rendered":"https:\/\/noticiasbahia360.com.br\/?p=148968"},"modified":"2026-09-05T08:03:26","modified_gmt":"2026-09-05T11:03:26","slug":"expofeira-julgamentos-e-competicoes-de-animais-comecam-dia-10-no-parque-de-exposicao","status":"publish","type":"post","link":"https:\/\/noticiasbahia360.com.br\/?p=148968","title":{"rendered":"Expofeira: julgamentos e competi\u00e7\u00f5es de animais come\u00e7am dia 10 no Parque de Exposi\u00e7\u00e3o"},"content":{"rendered":"<div>\n<div>\n<figure><img decoding=\"async\" src=\"http:\/\/noticiasbahia360.com.br\/wp-content\/uploads\/2026\/09\/Julgamento-de-Equinos-Foto-Valdenir-Lima-91.jpg\" alt=\"Julgamento de Equinos na Expofeira 2025\"><figcaption>Foto: Valdenir Lima\/Secom<\/figcaption><\/figure>\n<\/div>\n<p class=\"wp-block-paragraph\">Os julgamentos e competi\u00e7\u00f5es de animais que ser\u00e3o levados ao Parque de Exposi\u00e7\u00e3o Jo\u00e3o Martins da Silva, na 47\u00aa Expofeira, acontecer\u00e3o entre os dias 10 e 13. Alguns julgamentos somam pontos para o ranking nacional das ra\u00e7as.<\/p>\n<p class=\"wp-block-paragraph\">As associa\u00e7\u00f5es e n\u00facleos de criadores de cada esp\u00e9cie se responsabilizaram pelas escolhas dos \u00e1rbitros, pela remunera\u00e7\u00e3o e pelos crit\u00e9rios aplicados na avalia\u00e7\u00e3o dos animais.<\/p>\n<p class=\"wp-block-paragraph\">Os animais da ra\u00e7a Mangalarga Marchador, que t\u00eam o maior n\u00famero entre os equinos da Expofeira, ser\u00e3o levados ao redondel para serem avaliados pelos \u00e1rbitros nos dias 10, 11, 12 e 13.<\/p>\n<p class=\"wp-block-paragraph\">Os Mangalargas Paulistas ser\u00e3o julgados nos dias 11 e 12; os Campolinas, entre os dias 11, 12 e 13; os p\u00f4neis, nos dias 10 e 11; os bovinos, nos dias 11 e 12; e os jumentos da ra\u00e7a P\u00eaga, no dia 10.<\/p>\n<p class=\"wp-block-paragraph\">Neste ano, com a transfer\u00eancia do local e a constru\u00e7\u00e3o de um novo redondel, mais amplo e moderno, espa\u00e7o onde s\u00e3o realizados julgamentos e competi\u00e7\u00f5es, ser\u00e3o realizados at\u00e9 tr\u00eas julgamentos ao mesmo tempo. Neste ano n\u00e3o haver\u00e1 julgamentos de ovinos.<\/p>\n<p class=\"wp-block-paragraph\"><em>As informa\u00e7\u00f5es s\u00e3o da Secretaria Municipal de Comunica\u00e7\u00e3o Social (Secom)<\/em><\/p>\n<p class=\"wp-block-paragraph\"><em>Siga o Acorda Cidade no\u00a0<\/em><a href=\"https:\/\/news.google.com\/search?q=acorda%20cidade&amp;hl=pt-BR&amp;gl=BR&amp;ceid=BR%3Apt-419\"><strong><em>Google Not\u00edcias<\/em><\/strong><\/a><em>\u00a0e receba os principais destaques do dia. Participe tamb\u00e9m dos nossos canais no\u00a0<\/em><a href=\"https:\/\/whatsapp.com\/channel\/0029Va6Rb4v3WHTNnsh8WI3N\"><strong><em>WhatsApp<\/em><\/strong><\/a><em>\u00a0e\u00a0<\/em><a href=\"https:\/\/www.youtube.com\/@acordacidadenoticias\/videos\"><strong>YouTube<\/strong><\/a><em>\u00a0e do grupo no\u00a0<\/em><a href=\"https:\/\/t.me\/+sSz0khrgARA0ZmRh\"><strong><em>Telegram<\/em><\/strong><\/a><em>.<\/em><\/p>\n<\/div>\n","protected":false},"excerpt":{"rendered":"<p>Foto: Valdenir Lima\/Secom Os julgamentos e competi\u00e7\u00f5es de animais que ser\u00e3o levados ao Parque de<\/p>\n","protected":false},"author":1,"featured_media":148969,"comment_status":"closed","ping_status":"closed","sticky":false,"template":"","format":"gallery","meta":{"footnotes":""},"categories":[8,9,6,57,56,10],"tags":[],"class_list":["post-148968","post","type-post","status-publish","format-gallery","has-post-thumbnail","hentry","category-bahia","category-brasil","category-feira-de-santana","category-mundo","category-policia","category-politica","post_format-post-format-gallery"],"featured_image_urls":{"full":["https:\/\/noticiasbahia360.com.br\/wp-content\/uploads\/2026\/09\/Julgamento-de-Equinos-Foto-Valdenir-Lima-91.jpg",1200,800,false],"thumbnail":["https:\/\/noticiasbahia360.com.br\/wp-content\/uploads\/2026\/09\/Julgamento-de-Equinos-Foto-Valdenir-Lima-91-150x150.jpg",150,150,true],"medium":["https:\/\/noticiasbahia360.com.br\/wp-content\/uploads\/2026\/09\/Julgamento-de-Equinos-Foto-Valdenir-Lima-91-300x200.jpg",300,200,true],"medium_large":["https:\/\/noticiasbahia360.com.br\/wp-content\/uploads\/2026\/09\/Julgamento-de-Equinos-Foto-Valdenir-Lima-91-768x512.jpg",640,427,true],"large":["https:\/\/noticiasbahia360.com.br\/wp-content\/uploads\/2026\/09\/Julgamento-de-Equinos-Foto-Valdenir-Lima-91-1024x683.jpg",640,427,true],"1536x1536":["https:\/\/noticiasbahia360.com.br\/wp-content\/uploads\/2026\/09\/Julgamento-de-Equinos-Foto-Valdenir-Lima-91.jpg",1200,800,false],"2048x2048":["https:\/\/noticiasbahia360.com.br\/wp-content\/uploads\/2026\/09\/Julgamento-de-Equinos-Foto-Valdenir-Lima-91.jpg",1200,800,false],"chromenews-featured":["https:\/\/noticiasbahia360.com.br\/wp-content\/uploads\/2026\/09\/Julgamento-de-Equinos-Foto-Valdenir-Lima-91-1024x683.jpg",1024,683,true],"chromenews-large":["https:\/\/noticiasbahia360.com.br\/wp-content\/uploads\/2026\/09\/Julgamento-de-Equinos-Foto-Valdenir-Lima-91-825x575.jpg",825,575,true],"chromenews-medium":["https:\/\/noticiasbahia360.com.br\/wp-content\/uploads\/2026\/09\/Julgamento-de-Equinos-Foto-Valdenir-Lima-91-590x410.jpg",590,410,true]},"author_info":{"display_name":"noticiasbahia360.com.br","author_link":"https:\/\/noticiasbahia360.com.br\/?author=1"},"category_info":"<a href=\"https:\/\/noticiasbahia360.com.br\/?cat=8\" rel=\"category\">Bahia<\/a> <a href=\"https:\/\/noticiasbahia360.com.br\/?cat=9\" rel=\"category\">Brasil<\/a> <a href=\"https:\/\/noticiasbahia360.com.br\/?cat=6\" rel=\"category\">Feira de Santana<\/a> <a href=\"https:\/\/noticiasbahia360.com.br\/?cat=57\" rel=\"category\">Mundo<\/a> <a href=\"https:\/\/noticiasbahia360.com.br\/?cat=56\" rel=\"category\">Pol\u00edcia<\/a> <a href=\"https:\/\/noticiasbahia360.com.br\/?cat=10\" rel=\"category\">Pol\u00edtica<\/a>","tag_info":"Pol\u00edtica","comment_count":"0","_links":{"self":[{"href":"https:\/\/noticiasbahia360.com.br\/index.php?rest_route=\/wp\/v2\/posts\/148968","targetHints":{"allow":["GET"]}}],"collection":[{"href":"https:\/\/noticiasbahia360.com.br\/index.php?rest_route=\/wp\/v2\/posts"}],"about":[{"href":"https:\/\/noticiasbahia360.com.br\/index.php?rest_route=\/wp\/v2\/types\/post"}],"author":[{"embeddable":true,"href":"https:\/\/noticiasbahia360.com.br\/index.php?rest_route=\/wp\/v2\/users\/1"}],"replies":[{"embeddable":true,"href":"https:\/\/noticiasbahia360.com.br\/index.php?rest_route=%2Fwp%2Fv2%2Fcomments&post=148968"}],"version-history":[{"count":0,"href":"https:\/\/noticiasbahia360.com.br\/index.php?rest_route=\/wp\/v2\/posts\/148968\/revisions"}],"wp:featuredmedia":[{"embeddable":true,"href":"https:\/\/noticiasbahia360.com.br\/index.php?rest_route=\/wp\/v2\/media\/148969"}],"wp:attachment":[{"href":"https:\/\/noticiasbahia360.com.br\/index.php?rest_route=%2Fwp%2Fv2%2Fmedia&parent=148968"}],"wp:term":[{"taxonomy":"category","embeddable":true,"href":"https:\/\/noticiasbahia360.com.br\/index.php?rest_route=%2Fwp%2Fv2%2Fcategories&post=148968"},{"taxonomy":"post_tag","embeddable":true,"href":"https:\/\/noticiasbahia360.com.br\/index.php?rest_route=%2Fwp%2Fv2%2Ftags&post=148968"}],"curies":[{"name":"wp","href":"https:\/\/api.w.org\/{rel}","templated":true}]}}