{"id":148970,"date":"2026-09-05T08:03:27","date_gmt":"2026-09-05T11:03:27","guid":{"rendered":"https:\/\/noticiasbahia360.com.br\/?p=148970"},"modified":"2026-09-05T08:03:27","modified_gmt":"2026-09-05T11:03:27","slug":"acao-integrada-prende-no-rj-lider-de-organizacao-criminosa-com-atuacao-em-salvador","status":"publish","type":"post","link":"https:\/\/noticiasbahia360.com.br\/?p=148970","title":{"rendered":"A\u00e7\u00e3o integrada prende no RJ l\u00edder de organiza\u00e7\u00e3o criminosa com atua\u00e7\u00e3o em Salvador"},"content":{"rendered":"<div>\n<div>\n<figure><img decoding=\"async\" src=\"http:\/\/noticiasbahia360.com.br\/wp-content\/uploads\/2026\/09\/lideranca-criminosa-presa-no-RJ.jpg\" alt=\"lideran\u00e7a criminosa presa no RJ\"><figcaption>Foto: Divulga\u00e7\u00e3o\/Pol\u00edcia Civil<\/figcaption><\/figure>\n<\/div>\n<p class=\"wp-block-paragraph\">Uma a\u00e7\u00e3o integrada entre as Pol\u00edcias Civis da Bahia e do Rio de Janeiro, com o apoio da Pol\u00edcia Rodovi\u00e1ria Federal (PRF\/RJ), resultou na pris\u00e3o de um homem apontado como lideran\u00e7a criminosa na regi\u00e3o de Cajazeiras, em <a href=\"https:\/\/www.acordacidade.com.br\/tag\/salvador\/\" data-type=\"post_tag\" data-id=\"33954\">Salvador<\/a>. <\/p>\n<p class=\"wp-block-paragraph\">Investigado pela morte de Gustavo Barbosa dos Santos, de 17 anos, e por duas tentativas de homic\u00eddio, ele foi localizado na Rodovia Presidente Dutra, na altura da Serra das Araras, no Rio de Janeiro, na tarde de sexta-feira (4), no \u00e2mbito da Opera\u00e7\u00e3o No Brown.<\/p>\n<p class=\"wp-block-paragraph\">Contra o suspeito havia um mandado de pris\u00e3o tempor\u00e1ria em aberto, expedido pelo 1\u00ba Ju\u00edzo da 1\u00aa Vara do Tribunal do J\u00fari da Comarca de Salvador. Investiga\u00e7\u00f5es realizadas pela 2\u00aa Delegacia de Homic\u00eddios (2\u00aa DH\/Central) apontam que o crime ocorreu no dia 4 de julho deste ano, Cajazeiras IV, quando o carro em que Gustavo estava, junto com o pai, de 53 anos, e um amigo, de 19 anos, foi atingido por disparos de arma de fogo efetuados por ocupantes de outro ve\u00edculo.<\/p>\n<p class=\"wp-block-paragraph\">As apura\u00e7\u00f5es apontam tamb\u00e9m que o homem, que j\u00e1 responde por recepta\u00e7\u00e3o, roubo, tr\u00e1fico de drogas e homic\u00eddio, atuava como agente central em uma disputa territorial na capital baiana. Segundo as investiga\u00e7\u00f5es, ele rompeu com a organiza\u00e7\u00e3o criminosa de origem para integrar um grupo rival, dando in\u00edcio a uma escalada de confrontos armados na regi\u00e3o de Cajazeiras.<\/p>\n<p class=\"wp-block-paragraph\">Com o suspeito, foram apreendidos o ve\u00edculo que ele conduzia e diversos aparelhos celulares. O homem e o material apreendido foram apresentados na Cidade da Pol\u00edcia, na capital fluminense. <\/p>\n<p class=\"wp-block-paragraph\">A a\u00e7\u00e3o contou com a atua\u00e7\u00e3o de equipes da 2\u00aa Delegacia de Homic\u00eddios (2\u00aa DH\/Central) e da Coordena\u00e7\u00e3o de Opera\u00e7\u00f5es e Intelig\u00eancia (COI) do Departamento de Homic\u00eddios e Prote\u00e7\u00e3o \u00e0 Pessoa (DHPP), al\u00e9m de equipes da Delegacia de Repress\u00e3o \u00e0s A\u00e7\u00f5es Criminosas Organizadas e Inqu\u00e9ritos Especiais (DRACO\/PCRJ) e da Pol\u00edcia Rodovi\u00e1ria Federal (PRF\/RJ).<\/p>\n<h2 id=\"h-salvador\" class=\"wp-block-heading\">Salvador<\/h2>\n<p class=\"wp-block-paragraph\">Um mandado de busca e apreens\u00e3o domiciliar tamb\u00e9m foi cumprido em um endere\u00e7o na capital baiana, onde policiais do DHPP localizaram uma pistola calibre 9 mm, dois carregadores e 33 muni\u00e7\u00f5es.<\/p>\n<p class=\"wp-block-paragraph\">Equipes da Coordena\u00e7\u00e3o de Opera\u00e7\u00f5es e Intelig\u00eancia, da 1\u00aa DH\/Atl\u00e2ntico, da 2\u00aa DH\/Central, da 3\u00aa DH\/BTS, da Delegacia de Homic\u00eddios M\u00faltiplos (DHM) e do Grupo de Capturas (GCAP\/NIC) seguem em campo em Salvador, realizando dilig\u00eancias cont\u00ednuas para o cumprimento de outros mandados relacionados \u00e0 atua\u00e7\u00e3o do grupo criminoso, investigado por diversos homic\u00eddios ocorridos na regi\u00e3o de Cajazeiras.<\/p>\n<p class=\"wp-block-paragraph\">Outros dois envolvidos na morte de Gustavo Barbosa dos Santos j\u00e1 foram identificados e est\u00e3o sendo procurados.<\/p>\n<p class=\"wp-block-paragraph\"><em>Siga o Acorda Cidade no\u00a0<\/em><a href=\"https:\/\/news.google.com\/search?q=acorda%20cidade&amp;hl=pt-BR&amp;gl=BR&amp;ceid=BR%3Apt-419\"><strong><em>Google Not\u00edcias<\/em><\/strong><\/a><em>\u00a0e receba os principais destaques do dia. Participe tamb\u00e9m dos nossos canais no\u00a0<\/em><a href=\"https:\/\/whatsapp.com\/channel\/0029Va6Rb4v3WHTNnsh8WI3N\"><strong><em>WhatsApp<\/em><\/strong><\/a><em>\u00a0e\u00a0<\/em><a href=\"https:\/\/www.youtube.com\/@acordacidadenoticias\/videos\"><strong>YouTube<\/strong><\/a><em>\u00a0e do grupo no\u00a0<\/em><a href=\"https:\/\/t.me\/+sSz0khrgARA0ZmRh\"><strong><em>Telegram<\/em><\/strong><\/a><em>.<\/em><\/p>\n<\/div>\n","protected":false},"excerpt":{"rendered":"<p>Foto: Divulga\u00e7\u00e3o\/Pol\u00edcia Civil Uma a\u00e7\u00e3o integrada entre as Pol\u00edcias Civis da Bahia e do Rio<\/p>\n","protected":false},"author":1,"featured_media":148971,"comment_status":"closed","ping_status":"closed","sticky":false,"template":"","format":"gallery","meta":{"footnotes":""},"categories":[8,9,6,57,56,10],"tags":[],"class_list":["post-148970","post","type-post","status-publish","format-gallery","has-post-thumbnail","hentry","category-bahia","category-brasil","category-feira-de-santana","category-mundo","category-policia","category-politica","post_format-post-format-gallery"],"featured_image_urls":{"full":["https:\/\/noticiasbahia360.com.br\/wp-content\/uploads\/2026\/09\/lideranca-criminosa-presa-no-RJ.jpg",1200,799,false],"thumbnail":["https:\/\/noticiasbahia360.com.br\/wp-content\/uploads\/2026\/09\/lideranca-criminosa-presa-no-RJ-150x150.jpg",150,150,true],"medium":["https:\/\/noticiasbahia360.com.br\/wp-content\/uploads\/2026\/09\/lideranca-criminosa-presa-no-RJ-300x200.jpg",300,200,true],"medium_large":["https:\/\/noticiasbahia360.com.br\/wp-content\/uploads\/2026\/09\/lideranca-criminosa-presa-no-RJ-768x511.jpg",640,426,true],"large":["https:\/\/noticiasbahia360.com.br\/wp-content\/uploads\/2026\/09\/lideranca-criminosa-presa-no-RJ-1024x682.jpg",640,426,true],"1536x1536":["https:\/\/noticiasbahia360.com.br\/wp-content\/uploads\/2026\/09\/lideranca-criminosa-presa-no-RJ.jpg",1200,799,false],"2048x2048":["https:\/\/noticiasbahia360.com.br\/wp-content\/uploads\/2026\/09\/lideranca-criminosa-presa-no-RJ.jpg",1200,799,false],"chromenews-featured":["https:\/\/noticiasbahia360.com.br\/wp-content\/uploads\/2026\/09\/lideranca-criminosa-presa-no-RJ-1024x682.jpg",1024,682,true],"chromenews-large":["https:\/\/noticiasbahia360.com.br\/wp-content\/uploads\/2026\/09\/lideranca-criminosa-presa-no-RJ-825x575.jpg",825,575,true],"chromenews-medium":["https:\/\/noticiasbahia360.com.br\/wp-content\/uploads\/2026\/09\/lideranca-criminosa-presa-no-RJ-590x410.jpg",590,410,true]},"author_info":{"display_name":"noticiasbahia360.com.br","author_link":"https:\/\/noticiasbahia360.com.br\/?author=1"},"category_info":"<a href=\"https:\/\/noticiasbahia360.com.br\/?cat=8\" rel=\"category\">Bahia<\/a> <a href=\"https:\/\/noticiasbahia360.com.br\/?cat=9\" rel=\"category\">Brasil<\/a> <a href=\"https:\/\/noticiasbahia360.com.br\/?cat=6\" rel=\"category\">Feira de Santana<\/a> <a href=\"https:\/\/noticiasbahia360.com.br\/?cat=57\" rel=\"category\">Mundo<\/a> <a href=\"https:\/\/noticiasbahia360.com.br\/?cat=56\" rel=\"category\">Pol\u00edcia<\/a> <a href=\"https:\/\/noticiasbahia360.com.br\/?cat=10\" rel=\"category\">Pol\u00edtica<\/a>","tag_info":"Pol\u00edtica","comment_count":"0","_links":{"self":[{"href":"https:\/\/noticiasbahia360.com.br\/index.php?rest_route=\/wp\/v2\/posts\/148970","targetHints":{"allow":["GET"]}}],"collection":[{"href":"https:\/\/noticiasbahia360.com.br\/index.php?rest_route=\/wp\/v2\/posts"}],"about":[{"href":"https:\/\/noticiasbahia360.com.br\/index.php?rest_route=\/wp\/v2\/types\/post"}],"author":[{"embeddable":true,"href":"https:\/\/noticiasbahia360.com.br\/index.php?rest_route=\/wp\/v2\/users\/1"}],"replies":[{"embeddable":true,"href":"https:\/\/noticiasbahia360.com.br\/index.php?rest_route=%2Fwp%2Fv2%2Fcomments&post=148970"}],"version-history":[{"count":0,"href":"https:\/\/noticiasbahia360.com.br\/index.php?rest_route=\/wp\/v2\/posts\/148970\/revisions"}],"wp:featuredmedia":[{"embeddable":true,"href":"https:\/\/noticiasbahia360.com.br\/index.php?rest_route=\/wp\/v2\/media\/148971"}],"wp:attachment":[{"href":"https:\/\/noticiasbahia360.com.br\/index.php?rest_route=%2Fwp%2Fv2%2Fmedia&parent=148970"}],"wp:term":[{"taxonomy":"category","embeddable":true,"href":"https:\/\/noticiasbahia360.com.br\/index.php?rest_route=%2Fwp%2Fv2%2Fcategories&post=148970"},{"taxonomy":"post_tag","embeddable":true,"href":"https:\/\/noticiasbahia360.com.br\/index.php?rest_route=%2Fwp%2Fv2%2Ftags&post=148970"}],"curies":[{"name":"wp","href":"https:\/\/api.w.org\/{rel}","templated":true}]}}