{"id":148976,"date":"2026-09-05T10:01:39","date_gmt":"2026-09-05T13:01:39","guid":{"rendered":"https:\/\/noticiasbahia360.com.br\/?p=148976"},"modified":"2026-09-05T10:01:39","modified_gmt":"2026-09-05T13:01:39","slug":"mais-de-158-milhoes-de-brasileiros-estao-aptos-a-votar-nas-eleicoes-2026-mulheres-sao-maioria","status":"publish","type":"post","link":"https:\/\/noticiasbahia360.com.br\/?p=148976","title":{"rendered":"Mais de 158 milh\u00f5es de brasileiros est\u00e3o aptos a votar nas elei\u00e7\u00f5es 2026; mulheres s\u00e3o maioria"},"content":{"rendered":"<div>\n<div>\n<figure><img decoding=\"async\" src=\"http:\/\/noticiasbahia360.com.br\/wp-content\/uploads\/2026\/09\/Urna-Eletronica-1-1.jpg\" alt=\"Urna Eletr\u00f4nica\"><figcaption>Foto: Fernando Fraz\u00e3o\/Ag\u00eancia Brasil<\/figcaption><\/figure>\n<\/div>\n<p class=\"wp-block-paragraph\"><strong>Nas Elei\u00e7\u00f5es 2026, 158,7 milh\u00f5es de eleitoras e eleitores estar\u00e3o aptos a votar em todo o pa\u00eds<\/strong>, de acordo com dados dispon\u00edveis na <a href=\"https:\/\/sig.tse.jus.br\/ords\/dwapr\/r\/seai\/sig-eleicao-eleitorado\/home?session=304471585097331\" data-type=\"link\" data-id=\"https:\/\/sig.tse.jus.br\/ords\/dwapr\/r\/seai\/sig-eleicao-eleitorado\/home?session=304471585097331\">p\u00e1gina de estat\u00edsticas eleitorais<\/a> do Tribunal Superior Eleitoral (TSE). Neste ano, brasileiras e brasileiros v\u00e3o \u00e0s urnas para escolher presidente da Rep\u00fablica, governador, senador, deputado federal, deputado estadual e deputado distrital.<\/p>\n<p class=\"wp-block-paragraph\">Os dados ajudam a retratar o perfil do eleitorado em diferentes recortes, como g\u00eanero, idade, escolaridade, biometria, nome social, eleitorado no exterior e pessoas com defici\u00eancia ou mobilidade reduzida.<\/p>\n<h2 id=\"h-evolucao-e-distribuicao\" class=\"wp-block-heading\">Evolu\u00e7\u00e3o e distribui\u00e7\u00e3o<\/h2>\n<p class=\"wp-block-paragraph\">O eleitorado brasileiro est\u00e1 distribu\u00eddo em 5.571 munic\u00edpios, al\u00e9m de 186 cidades no exterior. A vota\u00e7\u00e3o ocorrer\u00e1 em 517.206 se\u00e7\u00f5es eleitorais, organizadas em 2.641 zonas eleitorais.<\/p>\n<p class=\"wp-block-paragraph\">Em compara\u00e7\u00e3o com a \u00faltima elei\u00e7\u00e3o geral, houve aumento de 2,3 milh\u00f5es de eleitoras e eleitores aptos a votar, uma alta de 1,4%. Em 2022, eram 156,4 milh\u00f5es.<\/p>\n<p class=\"wp-block-paragraph\">No exterior, 918.876 pessoas est\u00e3o habilitadas a votar em 2026, n\u00famero que representa pouco mais de meio por cento do eleitorado nacional.<\/p>\n<h2 id=\"h-mulheres-sao-maioria\" class=\"wp-block-heading\">Mulheres s\u00e3o maioria<\/h2>\n<p class=\"wp-block-paragraph\"><strong>As mulheres seguem como maioria entre os eleitores brasileiros.<\/strong> S\u00e3o 83,8 milh\u00f5es de eleitoras, contra 74,8 milh\u00f5es de homens. A cada dez pessoas aptas a votar, pouco mais de cinco s\u00e3o mulheres (52,81% do total).<\/p>\n<h2 id=\"h-nome-social\" class=\"wp-block-heading\">Nome social<\/h2>\n<p class=\"wp-block-paragraph\">A Justi\u00e7a Eleitoral tamb\u00e9m registra as pessoas que optaram pelo uso do nome social, aquele pelo qual preferem ser identificadas. Em 2026, 38.472 eleitoras e eleitores votar\u00e3o com esse registro.<\/p>\n<h2 id=\"h-distribuicao-geografica\" class=\"wp-block-heading\">Distribui\u00e7\u00e3o geogr\u00e1fica<\/h2>\n<p class=\"wp-block-paragraph\">O estado de S\u00e3o Paulo continua sendo o maior col\u00e9gio eleitoral do pa\u00eds, com 34 milh\u00f5es de eleitoras e eleitores \u2014 mais de um em cada cinco votantes brasileiros (21,61%). Na sequ\u00eancia aparecem os estados de Minas Gerais, com 16,3 milh\u00f5es, e do Rio de Janeiro, com 12,8 milh\u00f5es. Juntos, os tr\u00eas estados concentram quase 40% do eleitorado nacional.<\/p>\n<p class=\"wp-block-paragraph\">Por outro lado, os tr\u00eas menores col\u00e9gios eleitorais est\u00e3o na regi\u00e3o Norte. Roraima tem 401 mil eleitores; Acre, 614 mil; e Amap\u00e1, 577 mil. Somados, os estados re\u00fanem cerca de 1% do eleitorado brasileiro.<\/p>\n<p class=\"wp-block-paragraph\">Entre as regi\u00f5es, o Sudeste concentra a maior parcela, com 42% do eleitorado nacional. O Nordeste vem em seguida, com 27,58%, seguido por Sul (14,48%), Norte (8,31%) e Centro-Oeste (7,6%).<\/p>\n<p class=\"wp-block-paragraph\">Sozinho, o munic\u00edpio de S\u00e3o Paulo concentra 9,1 milh\u00f5es de eleitores, o maior n\u00famero entre as cidades brasileiras. Em seguida aparecem Rio de Janeiro (4,9 milh\u00f5es), Bras\u00edlia (2,2 milh\u00f5es), Belo Horizonte (1,96 milh\u00e3o) e Salvador (1,95 milh\u00e3o).<\/p>\n<p class=\"wp-block-paragraph\">Na outra ponta, os menores col\u00e9gios eleitorais est\u00e3o em Bor\u00e1 (SP), com 1.094 eleitores; Araguainha (MT), com 1.236; Serra da Saudade (MG), com 1.287; e Engenho Velho (RS), com 1.181.<\/p>\n<h2 id=\"h-voto-facultativo\" class=\"wp-block-heading\">Voto facultativo<\/h2>\n<p class=\"wp-block-paragraph\"><strong>No Brasil, o voto \u00e9 facultativo para jovens de 16 e 17 anos<\/strong>,<strong> pessoas com 70 anos ou mais e analfabetos. <\/strong>Nas Elei\u00e7\u00f5es 2026, 1,6 milh\u00e3o de jovens de 16 e 17 anos poder\u00e3o votar.<\/p>\n<p class=\"wp-block-paragraph\">Entre as eleitoras e os eleitores com mais de 70 anos, o total chega a quase 17 milh\u00f5es, mais de um em cada dez eleitores aptos a votar. Na compara\u00e7\u00e3o com 2022, esse grupo cresceu 15,75%.<\/p>\n<h2 id=\"h-faixa-etaria\" class=\"wp-block-heading\">Faixa et\u00e1ria<\/h2>\n<p class=\"wp-block-paragraph\"><strong>A faixa de 40 a 44 anos re\u00fane o maior n\u00famero de eleitoras e eleitores<\/strong>, quase 16 milh\u00f5es. \u00c9 o grupo et\u00e1rio votante mais numeroso do pa\u00eds, seguido pelas pessoas de 45 a 49 anos (15,27 milh\u00f5es) e de 35 a 39 anos (15,26 milh\u00f5es).<\/p>\n<h2 id=\"h-biometria\" class=\"wp-block-heading\">Biometria<\/h2>\n<p class=\"wp-block-paragraph\"><strong>A biometria j\u00e1 est\u00e1 cadastrada para 141.301.540 eleitoras e eleitores.<\/strong> Isso significa que quase nove em cada dez pessoas aptas a votar t\u00eam identifica\u00e7\u00e3o biom\u00e9trica. Outros 17,4 milh\u00f5es ainda n\u00e3o t\u00eam o cadastro.<\/p>\n<p class=\"wp-block-paragraph\">O avan\u00e7o \u00e9 significativo em rela\u00e7\u00e3o \u00e0s elei\u00e7\u00f5es anteriores. Em 2022, 75,51% do eleitorado tinha biometria cadastrada. Em 2026, o \u00edndice chegou a 89,01%.<\/p>\n<h2 id=\"h-escolaridade\" class=\"wp-block-heading\">Escolaridade<\/h2>\n<p class=\"wp-block-paragraph\">No recorte por grau de instru\u00e7\u00e3o, <strong>o grupo mais numeroso \u00e9 o de pessoas com ensino m\u00e9dio completo<\/strong>: 44,2 milh\u00f5es. Na sequ\u00eancia, est\u00e3o os eleitores com ensino fundamental incompleto (33,6 milh\u00f5es), ensino m\u00e9dio incompleto (28,8 milh\u00f5es) e ensino superior completo (18 milh\u00f5es).<\/p>\n<h2 id=\"h-eleitorado-com-deficiencia\" class=\"wp-block-heading\">Eleitorado com defici\u00eancia<\/h2>\n<p class=\"wp-block-paragraph\">Nas Elei\u00e7\u00f5es 2026, 1,97 milh\u00e3o de eleitoras e eleitores declararam ter algum tipo de defici\u00eancia ou mobilidade reduzida. O grupo inclui 951.656 mulheres, 1.018.428 homens e 23.336 pessoas sem informa\u00e7\u00e3o de g\u00eanero no cadastro.<\/p>\n<p class=\"wp-block-paragraph\">Esses eleitores podem votar em se\u00e7\u00f5es com acessibilidade e receber atendimento adequado \u00e0s condi\u00e7\u00f5es informadas \u00e0 Justi\u00e7a Eleitoral.<\/p>\n<p class=\"wp-block-paragraph\"><em>Siga o Acorda Cidade no\u00a0<\/em><a href=\"https:\/\/news.google.com\/search?q=acorda%20cidade&amp;hl=pt-BR&amp;gl=BR&amp;ceid=BR%3Apt-419\"><strong><em>Google Not\u00edcias<\/em><\/strong><\/a><em>\u00a0e receba os principais destaques do dia. Participe tamb\u00e9m dos nossos canais no\u00a0<\/em><a href=\"https:\/\/whatsapp.com\/channel\/0029Va6Rb4v3WHTNnsh8WI3N\"><strong><em>WhatsApp<\/em><\/strong><\/a><em>\u00a0e\u00a0<\/em><a href=\"https:\/\/www.youtube.com\/@acordacidadenoticias\/videos\"><strong>YouTube<\/strong><\/a><em>\u00a0e do grupo no\u00a0<\/em><a href=\"https:\/\/t.me\/+sSz0khrgARA0ZmRh\"><strong><em>Telegram<\/em><\/strong><\/a><em>.<\/em><\/p>\n<\/div>\n","protected":false},"excerpt":{"rendered":"<p>Foto: Fernando Fraz\u00e3o\/Ag\u00eancia Brasil Nas Elei\u00e7\u00f5es 2026, 158,7 milh\u00f5es de eleitoras e eleitores estar\u00e3o aptos<\/p>\n","protected":false},"author":1,"featured_media":148977,"comment_status":"closed","ping_status":"closed","sticky":false,"template":"","format":"gallery","meta":{"footnotes":""},"categories":[8,9,6,57,56,10],"tags":[],"class_list":["post-148976","post","type-post","status-publish","format-gallery","has-post-thumbnail","hentry","category-bahia","category-brasil","category-feira-de-santana","category-mundo","category-policia","category-politica","post_format-post-format-gallery"],"featured_image_urls":{"full":["https:\/\/noticiasbahia360.com.br\/wp-content\/uploads\/2026\/09\/Urna-Eletronica-1-1.jpg",1200,801,false],"thumbnail":["https:\/\/noticiasbahia360.com.br\/wp-content\/uploads\/2026\/09\/Urna-Eletronica-1-1-150x150.jpg",150,150,true],"medium":["https:\/\/noticiasbahia360.com.br\/wp-content\/uploads\/2026\/09\/Urna-Eletronica-1-1-300x200.jpg",300,200,true],"medium_large":["https:\/\/noticiasbahia360.com.br\/wp-content\/uploads\/2026\/09\/Urna-Eletronica-1-1-768x513.jpg",640,428,true],"large":["https:\/\/noticiasbahia360.com.br\/wp-content\/uploads\/2026\/09\/Urna-Eletronica-1-1-1024x684.jpg",640,428,true],"1536x1536":["https:\/\/noticiasbahia360.com.br\/wp-content\/uploads\/2026\/09\/Urna-Eletronica-1-1.jpg",1200,801,false],"2048x2048":["https:\/\/noticiasbahia360.com.br\/wp-content\/uploads\/2026\/09\/Urna-Eletronica-1-1.jpg",1200,801,false],"chromenews-featured":["https:\/\/noticiasbahia360.com.br\/wp-content\/uploads\/2026\/09\/Urna-Eletronica-1-1-1024x684.jpg",1024,684,true],"chromenews-large":["https:\/\/noticiasbahia360.com.br\/wp-content\/uploads\/2026\/09\/Urna-Eletronica-1-1-825x575.jpg",825,575,true],"chromenews-medium":["https:\/\/noticiasbahia360.com.br\/wp-content\/uploads\/2026\/09\/Urna-Eletronica-1-1-590x410.jpg",590,410,true]},"author_info":{"display_name":"noticiasbahia360.com.br","author_link":"https:\/\/noticiasbahia360.com.br\/?author=1"},"category_info":"<a href=\"https:\/\/noticiasbahia360.com.br\/?cat=8\" rel=\"category\">Bahia<\/a> <a href=\"https:\/\/noticiasbahia360.com.br\/?cat=9\" rel=\"category\">Brasil<\/a> <a href=\"https:\/\/noticiasbahia360.com.br\/?cat=6\" rel=\"category\">Feira de Santana<\/a> <a href=\"https:\/\/noticiasbahia360.com.br\/?cat=57\" rel=\"category\">Mundo<\/a> <a href=\"https:\/\/noticiasbahia360.com.br\/?cat=56\" rel=\"category\">Pol\u00edcia<\/a> <a href=\"https:\/\/noticiasbahia360.com.br\/?cat=10\" rel=\"category\">Pol\u00edtica<\/a>","tag_info":"Pol\u00edtica","comment_count":"0","_links":{"self":[{"href":"https:\/\/noticiasbahia360.com.br\/index.php?rest_route=\/wp\/v2\/posts\/148976","targetHints":{"allow":["GET"]}}],"collection":[{"href":"https:\/\/noticiasbahia360.com.br\/index.php?rest_route=\/wp\/v2\/posts"}],"about":[{"href":"https:\/\/noticiasbahia360.com.br\/index.php?rest_route=\/wp\/v2\/types\/post"}],"author":[{"embeddable":true,"href":"https:\/\/noticiasbahia360.com.br\/index.php?rest_route=\/wp\/v2\/users\/1"}],"replies":[{"embeddable":true,"href":"https:\/\/noticiasbahia360.com.br\/index.php?rest_route=%2Fwp%2Fv2%2Fcomments&post=148976"}],"version-history":[{"count":0,"href":"https:\/\/noticiasbahia360.com.br\/index.php?rest_route=\/wp\/v2\/posts\/148976\/revisions"}],"wp:featuredmedia":[{"embeddable":true,"href":"https:\/\/noticiasbahia360.com.br\/index.php?rest_route=\/wp\/v2\/media\/148977"}],"wp:attachment":[{"href":"https:\/\/noticiasbahia360.com.br\/index.php?rest_route=%2Fwp%2Fv2%2Fmedia&parent=148976"}],"wp:term":[{"taxonomy":"category","embeddable":true,"href":"https:\/\/noticiasbahia360.com.br\/index.php?rest_route=%2Fwp%2Fv2%2Fcategories&post=148976"},{"taxonomy":"post_tag","embeddable":true,"href":"https:\/\/noticiasbahia360.com.br\/index.php?rest_route=%2Fwp%2Fv2%2Ftags&post=148976"}],"curies":[{"name":"wp","href":"https:\/\/api.w.org\/{rel}","templated":true}]}}