{"id":148978,"date":"2026-09-05T10:01:40","date_gmt":"2026-09-05T13:01:40","guid":{"rendered":"https:\/\/noticiasbahia360.com.br\/?p=148978"},"modified":"2026-09-05T10:01:40","modified_gmt":"2026-09-05T13:01:40","slug":"homem-e-preso-apos-mostrar-partes-intimas-para-adolescentes-de-10-e-13-anos-em-feira-de-santana","status":"publish","type":"post","link":"https:\/\/noticiasbahia360.com.br\/?p=148978","title":{"rendered":"Homem \u00e9 preso ap\u00f3s mostrar partes \u00edntimas para adolescentes de 10 e 13 anos em Feira de Santana"},"content":{"rendered":"<div>\n<div>\n<figure><img decoding=\"async\" src=\"http:\/\/noticiasbahia360.com.br\/wp-content\/uploads\/2026\/09\/viatura-carro-da-policia-militar-pm-65-CIPM-cimp-Feira-de-Santana-Foto-Ed-Santos-Acorda-Cidade.jpg\" alt=\"Viatura da 65\u00aa Companhia Independente de Pol\u00edcia Militar (CIPM), em Feira de Santana\"><figcaption>Foto: Ed Santos \/ Acorda Cidade <\/figcaption><\/figure>\n<\/div>\n<p class=\"wp-block-paragraph\">Um homem de 57 anos foi preso, na noite desta sexta-feira (4), ap\u00f3s uma den\u00fancia de importuna\u00e7\u00e3o sexual contra duas adolescentes, no bairro Campo do Gado Novo, em Feira de Santana. A pris\u00e3o ocorreu por meio de policiais da 65\u00aa CIPM (Companhia Independente de Pol\u00edcia Militar).<\/p>\n<p class=\"wp-block-paragraph\">Segundo a PM, as v\u00edtimas t\u00eam 10 e 13 anos de idade. O crime ocorreu por volta das 21h30, na Rua Cara\u00edbas.<\/p>\n<h2 id=\"h-suspeito-abaixou-as-calcas\" class=\"wp-block-heading\">Suspeito abaixou as cal\u00e7as<\/h2>\n<p class=\"wp-block-paragraph\">A den\u00fancia foi feita pela tia de uma das adolescentes e a m\u00e3e da outra v\u00edtima. Segundo a ocorr\u00eancia, o suspeito abaixou as cal\u00e7as e exibiu a genit\u00e1lia para as garotas. O homem, que reside no mesmo endere\u00e7o, tamb\u00e9m fez declara\u00e7\u00f5es de cunho sexual direcionadas a uma delas.<\/p>\n<p class=\"wp-block-paragraph\">Assustada com a atitude do suspeito, uma das adolescentes correu e relatou os fatos para a tia, que acionou a m\u00e3e da outra v\u00edtima.<\/p>\n<p class=\"wp-block-paragraph\">O suspeito e as autoras da den\u00fancia foram encaminhados \u00e0 Central de Flagrantes para registro do Boletim de Ocorr\u00eancia e esclarecimentos dos fatos, al\u00e9m da ado\u00e7\u00e3o das medidas cab\u00edveis ao caso.<\/p>\n<p class=\"wp-block-paragraph\"><em>Com informa\u00e7\u00f5es do rep\u00f3rter Ed Santos, do Acorda Cidade.<\/em><\/p>\n<p class=\"wp-block-paragraph\">Leia mais:<\/p>\n<p class=\"wp-block-paragraph\"><a href=\"https:\/\/www.acordacidade.com.br\/policia\/idoso-de-64-anos-e-linchado-em-feira-de-santana-apos-jovem-denunciar-importunacao-sexual\/\" data-type=\"link\" data-id=\"https:\/\/www.acordacidade.com.br\/policia\/idoso-de-64-anos-e-linchado-em-feira-de-santana-apos-jovem-denunciar-importunacao-sexual\/\">Idoso de 64 anos \u00e9 espancado em Feira de Santana ap\u00f3s jovem denunciar importuna\u00e7\u00e3o sexual<\/a><\/p>\n<p class=\"wp-block-paragraph\"><a href=\"https:\/\/www.acordacidade.com.br\/policia\/vitima-de-importunacao-sexual-em-condominio-diz-que-esta-abalada-e-nao-consegue-mais-dormir-para-mim-foi-um-choque\/\" data-type=\"link\" data-id=\"https:\/\/www.acordacidade.com.br\/policia\/vitima-de-importunacao-sexual-em-condominio-diz-que-esta-abalada-e-nao-consegue-mais-dormir-para-mim-foi-um-choque\/\">V\u00edtima de importuna\u00e7\u00e3o sexual em condom\u00ednio diz que est\u00e1 abalada e n\u00e3o consegue mais dormir em casa: \u2018Para mim foi um choque\u2019<br \/><\/a><\/p>\n<p class=\"wp-block-paragraph\"><em>Siga o Acorda Cidade no\u00a0<\/em><a href=\"https:\/\/news.google.com\/search?q=acorda%20cidade&amp;hl=pt-BR&amp;gl=BR&amp;ceid=BR%3Apt-419\"><strong><em>Google Not\u00edcias<\/em><\/strong><\/a><em>\u00a0e receba os principais destaques do dia. Participe tamb\u00e9m dos nossos canais no\u00a0<\/em><a href=\"https:\/\/whatsapp.com\/channel\/0029Va6Rb4v3WHTNnsh8WI3N\"><strong><em>WhatsApp<\/em><\/strong><\/a><em>\u00a0e\u00a0<\/em><a href=\"https:\/\/www.youtube.com\/@acordacidadenoticias\/videos\"><strong>YouTube<\/strong><\/a><em>\u00a0e do grupo no\u00a0<\/em><a href=\"https:\/\/t.me\/+sSz0khrgARA0ZmRh\"><strong><em>Telegram<\/em><\/strong><\/a><em>.<\/em><\/p>\n<\/div>\n","protected":false},"excerpt":{"rendered":"<p>Foto: Ed Santos \/ Acorda Cidade Um homem de 57 anos foi preso, na noite<\/p>\n","protected":false},"author":1,"featured_media":148979,"comment_status":"closed","ping_status":"closed","sticky":false,"template":"","format":"gallery","meta":{"footnotes":""},"categories":[8,9,6,57,56,10],"tags":[],"class_list":["post-148978","post","type-post","status-publish","format-gallery","has-post-thumbnail","hentry","category-bahia","category-brasil","category-feira-de-santana","category-mundo","category-policia","category-politica","post_format-post-format-gallery"],"featured_image_urls":{"full":["https:\/\/noticiasbahia360.com.br\/wp-content\/uploads\/2026\/09\/viatura-carro-da-policia-militar-pm-65-CIPM-cimp-Feira-de-Santana-Foto-Ed-Santos-Acorda-Cidade.jpg",1200,675,false],"thumbnail":["https:\/\/noticiasbahia360.com.br\/wp-content\/uploads\/2026\/09\/viatura-carro-da-policia-militar-pm-65-CIPM-cimp-Feira-de-Santana-Foto-Ed-Santos-Acorda-Cidade-150x150.jpg",150,150,true],"medium":["https:\/\/noticiasbahia360.com.br\/wp-content\/uploads\/2026\/09\/viatura-carro-da-policia-militar-pm-65-CIPM-cimp-Feira-de-Santana-Foto-Ed-Santos-Acorda-Cidade-300x169.jpg",300,169,true],"medium_large":["https:\/\/noticiasbahia360.com.br\/wp-content\/uploads\/2026\/09\/viatura-carro-da-policia-militar-pm-65-CIPM-cimp-Feira-de-Santana-Foto-Ed-Santos-Acorda-Cidade-768x432.jpg",640,360,true],"large":["https:\/\/noticiasbahia360.com.br\/wp-content\/uploads\/2026\/09\/viatura-carro-da-policia-militar-pm-65-CIPM-cimp-Feira-de-Santana-Foto-Ed-Santos-Acorda-Cidade-1024x576.jpg",640,360,true],"1536x1536":["https:\/\/noticiasbahia360.com.br\/wp-content\/uploads\/2026\/09\/viatura-carro-da-policia-militar-pm-65-CIPM-cimp-Feira-de-Santana-Foto-Ed-Santos-Acorda-Cidade.jpg",1200,675,false],"2048x2048":["https:\/\/noticiasbahia360.com.br\/wp-content\/uploads\/2026\/09\/viatura-carro-da-policia-militar-pm-65-CIPM-cimp-Feira-de-Santana-Foto-Ed-Santos-Acorda-Cidade.jpg",1200,675,false],"chromenews-featured":["https:\/\/noticiasbahia360.com.br\/wp-content\/uploads\/2026\/09\/viatura-carro-da-policia-militar-pm-65-CIPM-cimp-Feira-de-Santana-Foto-Ed-Santos-Acorda-Cidade-1024x576.jpg",1024,576,true],"chromenews-large":["https:\/\/noticiasbahia360.com.br\/wp-content\/uploads\/2026\/09\/viatura-carro-da-policia-militar-pm-65-CIPM-cimp-Feira-de-Santana-Foto-Ed-Santos-Acorda-Cidade-825x575.jpg",825,575,true],"chromenews-medium":["https:\/\/noticiasbahia360.com.br\/wp-content\/uploads\/2026\/09\/viatura-carro-da-policia-militar-pm-65-CIPM-cimp-Feira-de-Santana-Foto-Ed-Santos-Acorda-Cidade-590x410.jpg",590,410,true]},"author_info":{"display_name":"noticiasbahia360.com.br","author_link":"https:\/\/noticiasbahia360.com.br\/?author=1"},"category_info":"<a href=\"https:\/\/noticiasbahia360.com.br\/?cat=8\" rel=\"category\">Bahia<\/a> <a href=\"https:\/\/noticiasbahia360.com.br\/?cat=9\" rel=\"category\">Brasil<\/a> <a href=\"https:\/\/noticiasbahia360.com.br\/?cat=6\" rel=\"category\">Feira de Santana<\/a> <a href=\"https:\/\/noticiasbahia360.com.br\/?cat=57\" rel=\"category\">Mundo<\/a> <a href=\"https:\/\/noticiasbahia360.com.br\/?cat=56\" rel=\"category\">Pol\u00edcia<\/a> <a href=\"https:\/\/noticiasbahia360.com.br\/?cat=10\" rel=\"category\">Pol\u00edtica<\/a>","tag_info":"Pol\u00edtica","comment_count":"0","_links":{"self":[{"href":"https:\/\/noticiasbahia360.com.br\/index.php?rest_route=\/wp\/v2\/posts\/148978","targetHints":{"allow":["GET"]}}],"collection":[{"href":"https:\/\/noticiasbahia360.com.br\/index.php?rest_route=\/wp\/v2\/posts"}],"about":[{"href":"https:\/\/noticiasbahia360.com.br\/index.php?rest_route=\/wp\/v2\/types\/post"}],"author":[{"embeddable":true,"href":"https:\/\/noticiasbahia360.com.br\/index.php?rest_route=\/wp\/v2\/users\/1"}],"replies":[{"embeddable":true,"href":"https:\/\/noticiasbahia360.com.br\/index.php?rest_route=%2Fwp%2Fv2%2Fcomments&post=148978"}],"version-history":[{"count":0,"href":"https:\/\/noticiasbahia360.com.br\/index.php?rest_route=\/wp\/v2\/posts\/148978\/revisions"}],"wp:featuredmedia":[{"embeddable":true,"href":"https:\/\/noticiasbahia360.com.br\/index.php?rest_route=\/wp\/v2\/media\/148979"}],"wp:attachment":[{"href":"https:\/\/noticiasbahia360.com.br\/index.php?rest_route=%2Fwp%2Fv2%2Fmedia&parent=148978"}],"wp:term":[{"taxonomy":"category","embeddable":true,"href":"https:\/\/noticiasbahia360.com.br\/index.php?rest_route=%2Fwp%2Fv2%2Fcategories&post=148978"},{"taxonomy":"post_tag","embeddable":true,"href":"https:\/\/noticiasbahia360.com.br\/index.php?rest_route=%2Fwp%2Fv2%2Ftags&post=148978"}],"curies":[{"name":"wp","href":"https:\/\/api.w.org\/{rel}","templated":true}]}}