{"id":148980,"date":"2026-09-05T11:01:09","date_gmt":"2026-09-05T14:01:09","guid":{"rendered":"https:\/\/noticiasbahia360.com.br\/?p=148980"},"modified":"2026-09-05T11:01:09","modified_gmt":"2026-09-05T14:01:09","slug":"veja-como-sera-a-agenda-dos-candidatos-a-presidencia-da-republica-neste-fim-de-semana","status":"publish","type":"post","link":"https:\/\/noticiasbahia360.com.br\/?p=148980","title":{"rendered":"Veja como ser\u00e1 a agenda dos candidatos \u00e0 Presid\u00eancia da Rep\u00fablica neste fim de semana"},"content":{"rendered":"<div>\n<div>\n<figure><img decoding=\"async\" src=\"http:\/\/noticiasbahia360.com.br\/wp-content\/uploads\/2026\/09\/candidatos-a-presidencia-1.jpg\" alt=\"candidatos \u00e0 presid\u00eancia\"><figcaption>Foto: Divulga\u00e7\u00e3o<\/figcaption><\/figure>\n<\/div>\n<p class=\"wp-block-paragraph\">Ag\u00eancia Brasil \u2013 A agenda dos presidenci\u00e1veis neste fim de semana inclui lan\u00e7amentos de campanha, caminhadas, panfletagens e eventos pol\u00edticos. Tamb\u00e9m est\u00e3o previstas entrevistas, visitas, atos com aliados, encontros com representantes do setor produtivo e participa\u00e7\u00e3o em eventos de campanha e manifesta\u00e7\u00f5es pol\u00edticas.<img decoding=\"async\" src=\"https:\/\/agenciabrasil.ebc.com.br\/ebc.png?id=1701596&amp;o=node\"><img decoding=\"async\" src=\"https:\/\/agenciabrasil.ebc.com.br\/ebc.gif?id=1701596&amp;o=node\"><\/p>\n<p class=\"wp-block-paragraph\"><strong>Fl\u00e1vio Bolsonaro (PL)\u00a0<\/strong><br \/>Visita o ex-assessor Filipe Martins na cadeia P\u00fablica de Ponta Grossa (PR), neste s\u00e1bado.\u00a0<\/p>\n<p class=\"wp-block-paragraph\"><strong>Hertz Dias (PSTU)<\/strong><br \/>Neste s\u00e1bado, participa de panfletagem na Esta\u00e7\u00e3o da Lapa, em Salvador (BA), e de conversa de apresenta\u00e7\u00e3o do programa do PSTU no Emp\u00f3rio Bourbon Beer.\u00a0<\/p>\n<p class=\"wp-block-paragraph\"><strong>Luiz In\u00e1cio Lula da Silva (PT)\u00a0<\/strong><br \/>Participa de ato Lula, Alckmin e Haddad em S\u00e3o Jos\u00e9 do Rio Preto (SP), na manh\u00e3 deste s\u00e1bado.\u00a0<\/p>\n<p class=\"wp-block-paragraph\"><strong>Renan Santos (Miss\u00e3o)<\/strong><br \/>Neste s\u00e1bado \u00e0 noite, participa de evento de campanha no Teatro Brasil Tropical, em Fortaleza (CE). No domingo, participa de evento de campanha no Sal\u00e3o Atlantis, em S\u00e3o Lu\u00eds (MA).\u00a0\u00a0<\/p>\n<p class=\"wp-block-paragraph\"><strong>Samara Martins (UP)<\/strong><br \/>Em Santo Andr\u00e9 (SP), participa da Marcha do Hero\u00edsmo Revolucion\u00e1rio, em homenagem aos militantes assassinados e desaparecidos pela ditadura militar, neste s\u00e1bado.\u00a0<\/p>\n<p class=\"wp-block-paragraph\"><strong>Romeu Zema<\/strong><br \/>Neste s\u00e1bado, participa de entrevista presencial e gravada para a Record. Em seguida, vai\u00a0para Uberl\u00e2ndia, onde n\u00e3o tem agenda para o restante do s\u00e1bado.<\/p>\n<p class=\"wp-block-paragraph\"><strong>Ronaldo Caiado (PSD)<\/strong><br \/>Visita \u00e0 49\u00aa edi\u00e7\u00e3o da Expointer, em Esteio (RS). Durante o evento, visita o \u00a0Pavilh\u00e3o da Agricultura Familiar e a \u00e1rea de m\u00e1quinas agr\u00edcolas e se re\u00fane com a Ocergs e a Farsul.\u00a0<\/p>\n<p class=\"wp-block-paragraph\"><strong>Rui Costa Pimenta (PCO)\u00a0<\/strong><br \/>Em Belo Horizonte (MG), participa de almo\u00e7o e lan\u00e7amento de candidaturas.\u00a0<\/p>\n<p class=\"wp-block-paragraph\"><strong>Augusto Cury (Avante)<\/strong><br \/>Neste s\u00e1bado, participa de lan\u00e7amento de campanha em Ara\u00e7atuba (SP) e faz caminhada pelo camel\u00f3dromo e cal\u00e7ad\u00e3o da cidade. No domingo, participa de adesiva\u00e7o em Natal (RN).<\/p>\n<p class=\"wp-block-paragraph\"><strong>Clariana Bar\u00e3o (DC)<\/strong><br \/>Concede entrevista para o Jornal News SBT, neste s\u00e1bado<\/p>\n<p class=\"wp-block-paragraph\"><strong>Edmilson Costa (PCB)<\/strong><br \/>Cumpre agenda da secretaria-geral do PCB em Lisboa.\u00a0<\/p>\n<p class=\"wp-block-paragraph\">O candidato\u00a0<strong>Wilson Grassi (Democrata)\u00a0<\/strong>n\u00e3o tem agenda p\u00fablica de campanha neste fim de semana.\u00a0<\/p>\n<p class=\"wp-block-paragraph\">A ordem de apresenta\u00e7\u00e3o da cobertura da agenda dos candidatos a presidente segue rod\u00edzio di\u00e1rio em ordem alfab\u00e9tica.<\/p>\n<p class=\"wp-block-paragraph\"><em>Siga o Acorda Cidade no\u00a0<\/em><a href=\"https:\/\/news.google.com\/search?q=acorda%20cidade&amp;hl=pt-BR&amp;gl=BR&amp;ceid=BR%3Apt-419\"><strong><em>Google Not\u00edcias<\/em><\/strong><\/a><em>\u00a0e receba os principais destaques do dia. Participe tamb\u00e9m dos nossos canais no\u00a0<\/em><a href=\"https:\/\/whatsapp.com\/channel\/0029Va6Rb4v3WHTNnsh8WI3N\"><strong><em>WhatsApp<\/em><\/strong><\/a><em>\u00a0e\u00a0<\/em><a href=\"https:\/\/www.youtube.com\/@acordacidadenoticias\/videos\"><strong>YouTube<\/strong><\/a><em>\u00a0e do grupo no\u00a0<\/em><a href=\"https:\/\/t.me\/+sSz0khrgARA0ZmRh\"><strong><em>Telegram<\/em><\/strong><\/a><em>.<\/em><\/p>\n<\/div>\n","protected":false},"excerpt":{"rendered":"<p>Foto: Divulga\u00e7\u00e3o Ag\u00eancia Brasil \u2013 A agenda dos presidenci\u00e1veis neste fim de semana inclui lan\u00e7amentos<\/p>\n","protected":false},"author":1,"featured_media":148981,"comment_status":"closed","ping_status":"closed","sticky":false,"template":"","format":"gallery","meta":{"footnotes":""},"categories":[8,9,6,57,56,10],"tags":[],"class_list":["post-148980","post","type-post","status-publish","format-gallery","has-post-thumbnail","hentry","category-bahia","category-brasil","category-feira-de-santana","category-mundo","category-policia","category-politica","post_format-post-format-gallery"],"featured_image_urls":{"full":["https:\/\/noticiasbahia360.com.br\/wp-content\/uploads\/2026\/09\/candidatos-a-presidencia-1.jpg",1200,789,false],"thumbnail":["https:\/\/noticiasbahia360.com.br\/wp-content\/uploads\/2026\/09\/candidatos-a-presidencia-1-150x150.jpg",150,150,true],"medium":["https:\/\/noticiasbahia360.com.br\/wp-content\/uploads\/2026\/09\/candidatos-a-presidencia-1-300x197.jpg",300,197,true],"medium_large":["https:\/\/noticiasbahia360.com.br\/wp-content\/uploads\/2026\/09\/candidatos-a-presidencia-1-768x505.jpg",640,421,true],"large":["https:\/\/noticiasbahia360.com.br\/wp-content\/uploads\/2026\/09\/candidatos-a-presidencia-1-1024x673.jpg",640,421,true],"1536x1536":["https:\/\/noticiasbahia360.com.br\/wp-content\/uploads\/2026\/09\/candidatos-a-presidencia-1.jpg",1200,789,false],"2048x2048":["https:\/\/noticiasbahia360.com.br\/wp-content\/uploads\/2026\/09\/candidatos-a-presidencia-1.jpg",1200,789,false],"chromenews-featured":["https:\/\/noticiasbahia360.com.br\/wp-content\/uploads\/2026\/09\/candidatos-a-presidencia-1-1024x673.jpg",1024,673,true],"chromenews-large":["https:\/\/noticiasbahia360.com.br\/wp-content\/uploads\/2026\/09\/candidatos-a-presidencia-1-825x575.jpg",825,575,true],"chromenews-medium":["https:\/\/noticiasbahia360.com.br\/wp-content\/uploads\/2026\/09\/candidatos-a-presidencia-1-590x410.jpg",590,410,true]},"author_info":{"display_name":"noticiasbahia360.com.br","author_link":"https:\/\/noticiasbahia360.com.br\/?author=1"},"category_info":"<a href=\"https:\/\/noticiasbahia360.com.br\/?cat=8\" rel=\"category\">Bahia<\/a> <a href=\"https:\/\/noticiasbahia360.com.br\/?cat=9\" rel=\"category\">Brasil<\/a> <a href=\"https:\/\/noticiasbahia360.com.br\/?cat=6\" rel=\"category\">Feira de Santana<\/a> <a href=\"https:\/\/noticiasbahia360.com.br\/?cat=57\" rel=\"category\">Mundo<\/a> <a href=\"https:\/\/noticiasbahia360.com.br\/?cat=56\" rel=\"category\">Pol\u00edcia<\/a> <a href=\"https:\/\/noticiasbahia360.com.br\/?cat=10\" rel=\"category\">Pol\u00edtica<\/a>","tag_info":"Pol\u00edtica","comment_count":"0","_links":{"self":[{"href":"https:\/\/noticiasbahia360.com.br\/index.php?rest_route=\/wp\/v2\/posts\/148980","targetHints":{"allow":["GET"]}}],"collection":[{"href":"https:\/\/noticiasbahia360.com.br\/index.php?rest_route=\/wp\/v2\/posts"}],"about":[{"href":"https:\/\/noticiasbahia360.com.br\/index.php?rest_route=\/wp\/v2\/types\/post"}],"author":[{"embeddable":true,"href":"https:\/\/noticiasbahia360.com.br\/index.php?rest_route=\/wp\/v2\/users\/1"}],"replies":[{"embeddable":true,"href":"https:\/\/noticiasbahia360.com.br\/index.php?rest_route=%2Fwp%2Fv2%2Fcomments&post=148980"}],"version-history":[{"count":0,"href":"https:\/\/noticiasbahia360.com.br\/index.php?rest_route=\/wp\/v2\/posts\/148980\/revisions"}],"wp:featuredmedia":[{"embeddable":true,"href":"https:\/\/noticiasbahia360.com.br\/index.php?rest_route=\/wp\/v2\/media\/148981"}],"wp:attachment":[{"href":"https:\/\/noticiasbahia360.com.br\/index.php?rest_route=%2Fwp%2Fv2%2Fmedia&parent=148980"}],"wp:term":[{"taxonomy":"category","embeddable":true,"href":"https:\/\/noticiasbahia360.com.br\/index.php?rest_route=%2Fwp%2Fv2%2Fcategories&post=148980"},{"taxonomy":"post_tag","embeddable":true,"href":"https:\/\/noticiasbahia360.com.br\/index.php?rest_route=%2Fwp%2Fv2%2Ftags&post=148980"}],"curies":[{"name":"wp","href":"https:\/\/api.w.org\/{rel}","templated":true}]}}