{"id":148982,"date":"2026-09-05T11:01:10","date_gmt":"2026-09-05T14:01:10","guid":{"rendered":"https:\/\/noticiasbahia360.com.br\/?p=148982"},"modified":"2026-09-05T11:01:10","modified_gmt":"2026-09-05T14:01:10","slug":"jovem-atleta-de-feira-de-santana-conquista-os-tatames-no-seu-1o-mundial-no-espirito-santo","status":"publish","type":"post","link":"https:\/\/noticiasbahia360.com.br\/?p=148982","title":{"rendered":"Jovem atleta de Feira de Santana conquista os tatames no seu 1\u00ba Mundial no Esp\u00edrito Santo"},"content":{"rendered":"<div>\n<div>\n<figure><img decoding=\"async\" src=\"http:\/\/noticiasbahia360.com.br\/wp-content\/uploads\/2026\/09\/Atleta-feirense-karate.webp\" alt=\"N\u00edcolas Lafeiete ganha medalhas em primeiro campeonato\"><figcaption>N\u00edcolas Lafaiete | Foto: Divulga\u00e7\u00e3o<\/figcaption><\/figure>\n<\/div>\n<p class=\"wp-block-paragraph\">Aos 10 anos, o estudante N\u00edcolas Lafaiete, natural de Feira de Santana, levou o nome da Princesa do Sert\u00e3o tr\u00eas vezes ao p\u00f3dio da 7\u00aa edi\u00e7\u00e3o do Campeonato Mundial de Karat\u00ea JKS, realizado em Vit\u00f3ria, capital do Esp\u00edrito Santo. Ap\u00f3s 11 campeonatos e 30 medalhas acumuladas, a participa\u00e7\u00e3o do karateca na edi\u00e7\u00e3o de 2026 do torneio marcou um grande cap\u00edtulo na sua trajet\u00f3ria, consagrando sua estreia em Mundiais com um feito hist\u00f3rico.<\/p>\n<p class=\"wp-block-paragraph\">O destaque por sua performance \u00e9 fruto de muita dedica\u00e7\u00e3o e desafios que foram al\u00e9m dos treinos. Foram meses seguindo uma rotina intensa de prepara\u00e7\u00e3o, muita persist\u00eancia, disciplina, apoio familiar e orienta\u00e7\u00e3o do seu sensei, al\u00e9m, \u00e9 claro, de sua grande paix\u00e3o pelo karat\u00ea.<\/p>\n<p class=\"wp-block-paragraph\">\u201cCompetir \u00e9 o que me motiva no karat\u00ea. No tatame eu mostro o que treinei e o resultado do meu esfor\u00e7o\u201d, disse o atleta ao portal Acorda Cidade.<\/p>\n<figure class=\"wp-block-image size-full\"><img fetchpriority=\"high\" fetchpriority=\"high\" decoding=\"async\" width=\"1200\" height=\"675\" src=\"http:\/\/noticiasbahia360.com.br\/wp-content\/uploads\/2026\/09\/grade-3-fotos-Nicolas-.jpg\" alt=\"Grade de fotos - N\u00edcolas Lafaiete \" class=\"wp-image-687612\" srcset=\"http:\/\/noticiasbahia360.com.br\/wp-content\/uploads\/2026\/09\/grade-3-fotos-Nicolas-.jpg 1200w, https:\/\/uploads.acordacidade.com.br\/2026\/09\/grade-3-fotos-Nicolas--750x422.jpg 750w, https:\/\/uploads.acordacidade.com.br\/2026\/09\/grade-3-fotos-Nicolas--1000x563.jpg 1000w, https:\/\/uploads.acordacidade.com.br\/2026\/09\/grade-3-fotos-Nicolas--450x253.jpg 450w, https:\/\/uploads.acordacidade.com.br\/2026\/09\/grade-3-fotos-Nicolas--150x84.jpg 150w\" sizes=\"(max-width: 1200px) 100vw, 1200px\"><figcaption class=\"wp-element-caption\">N\u00edcolas Lafaiete | Fotos: Divulga\u00e7\u00e3o<\/figcaption><\/figure>\n<p class=\"wp-block-paragraph\">Com o sucesso nos tatames, N\u00edcolas levou tr\u00eas medalhas para casa, tornando-se motivo de orgulho para o cen\u00e1rio esportivo feirense:<\/p>\n<ul class=\"wp-block-list\">\n<li><strong>Ouro:<\/strong> Kumite por Equipe<\/li>\n<li><strong>Prata:<\/strong> Kata por Equipe<\/li>\n<li><strong>Bronze:<\/strong> Kata Individual<\/li>\n<\/ul>\n<p class=\"wp-block-paragraph\">Com essas conquistas, o prod\u00edgio entrou para a seleta lista de atletas de Feira de Santana a vencerem o Campeonato Mundial de Karat\u00ea JKS, consolidando-se como o mais jovem vencedor da hist\u00f3ria da competi\u00e7\u00e3o e um dos poucos feirenses a conquistar um ouro no torneio.<\/p>\n<p class=\"wp-block-paragraph\">N\u00edcolas faz parte da Academia Feirense de Karat\u00ea Yamabushi, que conquistou sete medalhas na competi\u00e7\u00e3o com apenas cinco participantes. Al\u00e9m de orientar seus aprendizes, Roberto Costa, sensei da academia, tamb\u00e9m demonstrou no tatame as t\u00e9cnicas que compartilha diariamente, garantindo a medalha de bronze no Kumite Individual.<\/p>\n<p class=\"wp-block-paragraph\">Com o sentimento de dever cumprido e mais tr\u00eas medalhas em sua estante, N\u00edcolas segue focado na prepara\u00e7\u00e3o para seus pr\u00f3ximos combates, com a mira ajustada para o Campeonato Brasileiro, marcado para outubro de 2026.<\/p>\n<p class=\"wp-block-paragraph\"><em>Siga o Acorda Cidade no\u00a0<\/em><a href=\"https:\/\/news.google.com\/search?q=acorda%20cidade&amp;hl=pt-BR&amp;gl=BR&amp;ceid=BR%3Apt-419\"><strong><em>Google Not\u00edcias<\/em><\/strong><\/a><em>\u00a0e receba os principais destaques do dia. Participe tamb\u00e9m dos nossos canais no\u00a0<\/em><a href=\"https:\/\/www.whatsapp.com\/channel\/0029Va6Rb4v3WHTNnsh8WI3N\"><strong><em>WhatsApp<\/em><\/strong><\/a><em>\u00a0e\u00a0<\/em><a href=\"https:\/\/www.youtube.com\/@acordacidadenoticias\/videos\"><strong>YouTube<\/strong><\/a><em>\u00a0e grupo de\u00a0<\/em><a href=\"https:\/\/t.me\/+sSz0khrgARA0ZmRh\"><strong><em>Telegram<\/em><\/strong><\/a><em>.<\/em><\/p>\n<p class=\"wp-block-paragraph\">\n<\/div>\n","protected":false},"excerpt":{"rendered":"<p>N\u00edcolas Lafaiete | Foto: Divulga\u00e7\u00e3o Aos 10 anos, o estudante N\u00edcolas Lafaiete, natural de Feira<\/p>\n","protected":false},"author":1,"featured_media":148983,"comment_status":"closed","ping_status":"closed","sticky":false,"template":"","format":"gallery","meta":{"footnotes":""},"categories":[8,9,6,57,56,10],"tags":[],"class_list":["post-148982","post","type-post","status-publish","format-gallery","has-post-thumbnail","hentry","category-bahia","category-brasil","category-feira-de-santana","category-mundo","category-policia","category-politica","post_format-post-format-gallery"],"featured_image_urls":{"full":["https:\/\/noticiasbahia360.com.br\/wp-content\/uploads\/2026\/09\/Atleta-feirense-karate.webp",1200,900,false],"thumbnail":["https:\/\/noticiasbahia360.com.br\/wp-content\/uploads\/2026\/09\/Atleta-feirense-karate-150x150.webp",150,150,true],"medium":["https:\/\/noticiasbahia360.com.br\/wp-content\/uploads\/2026\/09\/Atleta-feirense-karate-300x225.webp",300,225,true],"medium_large":["https:\/\/noticiasbahia360.com.br\/wp-content\/uploads\/2026\/09\/Atleta-feirense-karate-768x576.webp",640,480,true],"large":["https:\/\/noticiasbahia360.com.br\/wp-content\/uploads\/2026\/09\/Atleta-feirense-karate-1024x768.webp",640,480,true],"1536x1536":["https:\/\/noticiasbahia360.com.br\/wp-content\/uploads\/2026\/09\/Atleta-feirense-karate.webp",1200,900,false],"2048x2048":["https:\/\/noticiasbahia360.com.br\/wp-content\/uploads\/2026\/09\/Atleta-feirense-karate.webp",1200,900,false],"chromenews-featured":["https:\/\/noticiasbahia360.com.br\/wp-content\/uploads\/2026\/09\/Atleta-feirense-karate-1024x768.webp",1024,768,true],"chromenews-large":["https:\/\/noticiasbahia360.com.br\/wp-content\/uploads\/2026\/09\/Atleta-feirense-karate-825x575.webp",825,575,true],"chromenews-medium":["https:\/\/noticiasbahia360.com.br\/wp-content\/uploads\/2026\/09\/Atleta-feirense-karate-590x410.webp",590,410,true]},"author_info":{"display_name":"noticiasbahia360.com.br","author_link":"https:\/\/noticiasbahia360.com.br\/?author=1"},"category_info":"<a href=\"https:\/\/noticiasbahia360.com.br\/?cat=8\" rel=\"category\">Bahia<\/a> <a href=\"https:\/\/noticiasbahia360.com.br\/?cat=9\" rel=\"category\">Brasil<\/a> <a href=\"https:\/\/noticiasbahia360.com.br\/?cat=6\" rel=\"category\">Feira de Santana<\/a> <a href=\"https:\/\/noticiasbahia360.com.br\/?cat=57\" rel=\"category\">Mundo<\/a> <a href=\"https:\/\/noticiasbahia360.com.br\/?cat=56\" rel=\"category\">Pol\u00edcia<\/a> <a href=\"https:\/\/noticiasbahia360.com.br\/?cat=10\" rel=\"category\">Pol\u00edtica<\/a>","tag_info":"Pol\u00edtica","comment_count":"0","_links":{"self":[{"href":"https:\/\/noticiasbahia360.com.br\/index.php?rest_route=\/wp\/v2\/posts\/148982","targetHints":{"allow":["GET"]}}],"collection":[{"href":"https:\/\/noticiasbahia360.com.br\/index.php?rest_route=\/wp\/v2\/posts"}],"about":[{"href":"https:\/\/noticiasbahia360.com.br\/index.php?rest_route=\/wp\/v2\/types\/post"}],"author":[{"embeddable":true,"href":"https:\/\/noticiasbahia360.com.br\/index.php?rest_route=\/wp\/v2\/users\/1"}],"replies":[{"embeddable":true,"href":"https:\/\/noticiasbahia360.com.br\/index.php?rest_route=%2Fwp%2Fv2%2Fcomments&post=148982"}],"version-history":[{"count":0,"href":"https:\/\/noticiasbahia360.com.br\/index.php?rest_route=\/wp\/v2\/posts\/148982\/revisions"}],"wp:featuredmedia":[{"embeddable":true,"href":"https:\/\/noticiasbahia360.com.br\/index.php?rest_route=\/wp\/v2\/media\/148983"}],"wp:attachment":[{"href":"https:\/\/noticiasbahia360.com.br\/index.php?rest_route=%2Fwp%2Fv2%2Fmedia&parent=148982"}],"wp:term":[{"taxonomy":"category","embeddable":true,"href":"https:\/\/noticiasbahia360.com.br\/index.php?rest_route=%2Fwp%2Fv2%2Fcategories&post=148982"},{"taxonomy":"post_tag","embeddable":true,"href":"https:\/\/noticiasbahia360.com.br\/index.php?rest_route=%2Fwp%2Fv2%2Ftags&post=148982"}],"curies":[{"name":"wp","href":"https:\/\/api.w.org\/{rel}","templated":true}]}}