{"id":148987,"date":"2026-09-05T14:01:03","date_gmt":"2026-09-05T17:01:03","guid":{"rendered":"https:\/\/noticiasbahia360.com.br\/?p=148987"},"modified":"2026-09-05T14:01:03","modified_gmt":"2026-09-05T17:01:03","slug":"pedreiro-de-39-anos-morre-vitima-de-acidente-na-regiao-de-feira-de-santana","status":"publish","type":"post","link":"https:\/\/noticiasbahia360.com.br\/?p=148987","title":{"rendered":"Pedreiro de 39 anos morre v\u00edtima de acidente na regi\u00e3o de Feira de Santana"},"content":{"rendered":"<div>\n<div>\n<figure><img decoding=\"async\" src=\"http:\/\/noticiasbahia360.com.br\/wp-content\/uploads\/2026\/09\/pedreiro-vitima-de-queda-de-moto-em-Riachao.jpg\" alt=\"pedreiro v\u00edtima de queda de moto em Riach\u00e3o\"><figcaption>Foto: Reprodu\u00e7\u00e3o\/Redes Sociais<\/figcaption><\/figure>\n<\/div>\n<p class=\"wp-block-paragraph\">O pedreiro Jackson Roque de Jesus Lima, de 39 anos morreu, na noite de sexta-feira (4), no Hospital Geral Cl\u00e9riston Andrade (HGCA), ap\u00f3s mais de 15 dias internado em estado grave. Ele foi v\u00edtima de acidente de tr\u00e2nsito na cidade de Riach\u00e3o do Jacu\u00edpe, que fica a cerca de 79 Km de Feira de Santana.<\/p>\n<p class=\"wp-block-paragraph\">Segundo informa\u00e7\u00f5es, o pedreiro deu entrada na emerg\u00eancia da unidade hospitalar, no \u00faltimo dia 20 de agosto, por volta das 18h30, com politrauma, quando h\u00e1 m\u00faltiplas les\u00f5es pelo corpo, ap\u00f3s cair da motocicleta que pilotava. <\/p>\n<p class=\"wp-block-paragraph\">O trabalhador era natural de Riach\u00e3o do Jacu\u00edpe e morava no Povoado de Malhador, zona rural do munic\u00edpio. <\/p>\n<p class=\"wp-block-paragraph\">Ainda conforme o que foi apurado, a v\u00edtima n\u00e3o estaria utilizando capacete no momento do acidente. Ele foi encaminhado para o hospital por uma ambul\u00e2ncia do Servi\u00e7o de Atendimento M\u00e9dico de Urg\u00eancia (Samu), com sinais de embriaguez.<\/p>\n<p class=\"wp-block-paragraph\"><em>Com informa\u00e7\u00f5es do rep\u00f3rter Ed Santos, do Acorda Cidade.<\/em><\/p>\n<p class=\"wp-block-paragraph\"><em>Siga o Acorda Cidade no\u00a0<\/em><a href=\"https:\/\/news.google.com\/search?q=acorda%20cidade&amp;hl=pt-BR&amp;gl=BR&amp;ceid=BR%3Apt-419\"><strong><em>Google Not\u00edcias<\/em><\/strong><\/a><em>\u00a0e receba os principais destaques do dia. Participe tamb\u00e9m dos nossos canais no\u00a0<\/em><a href=\"https:\/\/whatsapp.com\/channel\/0029Va6Rb4v3WHTNnsh8WI3N\"><strong><em>WhatsApp<\/em><\/strong><\/a><em>\u00a0e\u00a0<\/em><a href=\"https:\/\/www.youtube.com\/@acordacidadenoticias\/videos\"><strong>YouTube<\/strong><\/a><em>\u00a0e do grupo no\u00a0<\/em><a href=\"https:\/\/t.me\/+sSz0khrgARA0ZmRh\"><strong><em>Telegram<\/em><\/strong><\/a><em>.<\/em><\/p>\n<\/div>\n","protected":false},"excerpt":{"rendered":"<p>Foto: Reprodu\u00e7\u00e3o\/Redes Sociais O pedreiro Jackson Roque de Jesus Lima, de 39 anos morreu, na<\/p>\n","protected":false},"author":1,"featured_media":148988,"comment_status":"closed","ping_status":"closed","sticky":false,"template":"","format":"gallery","meta":{"footnotes":""},"categories":[8,9,6,57,56,10],"tags":[],"class_list":["post-148987","post","type-post","status-publish","format-gallery","has-post-thumbnail","hentry","category-bahia","category-brasil","category-feira-de-santana","category-mundo","category-policia","category-politica","post_format-post-format-gallery"],"featured_image_urls":{"full":["https:\/\/noticiasbahia360.com.br\/wp-content\/uploads\/2026\/09\/pedreiro-vitima-de-queda-de-moto-em-Riachao.jpg",1200,976,false],"thumbnail":["https:\/\/noticiasbahia360.com.br\/wp-content\/uploads\/2026\/09\/pedreiro-vitima-de-queda-de-moto-em-Riachao-150x150.jpg",150,150,true],"medium":["https:\/\/noticiasbahia360.com.br\/wp-content\/uploads\/2026\/09\/pedreiro-vitima-de-queda-de-moto-em-Riachao-300x244.jpg",300,244,true],"medium_large":["https:\/\/noticiasbahia360.com.br\/wp-content\/uploads\/2026\/09\/pedreiro-vitima-de-queda-de-moto-em-Riachao-768x625.jpg",640,521,true],"large":["https:\/\/noticiasbahia360.com.br\/wp-content\/uploads\/2026\/09\/pedreiro-vitima-de-queda-de-moto-em-Riachao-1024x833.jpg",640,521,true],"1536x1536":["https:\/\/noticiasbahia360.com.br\/wp-content\/uploads\/2026\/09\/pedreiro-vitima-de-queda-de-moto-em-Riachao.jpg",1200,976,false],"2048x2048":["https:\/\/noticiasbahia360.com.br\/wp-content\/uploads\/2026\/09\/pedreiro-vitima-de-queda-de-moto-em-Riachao.jpg",1200,976,false],"chromenews-featured":["https:\/\/noticiasbahia360.com.br\/wp-content\/uploads\/2026\/09\/pedreiro-vitima-de-queda-de-moto-em-Riachao-1024x833.jpg",1024,833,true],"chromenews-large":["https:\/\/noticiasbahia360.com.br\/wp-content\/uploads\/2026\/09\/pedreiro-vitima-de-queda-de-moto-em-Riachao-825x575.jpg",825,575,true],"chromenews-medium":["https:\/\/noticiasbahia360.com.br\/wp-content\/uploads\/2026\/09\/pedreiro-vitima-de-queda-de-moto-em-Riachao-590x410.jpg",590,410,true]},"author_info":{"display_name":"noticiasbahia360.com.br","author_link":"https:\/\/noticiasbahia360.com.br\/?author=1"},"category_info":"<a href=\"https:\/\/noticiasbahia360.com.br\/?cat=8\" rel=\"category\">Bahia<\/a> <a href=\"https:\/\/noticiasbahia360.com.br\/?cat=9\" rel=\"category\">Brasil<\/a> <a href=\"https:\/\/noticiasbahia360.com.br\/?cat=6\" rel=\"category\">Feira de Santana<\/a> <a href=\"https:\/\/noticiasbahia360.com.br\/?cat=57\" rel=\"category\">Mundo<\/a> <a href=\"https:\/\/noticiasbahia360.com.br\/?cat=56\" rel=\"category\">Pol\u00edcia<\/a> <a href=\"https:\/\/noticiasbahia360.com.br\/?cat=10\" rel=\"category\">Pol\u00edtica<\/a>","tag_info":"Pol\u00edtica","comment_count":"0","_links":{"self":[{"href":"https:\/\/noticiasbahia360.com.br\/index.php?rest_route=\/wp\/v2\/posts\/148987","targetHints":{"allow":["GET"]}}],"collection":[{"href":"https:\/\/noticiasbahia360.com.br\/index.php?rest_route=\/wp\/v2\/posts"}],"about":[{"href":"https:\/\/noticiasbahia360.com.br\/index.php?rest_route=\/wp\/v2\/types\/post"}],"author":[{"embeddable":true,"href":"https:\/\/noticiasbahia360.com.br\/index.php?rest_route=\/wp\/v2\/users\/1"}],"replies":[{"embeddable":true,"href":"https:\/\/noticiasbahia360.com.br\/index.php?rest_route=%2Fwp%2Fv2%2Fcomments&post=148987"}],"version-history":[{"count":0,"href":"https:\/\/noticiasbahia360.com.br\/index.php?rest_route=\/wp\/v2\/posts\/148987\/revisions"}],"wp:featuredmedia":[{"embeddable":true,"href":"https:\/\/noticiasbahia360.com.br\/index.php?rest_route=\/wp\/v2\/media\/148988"}],"wp:attachment":[{"href":"https:\/\/noticiasbahia360.com.br\/index.php?rest_route=%2Fwp%2Fv2%2Fmedia&parent=148987"}],"wp:term":[{"taxonomy":"category","embeddable":true,"href":"https:\/\/noticiasbahia360.com.br\/index.php?rest_route=%2Fwp%2Fv2%2Fcategories&post=148987"},{"taxonomy":"post_tag","embeddable":true,"href":"https:\/\/noticiasbahia360.com.br\/index.php?rest_route=%2Fwp%2Fv2%2Ftags&post=148987"}],"curies":[{"name":"wp","href":"https:\/\/api.w.org\/{rel}","templated":true}]}}