{"id":148995,"date":"2026-09-05T16:02:52","date_gmt":"2026-09-05T19:02:52","guid":{"rendered":"https:\/\/noticiasbahia360.com.br\/?p=148995"},"modified":"2026-09-05T16:02:52","modified_gmt":"2026-09-05T19:02:52","slug":"plenaria-reune-autoridades-e-liderancas-comunitarias-de-diversos-municipios-em-feira-de-santana","status":"publish","type":"post","link":"https:\/\/noticiasbahia360.com.br\/?p=148995","title":{"rendered":"Plen\u00e1ria re\u00fane autoridades e lideran\u00e7as comunit\u00e1rias de diversos munic\u00edpios em Feira de Santana"},"content":{"rendered":"<div>\n<div>\n<figure><img decoding=\"async\" src=\"http:\/\/noticiasbahia360.com.br\/wp-content\/uploads\/2026\/09\/Plenaria-em-Feira-de-Santana.jpg\" alt=\"Plen\u00e1ria em Feira de Santana\"><figcaption>Foto: Divulga\u00e7\u00e3o<\/figcaption><\/figure>\n<\/div>\n<p class=\"wp-block-paragraph\">O secret\u00e1rio de Justi\u00e7a e Direitos Humanos licenciado e coordenador de campanha, Felipe Freitas, participou neste s\u00e1bado (5) de uma plen\u00e1ria, em Feira de Santana, com mais de 500 lideran\u00e7as comunit\u00e1rias ligadas \u00e0s periferias urbanas e comunidades rurais de toda a Bahia. O objetivo central foi debater propostas sobre seguran\u00e7a alimentar e consolidar apoios regionais para as campanhas dos candidatos do grupo.<\/p>\n<p class=\"wp-block-paragraph\">\u201cEm 2024, na elei\u00e7\u00e3o municipal, o nosso campo teve mais votos do que em 2022. Vivemos um ciclo de crescimento em Feira e temos muita expectativa de vencer as elei\u00e7\u00f5es na cidade tanto na vota\u00e7\u00e3o para senador quanto para governador e presidente. Estamos muito focados em apresentar nossas realiza\u00e7\u00f5es na cidade ao longo dos \u00faltimos 20 anos e comparar nossas entregas com a dos nossos opositores\u201d, declarou.<\/p>\n<p class=\"wp-block-paragraph\">A plen\u00e1ria contou com representantes de mais de dez munic\u00edpios e centenas de benefici\u00e1rios de pol\u00edticas p\u00fablicas, sendo liderada por Tiago Pereira, coordenador estadual de combate \u00e0 fome.<\/p>\n<p class=\"wp-block-paragraph\">Entre as autoridades presentes tamb\u00e9m estavam Roberta Santana, secret\u00e1ria estadual de Sa\u00fade; Silvio Dias, candidato a deputado estadual; Adriano Costa, presidente do PT de Feira de Santana; e o vereador feirense Ivamberg Lima. Tamb\u00e9m estiveram presentes C\u00e9lia Firmo e Concei\u00e7\u00e3o Borges, dirigentes do Movimento de Organiza\u00e7\u00e3o Comunit\u00e1ria (MOC).<\/p>\n<p class=\"wp-block-paragraph\">Durante os debates, a coordena\u00e7\u00e3o destacou os investimentos realizados pelo governo estadual na \u00e1rea, com destaque para o apoio a mais de 500 cozinhas em todo o territ\u00f3rio baiano, por meio de um aporte superior a R$ 160 milh\u00f5es em um modelo que articula parcerias diretas entre o Estado, prefeituras municipais e organiza\u00e7\u00f5es da sociedade civil.<\/p>\n<p class=\"wp-block-paragraph\">Pontuando os desdobramentos da iniciativa, Tiago Pereira concluiu: \u201cA caravana da seguran\u00e7a alimentar aconteceu em Salvador e Feira de Santana e ir\u00e1 percorrer outros munic\u00edpios. Queremos fazer um balan\u00e7o dos avan\u00e7os na garantia do Direito Humano \u00e0 Alimenta\u00e7\u00e3o Adequada e reafirmar o compromisso do nosso governo em n\u00e3o deixar ningu\u00e9m para tr\u00e1s\u201d.<\/p>\n<p class=\"wp-block-paragraph\"><em>Siga o Acorda Cidade no\u00a0<\/em><a href=\"https:\/\/news.google.com\/search?q=acorda%20cidade&amp;hl=pt-BR&amp;gl=BR&amp;ceid=BR%3Apt-419\"><strong><em>Google Not\u00edcias<\/em><\/strong><\/a><em>\u00a0e receba os principais destaques do dia. Participe tamb\u00e9m dos nossos canais no\u00a0<\/em><a href=\"https:\/\/whatsapp.com\/channel\/0029Va6Rb4v3WHTNnsh8WI3N\"><strong><em>WhatsApp<\/em><\/strong><\/a><em>\u00a0e\u00a0<\/em><a href=\"https:\/\/www.youtube.com\/@acordacidadenoticias\/videos\"><strong>YouTube<\/strong><\/a><em>\u00a0e do grupo no\u00a0<\/em><a href=\"https:\/\/t.me\/+sSz0khrgARA0ZmRh\"><strong><em>Telegram<\/em><\/strong><\/a><em>.<\/em><\/p>\n<\/div>\n","protected":false},"excerpt":{"rendered":"<p>Foto: Divulga\u00e7\u00e3o O secret\u00e1rio de Justi\u00e7a e Direitos Humanos licenciado e coordenador de campanha, Felipe<\/p>\n","protected":false},"author":1,"featured_media":148996,"comment_status":"closed","ping_status":"closed","sticky":false,"template":"","format":"gallery","meta":{"footnotes":""},"categories":[8,9,6,57,56,10],"tags":[],"class_list":["post-148995","post","type-post","status-publish","format-gallery","has-post-thumbnail","hentry","category-bahia","category-brasil","category-feira-de-santana","category-mundo","category-policia","category-politica","post_format-post-format-gallery"],"featured_image_urls":{"full":["https:\/\/noticiasbahia360.com.br\/wp-content\/uploads\/2026\/09\/Plenaria-em-Feira-de-Santana.jpg",1200,799,false],"thumbnail":["https:\/\/noticiasbahia360.com.br\/wp-content\/uploads\/2026\/09\/Plenaria-em-Feira-de-Santana-150x150.jpg",150,150,true],"medium":["https:\/\/noticiasbahia360.com.br\/wp-content\/uploads\/2026\/09\/Plenaria-em-Feira-de-Santana-300x200.jpg",300,200,true],"medium_large":["https:\/\/noticiasbahia360.com.br\/wp-content\/uploads\/2026\/09\/Plenaria-em-Feira-de-Santana-768x511.jpg",640,426,true],"large":["https:\/\/noticiasbahia360.com.br\/wp-content\/uploads\/2026\/09\/Plenaria-em-Feira-de-Santana-1024x682.jpg",640,426,true],"1536x1536":["https:\/\/noticiasbahia360.com.br\/wp-content\/uploads\/2026\/09\/Plenaria-em-Feira-de-Santana.jpg",1200,799,false],"2048x2048":["https:\/\/noticiasbahia360.com.br\/wp-content\/uploads\/2026\/09\/Plenaria-em-Feira-de-Santana.jpg",1200,799,false],"chromenews-featured":["https:\/\/noticiasbahia360.com.br\/wp-content\/uploads\/2026\/09\/Plenaria-em-Feira-de-Santana-1024x682.jpg",1024,682,true],"chromenews-large":["https:\/\/noticiasbahia360.com.br\/wp-content\/uploads\/2026\/09\/Plenaria-em-Feira-de-Santana-825x575.jpg",825,575,true],"chromenews-medium":["https:\/\/noticiasbahia360.com.br\/wp-content\/uploads\/2026\/09\/Plenaria-em-Feira-de-Santana-590x410.jpg",590,410,true]},"author_info":{"display_name":"noticiasbahia360.com.br","author_link":"https:\/\/noticiasbahia360.com.br\/?author=1"},"category_info":"<a href=\"https:\/\/noticiasbahia360.com.br\/?cat=8\" rel=\"category\">Bahia<\/a> <a href=\"https:\/\/noticiasbahia360.com.br\/?cat=9\" rel=\"category\">Brasil<\/a> <a href=\"https:\/\/noticiasbahia360.com.br\/?cat=6\" rel=\"category\">Feira de Santana<\/a> <a href=\"https:\/\/noticiasbahia360.com.br\/?cat=57\" rel=\"category\">Mundo<\/a> <a href=\"https:\/\/noticiasbahia360.com.br\/?cat=56\" rel=\"category\">Pol\u00edcia<\/a> <a href=\"https:\/\/noticiasbahia360.com.br\/?cat=10\" rel=\"category\">Pol\u00edtica<\/a>","tag_info":"Pol\u00edtica","comment_count":"0","_links":{"self":[{"href":"https:\/\/noticiasbahia360.com.br\/index.php?rest_route=\/wp\/v2\/posts\/148995","targetHints":{"allow":["GET"]}}],"collection":[{"href":"https:\/\/noticiasbahia360.com.br\/index.php?rest_route=\/wp\/v2\/posts"}],"about":[{"href":"https:\/\/noticiasbahia360.com.br\/index.php?rest_route=\/wp\/v2\/types\/post"}],"author":[{"embeddable":true,"href":"https:\/\/noticiasbahia360.com.br\/index.php?rest_route=\/wp\/v2\/users\/1"}],"replies":[{"embeddable":true,"href":"https:\/\/noticiasbahia360.com.br\/index.php?rest_route=%2Fwp%2Fv2%2Fcomments&post=148995"}],"version-history":[{"count":0,"href":"https:\/\/noticiasbahia360.com.br\/index.php?rest_route=\/wp\/v2\/posts\/148995\/revisions"}],"wp:featuredmedia":[{"embeddable":true,"href":"https:\/\/noticiasbahia360.com.br\/index.php?rest_route=\/wp\/v2\/media\/148996"}],"wp:attachment":[{"href":"https:\/\/noticiasbahia360.com.br\/index.php?rest_route=%2Fwp%2Fv2%2Fmedia&parent=148995"}],"wp:term":[{"taxonomy":"category","embeddable":true,"href":"https:\/\/noticiasbahia360.com.br\/index.php?rest_route=%2Fwp%2Fv2%2Fcategories&post=148995"},{"taxonomy":"post_tag","embeddable":true,"href":"https:\/\/noticiasbahia360.com.br\/index.php?rest_route=%2Fwp%2Fv2%2Ftags&post=148995"}],"curies":[{"name":"wp","href":"https:\/\/api.w.org\/{rel}","templated":true}]}}