{"id":149001,"date":"2026-09-05T17:04:46","date_gmt":"2026-09-05T20:04:46","guid":{"rendered":"https:\/\/noticiasbahia360.com.br\/?p=149001"},"modified":"2026-09-05T17:04:46","modified_gmt":"2026-09-05T20:04:46","slug":"mar-de-problemas-moradores-de-feira-de-santana-denunciam-ruas-sem-pavimentacao-acumulo-de-lixo-e-mato-alto","status":"publish","type":"post","link":"https:\/\/noticiasbahia360.com.br\/?p=149001","title":{"rendered":"\u201cMar de problemas\u201d: moradores de Feira de Santana denunciam ruas sem pavimenta\u00e7\u00e3o, ac\u00famulo de lixo e mato alto"},"content":{"rendered":"<div>\n<div>\n<figure><img decoding=\"async\" src=\"http:\/\/noticiasbahia360.com.br\/wp-content\/uploads\/2026\/09\/Travessa-Araguaiana-no-bairro-Papagaio.jpg\" alt=\"Buracos e lama na Travessa Araguaiana, no bairro Papagaio\"><figcaption>Travessa Araguaiana, no bairro Papagaio | Foto: Enviada pelo WhatsApp<\/figcaption><\/figure>\n<\/div>\n<p class=\"wp-block-paragraph\">Um \u201cmar de lixo\u201d foi registrado nas proximidades da<strong> Rua Saia Azul, no bairro Santa M\u00f4nica II<\/strong>, em Feira de Santana. A grande quantidade de res\u00edduos espalhados pelo local tem causado transtornos para quem mora na regi\u00e3o e tamb\u00e9m para os motoristas que passam pela via.<\/p>\n<p class=\"wp-block-paragraph\">Al\u00e9m de deixar o ambiente com aspecto de abandono, o ac\u00famulo de lixo tamb\u00e9m atrapalha o fluxo de ve\u00edculos e dificulta a circula\u00e7\u00e3o de pedestres. Moradores relatam preocupa\u00e7\u00e3o com a situa\u00e7\u00e3o, principalmente devido ao mau cheiro, \u00e0 presen\u00e7a de animais pe\u00e7onhentos e aos riscos \u00e0 sa\u00fade.<\/p>\n<figure class=\"wp-block-image size-full\"><img fetchpriority=\"high\" fetchpriority=\"high\" decoding=\"async\" width=\"1200\" height=\"795\" src=\"http:\/\/noticiasbahia360.com.br\/wp-content\/uploads\/2026\/09\/Rua-Saia-Azul-no-bairro-Santa-Monica-II.jpg\" alt=\"Lixo na Rua Saia Azul, no bairro Santa M\u00f4nica II,\" class=\"wp-image-688068\" srcset=\"http:\/\/noticiasbahia360.com.br\/wp-content\/uploads\/2026\/09\/Rua-Saia-Azul-no-bairro-Santa-Monica-II.jpg 1200w, https:\/\/uploads.acordacidade.com.br\/2026\/09\/Rua-Saia-Azul-no-bairro-Santa-Monica-II-750x497.jpg 750w, https:\/\/uploads.acordacidade.com.br\/2026\/09\/Rua-Saia-Azul-no-bairro-Santa-Monica-II-1000x663.jpg 1000w, https:\/\/uploads.acordacidade.com.br\/2026\/09\/Rua-Saia-Azul-no-bairro-Santa-Monica-II-450x298.jpg 450w, https:\/\/uploads.acordacidade.com.br\/2026\/09\/Rua-Saia-Azul-no-bairro-Santa-Monica-II-150x99.jpg 150w\" sizes=\"(max-width: 1200px) 100vw, 1200px\"><figcaption class=\"wp-element-caption\">Rua Saia Azul, no bairro Santa M\u00f4nica II | Foto: Enviada pelo WhatsApp<\/figcaption><\/figure>\n<p class=\"wp-block-paragraph\">A aus\u00eancia de asfalto nas ruas da cidade tamb\u00e9m contribui para o aspecto de abandono relatado por muitos moradores de Feira de Santana. \u00c9 o caso tamb\u00e9m da <strong>Travessa Araguaiana, no bairro Papagaio<\/strong>, que fica entre a Rua Araguaia e a Rua Rubens Francisco Dias, ambas pavimentadas. A via tem cerca de 100 metros de extens\u00e3o e liga as duas ruas, mas ainda n\u00e3o conta com pavimenta\u00e7\u00e3o asf\u00e1ltica.<\/p>\n<p class=\"wp-block-paragraph\">Segundo Magaly, moradora do Papagaio, a solicita\u00e7\u00e3o para pavimenta\u00e7\u00e3o da rua j\u00e1 foi realizada, mas, at\u00e9 o momento, o servi\u00e7o ainda n\u00e3o foi realizado e n\u00e3o houve nenhum retorno do setor respons\u00e1vel.<\/p>\n<p class=\"wp-block-paragraph\">\u201cEstamos convivendo com lama por toda a sua extens\u00e3o. A cada chuva, o cen\u00e1rio piora. Carros, motos, bicicletas e at\u00e9 caminh\u00f5es desviam da lama passando por cima das cal\u00e7adas, colocando em risco quem anda a p\u00e9. Estamos enfrentando s\u00e9rios transtornos por conta da falta de pavimenta\u00e7\u00e3o na via, situa\u00e7\u00e3o que se agrava com o per\u00edodo chuvoso\u201d, relatou Magaly.<\/p>\n<figure class=\"wp-block-image size-full\"><img decoding=\"async\" width=\"1200\" height=\"714\" src=\"http:\/\/noticiasbahia360.com.br\/wp-content\/uploads\/2026\/09\/Travessa-Araguaiana-no-bairro-Papagaio-1.jpg\" alt=\"Travessa Araguaiana, no bairro Papagaio\" class=\"wp-image-688070\" srcset=\"http:\/\/noticiasbahia360.com.br\/wp-content\/uploads\/2026\/09\/Travessa-Araguaiana-no-bairro-Papagaio-1.jpg 1200w, https:\/\/uploads.acordacidade.com.br\/2026\/09\/Travessa-Araguaiana-no-bairro-Papagaio-1-750x446.jpg 750w, https:\/\/uploads.acordacidade.com.br\/2026\/09\/Travessa-Araguaiana-no-bairro-Papagaio-1-1000x595.jpg 1000w, https:\/\/uploads.acordacidade.com.br\/2026\/09\/Travessa-Araguaiana-no-bairro-Papagaio-1-450x268.jpg 450w, https:\/\/uploads.acordacidade.com.br\/2026\/09\/Travessa-Araguaiana-no-bairro-Papagaio-1-150x89.jpg 150w\" sizes=\"(max-width: 1200px) 100vw, 1200px\"><figcaption class=\"wp-element-caption\">Travessa Araguaiana, no bairro Papagaio | Foto: Google Mpas<\/figcaption><\/figure>\n<p class=\"wp-block-paragraph\">Apesar de ser asfaltada, a<strong> Rua Rubens Francisco Dias<\/strong> apresenta problemas na pavimenta\u00e7\u00e3o, com muitos buracos nas laterais que est\u00e3o se expandindo. A via tamb\u00e9m possui um quebra-molas incompleto, podendo causar transtornos para quem circula pelo local.<\/p>\n<figure class=\"wp-block-image size-full\"><img decoding=\"async\" width=\"1200\" height=\"1086\" src=\"http:\/\/noticiasbahia360.com.br\/wp-content\/uploads\/2026\/09\/Rua-Rubens-Francisco-Dias.jpg\" alt=\"Buracos Rua Rubens Francisco Dias\" class=\"wp-image-688071\" srcset=\"http:\/\/noticiasbahia360.com.br\/wp-content\/uploads\/2026\/09\/Rua-Rubens-Francisco-Dias.jpg 1200w, https:\/\/uploads.acordacidade.com.br\/2026\/09\/Rua-Rubens-Francisco-Dias-750x679.jpg 750w, https:\/\/uploads.acordacidade.com.br\/2026\/09\/Rua-Rubens-Francisco-Dias-1000x905.jpg 1000w, https:\/\/uploads.acordacidade.com.br\/2026\/09\/Rua-Rubens-Francisco-Dias-450x407.jpg 450w, https:\/\/uploads.acordacidade.com.br\/2026\/09\/Rua-Rubens-Francisco-Dias-150x136.jpg 150w\" sizes=\"(max-width: 1200px) 100vw, 1200px\"><figcaption class=\"wp-element-caption\">Rua Rubens Francisco Dias | Foto: Enviada pelo WhatsApp<\/figcaption><\/figure>\n<p class=\"wp-block-paragraph\">Um passeio e um c\u00f3rrego tomados pelo mato tamb\u00e9m preocupam os moradores da <strong>Rua Morro Verde, transversal da Rua Tupinamb\u00e1s, no bairro Mangabeira. <\/strong>Segundo um morador, que preferiu n\u00e3o se identificar, a situa\u00e7\u00e3o tem favorecido a presen\u00e7a de animais e insetos na regi\u00e3o. \u201cAqui tem todo tipo de pe\u00e7onhento, rato, barata e muita muri\u00e7oca\u201d, relatou.<\/p>\n<figure class=\"wp-block-image size-full\"><img decoding=\"async\" width=\"1200\" height=\"925\" src=\"http:\/\/noticiasbahia360.com.br\/wp-content\/uploads\/2026\/09\/Rua-Morro-Verde-transversal-da-Rua-Tupinambas-no-bairro-Mangabeira.jpg\" alt=\"Mato na Rua Morro Verde, no bairro Mangabeira.\" class=\"wp-image-688073\" srcset=\"http:\/\/noticiasbahia360.com.br\/wp-content\/uploads\/2026\/09\/Rua-Morro-Verde-transversal-da-Rua-Tupinambas-no-bairro-Mangabeira.jpg 1200w, https:\/\/uploads.acordacidade.com.br\/2026\/09\/Rua-Morro-Verde-transversal-da-Rua-Tupinambas-no-bairro-Mangabeira-750x578.jpg 750w, https:\/\/uploads.acordacidade.com.br\/2026\/09\/Rua-Morro-Verde-transversal-da-Rua-Tupinambas-no-bairro-Mangabeira-1000x771.jpg 1000w, https:\/\/uploads.acordacidade.com.br\/2026\/09\/Rua-Morro-Verde-transversal-da-Rua-Tupinambas-no-bairro-Mangabeira-450x347.jpg 450w, https:\/\/uploads.acordacidade.com.br\/2026\/09\/Rua-Morro-Verde-transversal-da-Rua-Tupinambas-no-bairro-Mangabeira-150x116.jpg 150w\" sizes=\"(max-width: 1200px) 100vw, 1200px\"><figcaption class=\"wp-element-caption\">Rua Morro Verde, no bairro Mangabeira | Foto: Enviada pelo WhatsApp <\/figcaption><\/figure>\n<figure class=\"wp-block-image size-full\"><img loading=\"lazy\" decoding=\"async\" width=\"1200\" height=\"937\" src=\"http:\/\/noticiasbahia360.com.br\/wp-content\/uploads\/2026\/09\/Rua-Morro-Verde-transversal-da-Rua-Tupinambas-no-bairro-Mangabeira-1.jpg\" alt=\"Rua Morro Verde, transversal da Rua Tupinamb\u00e1s, no bairro Mangabeira.\" class=\"wp-image-688075\" srcset=\"http:\/\/noticiasbahia360.com.br\/wp-content\/uploads\/2026\/09\/Rua-Morro-Verde-transversal-da-Rua-Tupinambas-no-bairro-Mangabeira-1.jpg 1200w, https:\/\/uploads.acordacidade.com.br\/2026\/09\/Rua-Morro-Verde-transversal-da-Rua-Tupinambas-no-bairro-Mangabeira-1-750x586.jpg 750w, https:\/\/uploads.acordacidade.com.br\/2026\/09\/Rua-Morro-Verde-transversal-da-Rua-Tupinambas-no-bairro-Mangabeira-1-1000x781.jpg 1000w, https:\/\/uploads.acordacidade.com.br\/2026\/09\/Rua-Morro-Verde-transversal-da-Rua-Tupinambas-no-bairro-Mangabeira-1-450x351.jpg 450w, https:\/\/uploads.acordacidade.com.br\/2026\/09\/Rua-Morro-Verde-transversal-da-Rua-Tupinambas-no-bairro-Mangabeira-1-150x117.jpg 150w\" sizes=\"(max-width: 1200px) 100vw, 1200px\"><figcaption class=\"wp-element-caption\">Rua Morro Verde, no bairro Mangabeira | Foto: Enviada pelo WhatsApp <\/figcaption><\/figure>\n<p class=\"wp-block-paragraph\">Pedestres e moradores tamb\u00e9m denunciaram, pelo WhatsApp do Acorda Cidade, a situa\u00e7\u00e3o de uma casa abandonada localizada na <strong>Rua Juazeiro, no bairro Jardim Cruzeiro.<\/strong>\u00a0<\/p>\n<figure class=\"wp-block-image size-full\"><img loading=\"lazy\" decoding=\"async\" width=\"1200\" height=\"1078\" src=\"http:\/\/noticiasbahia360.com.br\/wp-content\/uploads\/2026\/09\/casa-abandonada-localizada-na-Rua-Juazeiro-no-bairro-Jardim-Cruzeiro.jpg\" alt=\"casa abandonada localizada na Rua Juazeiro, no bairro Jardim Cruzeiro\" class=\"wp-image-688072\" srcset=\"http:\/\/noticiasbahia360.com.br\/wp-content\/uploads\/2026\/09\/casa-abandonada-localizada-na-Rua-Juazeiro-no-bairro-Jardim-Cruzeiro.jpg 1200w, https:\/\/uploads.acordacidade.com.br\/2026\/09\/casa-abandonada-localizada-na-Rua-Juazeiro-no-bairro-Jardim-Cruzeiro-750x674.jpg 750w, https:\/\/uploads.acordacidade.com.br\/2026\/09\/casa-abandonada-localizada-na-Rua-Juazeiro-no-bairro-Jardim-Cruzeiro-1000x898.jpg 1000w, https:\/\/uploads.acordacidade.com.br\/2026\/09\/casa-abandonada-localizada-na-Rua-Juazeiro-no-bairro-Jardim-Cruzeiro-450x404.jpg 450w, https:\/\/uploads.acordacidade.com.br\/2026\/09\/casa-abandonada-localizada-na-Rua-Juazeiro-no-bairro-Jardim-Cruzeiro-150x135.jpg 150w\" sizes=\"(max-width: 1200px) 100vw, 1200px\"><figcaption class=\"wp-element-caption\">Foto: Enviada pelo WhatsApp<\/figcaption><\/figure>\n<p class=\"wp-block-paragraph\">Segundo os relatos, o im\u00f3vel est\u00e1 h\u00e1 bastante tempo sem os devidos cuidados, com muito mato e ac\u00famulo de lixo. A situa\u00e7\u00e3o tem favorecido o aparecimento de ratos, cobras, morcegos, insetos e outros animais nas casas vizinhas.\u00a0<\/p>\n<p class=\"wp-block-paragraph\"><strong>As reclama\u00e7\u00f5es com registros fotogr\u00e1ficos podem ser enviadas para o WhatsApp do Acorda Cidade (75) 98297-4004.<\/strong><\/p>\n<p class=\"wp-block-paragraph\"><strong>Leia tamb\u00e9m:<\/strong><\/p>\n<p class=\"wp-block-paragraph\"><a href=\"https:\/\/www.acordacidade.com.br\/feira-de-santana\/corrida-de-cachorros-abandonados-chama-atencao-em-distrito-de-feira-de-santana-confira-as-reclamacoes-da-semana\/\" data-type=\"link\" data-id=\"https:\/\/www.acordacidade.com.br\/feira-de-santana\/corrida-de-cachorros-abandonados-chama-atencao-em-distrito-de-feira-de-santana-confira-as-reclamacoes-da-semana\/\">Corrida de cachorros abandonados chama aten\u00e7\u00e3o em distrito de Feira de Santana; confira as reclama\u00e7\u00f5es da semana<\/a><\/p>\n<p class=\"wp-block-paragraph\"><em>Siga o Acorda Cidade no\u00a0<\/em><a href=\"https:\/\/news.google.com\/search?q=acorda%20cidade&amp;hl=pt-BR&amp;gl=BR&amp;ceid=BR%3Apt-419\"><strong><em>Google Not\u00edcias<\/em><\/strong><\/a><em>\u00a0e receba os principais destaques do dia. Participe tamb\u00e9m dos nossos canais no\u00a0<\/em><a href=\"https:\/\/www.whatsapp.com\/channel\/0029Va6Rb4v3WHTNnsh8WI3N\"><strong><em>WhatsApp<\/em><\/strong><\/a><em>\u00a0e\u00a0<\/em><a href=\"https:\/\/www.youtube.com\/@acordacidadenoticias\/videos\"><strong>YouTube<\/strong><\/a><em>\u00a0e do grupo no\u00a0<\/em><a href=\"https:\/\/t.me\/+sSz0khrgARA0ZmRh\"><strong><em>Telegram<\/em><\/strong><\/a><em>.<\/em><\/p>\n<\/div>\n","protected":false},"excerpt":{"rendered":"<p>Travessa Araguaiana, no bairro Papagaio | Foto: Enviada pelo WhatsApp Um \u201cmar de lixo\u201d foi<\/p>\n","protected":false},"author":1,"featured_media":149002,"comment_status":"closed","ping_status":"closed","sticky":false,"template":"","format":"gallery","meta":{"footnotes":""},"categories":[8,9,6,57,56,10],"tags":[],"class_list":["post-149001","post","type-post","status-publish","format-gallery","has-post-thumbnail","hentry","category-bahia","category-brasil","category-feira-de-santana","category-mundo","category-policia","category-politica","post_format-post-format-gallery"],"featured_image_urls":{"full":["https:\/\/noticiasbahia360.com.br\/wp-content\/uploads\/2026\/09\/Travessa-Araguaiana-no-bairro-Papagaio.jpg",1200,884,false],"thumbnail":["https:\/\/noticiasbahia360.com.br\/wp-content\/uploads\/2026\/09\/Travessa-Araguaiana-no-bairro-Papagaio-150x150.jpg",150,150,true],"medium":["https:\/\/noticiasbahia360.com.br\/wp-content\/uploads\/2026\/09\/Travessa-Araguaiana-no-bairro-Papagaio-300x221.jpg",300,221,true],"medium_large":["https:\/\/noticiasbahia360.com.br\/wp-content\/uploads\/2026\/09\/Travessa-Araguaiana-no-bairro-Papagaio-768x566.jpg",640,472,true],"large":["https:\/\/noticiasbahia360.com.br\/wp-content\/uploads\/2026\/09\/Travessa-Araguaiana-no-bairro-Papagaio-1024x754.jpg",640,471,true],"1536x1536":["https:\/\/noticiasbahia360.com.br\/wp-content\/uploads\/2026\/09\/Travessa-Araguaiana-no-bairro-Papagaio.jpg",1200,884,false],"2048x2048":["https:\/\/noticiasbahia360.com.br\/wp-content\/uploads\/2026\/09\/Travessa-Araguaiana-no-bairro-Papagaio.jpg",1200,884,false],"chromenews-featured":["https:\/\/noticiasbahia360.com.br\/wp-content\/uploads\/2026\/09\/Travessa-Araguaiana-no-bairro-Papagaio-1024x754.jpg",1024,754,true],"chromenews-large":["https:\/\/noticiasbahia360.com.br\/wp-content\/uploads\/2026\/09\/Travessa-Araguaiana-no-bairro-Papagaio-825x575.jpg",825,575,true],"chromenews-medium":["https:\/\/noticiasbahia360.com.br\/wp-content\/uploads\/2026\/09\/Travessa-Araguaiana-no-bairro-Papagaio-590x410.jpg",590,410,true]},"author_info":{"display_name":"noticiasbahia360.com.br","author_link":"https:\/\/noticiasbahia360.com.br\/?author=1"},"category_info":"<a href=\"https:\/\/noticiasbahia360.com.br\/?cat=8\" rel=\"category\">Bahia<\/a> <a href=\"https:\/\/noticiasbahia360.com.br\/?cat=9\" rel=\"category\">Brasil<\/a> <a href=\"https:\/\/noticiasbahia360.com.br\/?cat=6\" rel=\"category\">Feira de Santana<\/a> <a href=\"https:\/\/noticiasbahia360.com.br\/?cat=57\" rel=\"category\">Mundo<\/a> <a href=\"https:\/\/noticiasbahia360.com.br\/?cat=56\" rel=\"category\">Pol\u00edcia<\/a> <a href=\"https:\/\/noticiasbahia360.com.br\/?cat=10\" rel=\"category\">Pol\u00edtica<\/a>","tag_info":"Pol\u00edtica","comment_count":"0","_links":{"self":[{"href":"https:\/\/noticiasbahia360.com.br\/index.php?rest_route=\/wp\/v2\/posts\/149001","targetHints":{"allow":["GET"]}}],"collection":[{"href":"https:\/\/noticiasbahia360.com.br\/index.php?rest_route=\/wp\/v2\/posts"}],"about":[{"href":"https:\/\/noticiasbahia360.com.br\/index.php?rest_route=\/wp\/v2\/types\/post"}],"author":[{"embeddable":true,"href":"https:\/\/noticiasbahia360.com.br\/index.php?rest_route=\/wp\/v2\/users\/1"}],"replies":[{"embeddable":true,"href":"https:\/\/noticiasbahia360.com.br\/index.php?rest_route=%2Fwp%2Fv2%2Fcomments&post=149001"}],"version-history":[{"count":0,"href":"https:\/\/noticiasbahia360.com.br\/index.php?rest_route=\/wp\/v2\/posts\/149001\/revisions"}],"wp:featuredmedia":[{"embeddable":true,"href":"https:\/\/noticiasbahia360.com.br\/index.php?rest_route=\/wp\/v2\/media\/149002"}],"wp:attachment":[{"href":"https:\/\/noticiasbahia360.com.br\/index.php?rest_route=%2Fwp%2Fv2%2Fmedia&parent=149001"}],"wp:term":[{"taxonomy":"category","embeddable":true,"href":"https:\/\/noticiasbahia360.com.br\/index.php?rest_route=%2Fwp%2Fv2%2Fcategories&post=149001"},{"taxonomy":"post_tag","embeddable":true,"href":"https:\/\/noticiasbahia360.com.br\/index.php?rest_route=%2Fwp%2Fv2%2Ftags&post=149001"}],"curies":[{"name":"wp","href":"https:\/\/api.w.org\/{rel}","templated":true}]}}