{"id":149009,"date":"2026-09-05T17:04:50","date_gmt":"2026-09-05T20:04:50","guid":{"rendered":"https:\/\/noticiasbahia360.com.br\/?p=149009"},"modified":"2026-09-05T17:04:50","modified_gmt":"2026-09-05T20:04:50","slug":"ex-tecnico-carlos-alberto-parreira-recebe-alta-apos-80-dias-internado","status":"publish","type":"post","link":"https:\/\/noticiasbahia360.com.br\/?p=149009","title":{"rendered":"Ex-t\u00e9cnico Carlos Alberto Parreira recebe alta ap\u00f3s 80 dias internado"},"content":{"rendered":"<div>\n<div>\n<figure><img decoding=\"async\" src=\"http:\/\/noticiasbahia360.com.br\/wp-content\/uploads\/2026\/09\/carlos_alberto_parreira_recebe_alta_apos_80_dias_internado.jpg\" alt=\"carlos_alberto_parreira_recebe_alta_apos_80_dias_internado\"><figcaption>Foto: Hospital Samaritano\/ Divulga\u00e7\u00e3o<\/figcaption><\/figure>\n<\/div>\n<p class=\"wp-block-paragraph\">Ag\u00eancia Brasil \u2013 O ex-t\u00e9cnico da Sele\u00e7\u00e3o Brasileira de Futebol Carlos Alberto Parreira, 83 anos, recebeu alta m\u00e9dica neste s\u00e1bado (5), depois de ficar 80 dias internado no Hospital Samaritano Barra, da Rede Am\u00e9ricas, no Rio de Janeiro. Ele foi internado para tratar uma inflama\u00e7\u00e3o pulmonar.<\/p>\n<p class=\"wp-block-paragraph\">Segundo o hospital, Parreira seguir\u00e1 em acompanhamento domiciliar e ambulatorial para monitoramento do estado geral de sa\u00fade. Durante o per\u00edodo de hospitaliza\u00e7\u00e3o, o ex-t\u00e9cnico foi acompanhado pela equipe do pneumologista Arthur Vianna e por profissionais multidisciplinares da unidade.<\/p>\n<p class=\"wp-block-paragraph\">Em 2023, foi diagnosticado com linfoma de Hodgkin \u2013 tipo de c\u00e2ncer que afeta o sistema de defesa do organismo. Desde 2025, segue com acompanhamento m\u00e9dico permanente.<\/p>\n<h2 id=\"h-trajetoria\" class=\"wp-block-heading\">Trajet\u00f3ria<\/h2>\n<p class=\"wp-block-paragraph\">Professor de educa\u00e7\u00e3o f\u00edsica, formado pelo Ex\u00e9rcito, Parreira \u00e9 um dos nomes mais vitoriosos da hist\u00f3ria do futebol brasileiro. Parreira foi preparador f\u00edsico da Sele\u00e7\u00e3o no tricampeonato mundial de 1970 e t\u00e9cnico do Brasil na conquista do tetracampeonato, em 1994.<\/p>\n<p class=\"wp-block-paragraph\">Tamb\u00e9m comandou a equipe nas Copas de 1986 e 2006 e foi coordenador t\u00e9cnico em 2014. Pela Sele\u00e7\u00e3o, conquistou ainda a Copa Am\u00e9rica de 2004 e a Copa das Confedera\u00e7\u00f5es de 2005.<\/p>\n<p class=\"wp-block-paragraph\"><em>Siga o Acorda Cidade no\u00a0<\/em><a href=\"https:\/\/news.google.com\/search?q=acorda%20cidade&amp;hl=pt-BR&amp;gl=BR&amp;ceid=BR%3Apt-419\"><strong><em>Google Not\u00edcias<\/em><\/strong><\/a><em>\u00a0e receba os principais destaques do dia. Participe tamb\u00e9m dos nossos canais no\u00a0<\/em><a href=\"https:\/\/whatsapp.com\/channel\/0029Va6Rb4v3WHTNnsh8WI3N\"><strong><em>WhatsApp<\/em><\/strong><\/a><em>\u00a0e\u00a0<\/em><a href=\"https:\/\/www.youtube.com\/@acordacidadenoticias\/videos\"><strong>YouTube<\/strong><\/a><em>\u00a0e do grupo no\u00a0<\/em><a href=\"https:\/\/t.me\/+sSz0khrgARA0ZmRh\"><strong><em>Telegram<\/em><\/strong><\/a><em>.<\/em><\/p>\n<\/div>\n","protected":false},"excerpt":{"rendered":"<p>Foto: Hospital Samaritano\/ Divulga\u00e7\u00e3o Ag\u00eancia Brasil \u2013 O ex-t\u00e9cnico da Sele\u00e7\u00e3o Brasileira de Futebol Carlos<\/p>\n","protected":false},"author":1,"featured_media":149010,"comment_status":"closed","ping_status":"closed","sticky":false,"template":"","format":"gallery","meta":{"footnotes":""},"categories":[8,9,6,57,56,10],"tags":[],"class_list":["post-149009","post","type-post","status-publish","format-gallery","has-post-thumbnail","hentry","category-bahia","category-brasil","category-feira-de-santana","category-mundo","category-policia","category-politica","post_format-post-format-gallery"],"featured_image_urls":{"full":["https:\/\/noticiasbahia360.com.br\/wp-content\/uploads\/2026\/09\/carlos_alberto_parreira_recebe_alta_apos_80_dias_internado.jpg",1200,718,false],"thumbnail":["https:\/\/noticiasbahia360.com.br\/wp-content\/uploads\/2026\/09\/carlos_alberto_parreira_recebe_alta_apos_80_dias_internado-150x150.jpg",150,150,true],"medium":["https:\/\/noticiasbahia360.com.br\/wp-content\/uploads\/2026\/09\/carlos_alberto_parreira_recebe_alta_apos_80_dias_internado-300x180.jpg",300,180,true],"medium_large":["https:\/\/noticiasbahia360.com.br\/wp-content\/uploads\/2026\/09\/carlos_alberto_parreira_recebe_alta_apos_80_dias_internado-768x460.jpg",640,383,true],"large":["https:\/\/noticiasbahia360.com.br\/wp-content\/uploads\/2026\/09\/carlos_alberto_parreira_recebe_alta_apos_80_dias_internado-1024x613.jpg",640,383,true],"1536x1536":["https:\/\/noticiasbahia360.com.br\/wp-content\/uploads\/2026\/09\/carlos_alberto_parreira_recebe_alta_apos_80_dias_internado.jpg",1200,718,false],"2048x2048":["https:\/\/noticiasbahia360.com.br\/wp-content\/uploads\/2026\/09\/carlos_alberto_parreira_recebe_alta_apos_80_dias_internado.jpg",1200,718,false],"chromenews-featured":["https:\/\/noticiasbahia360.com.br\/wp-content\/uploads\/2026\/09\/carlos_alberto_parreira_recebe_alta_apos_80_dias_internado-1024x613.jpg",1024,613,true],"chromenews-large":["https:\/\/noticiasbahia360.com.br\/wp-content\/uploads\/2026\/09\/carlos_alberto_parreira_recebe_alta_apos_80_dias_internado-825x575.jpg",825,575,true],"chromenews-medium":["https:\/\/noticiasbahia360.com.br\/wp-content\/uploads\/2026\/09\/carlos_alberto_parreira_recebe_alta_apos_80_dias_internado-590x410.jpg",590,410,true]},"author_info":{"display_name":"noticiasbahia360.com.br","author_link":"https:\/\/noticiasbahia360.com.br\/?author=1"},"category_info":"<a href=\"https:\/\/noticiasbahia360.com.br\/?cat=8\" rel=\"category\">Bahia<\/a> <a href=\"https:\/\/noticiasbahia360.com.br\/?cat=9\" rel=\"category\">Brasil<\/a> <a href=\"https:\/\/noticiasbahia360.com.br\/?cat=6\" rel=\"category\">Feira de Santana<\/a> <a href=\"https:\/\/noticiasbahia360.com.br\/?cat=57\" rel=\"category\">Mundo<\/a> <a href=\"https:\/\/noticiasbahia360.com.br\/?cat=56\" rel=\"category\">Pol\u00edcia<\/a> <a href=\"https:\/\/noticiasbahia360.com.br\/?cat=10\" rel=\"category\">Pol\u00edtica<\/a>","tag_info":"Pol\u00edtica","comment_count":"0","_links":{"self":[{"href":"https:\/\/noticiasbahia360.com.br\/index.php?rest_route=\/wp\/v2\/posts\/149009","targetHints":{"allow":["GET"]}}],"collection":[{"href":"https:\/\/noticiasbahia360.com.br\/index.php?rest_route=\/wp\/v2\/posts"}],"about":[{"href":"https:\/\/noticiasbahia360.com.br\/index.php?rest_route=\/wp\/v2\/types\/post"}],"author":[{"embeddable":true,"href":"https:\/\/noticiasbahia360.com.br\/index.php?rest_route=\/wp\/v2\/users\/1"}],"replies":[{"embeddable":true,"href":"https:\/\/noticiasbahia360.com.br\/index.php?rest_route=%2Fwp%2Fv2%2Fcomments&post=149009"}],"version-history":[{"count":0,"href":"https:\/\/noticiasbahia360.com.br\/index.php?rest_route=\/wp\/v2\/posts\/149009\/revisions"}],"wp:featuredmedia":[{"embeddable":true,"href":"https:\/\/noticiasbahia360.com.br\/index.php?rest_route=\/wp\/v2\/media\/149010"}],"wp:attachment":[{"href":"https:\/\/noticiasbahia360.com.br\/index.php?rest_route=%2Fwp%2Fv2%2Fmedia&parent=149009"}],"wp:term":[{"taxonomy":"category","embeddable":true,"href":"https:\/\/noticiasbahia360.com.br\/index.php?rest_route=%2Fwp%2Fv2%2Fcategories&post=149009"},{"taxonomy":"post_tag","embeddable":true,"href":"https:\/\/noticiasbahia360.com.br\/index.php?rest_route=%2Fwp%2Fv2%2Ftags&post=149009"}],"curies":[{"name":"wp","href":"https:\/\/api.w.org\/{rel}","templated":true}]}}