{"id":149013,"date":"2026-09-05T19:00:31","date_gmt":"2026-09-05T22:00:31","guid":{"rendered":"https:\/\/noticiasbahia360.com.br\/?p=149013"},"modified":"2026-09-05T19:00:31","modified_gmt":"2026-09-05T22:00:31","slug":"pais-terao-que-indenizar-em-r-100-mil-filho-expulso-de-casa-por-orientacao-sexual","status":"publish","type":"post","link":"https:\/\/noticiasbahia360.com.br\/?p=149013","title":{"rendered":"Pais ter\u00e3o que indenizar em R$ 100 mil filho expulso de casa por orienta\u00e7\u00e3o sexual"},"content":{"rendered":"<div>\n<div>\n<figure><img decoding=\"async\" src=\"http:\/\/noticiasbahia360.com.br\/wp-content\/uploads\/2026\/09\/Bandeira-LGBT_-Foto-Raffa-Neddermeyer.jpg\" alt=\"Bandeira LGBT\"><figcaption>Foto: Rafa Neddermeyer\/Ag\u00eancia Brasil<\/figcaption><\/figure>\n<\/div>\n<p class=\"wp-block-paragraph\">Ag\u00eancia Brasil \u2013 A Justi\u00e7a de Santa Catarina condenou os pais de um adolescente por abandono afetivo, depois de ele revelar sua orienta\u00e7\u00e3o sexual. Eles ter\u00e3o de pagar uma indeniza\u00e7\u00e3o de R$ 100 mil por danos morais. O jovem foi amea\u00e7ado e expulso de casa, tendo sua vida privada exposta pelo pai nas redes sociais.<\/p>\n<p class=\"wp-block-paragraph\">Segundo o Minist\u00e9rio P\u00fablico (MP) catarinense, o Conselho Tutelar interferiu e acolheu o jovem em agosto de 2025. Em seguida, o MP obteve liminar que determinou a retirada dos conte\u00fados discriminat\u00f3rios postados pelo pai da v\u00edtima e estabeleceu uma multa di\u00e1ria de R$ 2 mil, caso voltasse a veicul\u00e1-los.<\/p>\n<p class=\"wp-block-paragraph\">Uma per\u00edcia psicol\u00f3gica, realizada enquanto a a\u00e7\u00e3o do MP tramitava, apontou para a exist\u00eancia de pr\u00e1ticas autorit\u00e1rias, neglig\u00eancia afetiva, viol\u00eancia psicol\u00f3gica e rejei\u00e7\u00e3o relacionada \u00e0 orienta\u00e7\u00e3o do jovem em sua casa. O laudo destacou sentimentos de abandono e inseguran\u00e7a afetiva como consequ\u00eancias do tratamento dado pelos pais a ele.<\/p>\n<p class=\"wp-block-paragraph\">O promotor Tito Gabriel Cosato Barreiro, da 1\u00aa Promotoria de Justi\u00e7a da Comarca de Jaguaruna, afirmou no processo que \u201ca responsabiliza\u00e7\u00e3o reconhecida pela Justi\u00e7a n\u00e3o decorre da aus\u00eancia de amor, algo que n\u00e3o pode ser exigido pelo Estado, mas do descumprimento dos deveres jur\u00eddicos de cuidado, prote\u00e7\u00e3o e acolhimento impostos aos pais.<\/p>\n<p class=\"wp-block-paragraph\">Conforme acrescentou, todo jovem tem o direito a prote\u00e7\u00e3o e a respeito assegurado pela Constitui\u00e7\u00e3o Federal e pelo Estatuto da Crian\u00e7a e do Adolescente (ECA). Diversas organiza\u00e7\u00f5es n\u00e3o governamentais elaboram anualmente relat\u00f3rios que documentam como o preconceito atinge a vida de membros da comunidade LGBTQIA+.<\/p>\n<p class=\"wp-block-paragraph\">Segundo o Grupo Gay da Bahia, em 2023, foram registrados o homic\u00eddio de 204 e 20 suic\u00eddios. Estima-se que os n\u00fameros podem ser superiores, j\u00e1 que a maioria dos casos \u00e9 conhecida por meio dos ve\u00edculos de comunica\u00e7\u00e3o.<\/p>\n<p class=\"wp-block-paragraph\">A Associa\u00e7\u00e3o Brasileira de L\u00e9sbicas, Gays, Bissexuais, Travestis, Transexuais e Intersexos (ABGLT), em colabora\u00e7\u00e3o interinstitucional, identificou, de janeiro a mar\u00e7o de 2026, 50 casos de viol\u00eancia, sendo 30 (60%) motivados por LGBTIfobia. Quanto aos outros 20 (40%), n\u00e3o h\u00e1 confirma\u00e7\u00e3o que sejam atrelados a esse tipo de \u00f3dio, devido \u00e0 falta de informa\u00e7\u00f5es.<\/p>\n<p class=\"wp-block-paragraph\">Em 2019, o Supremo Tribunal Federal (STF) equiparou a homofobia e transfobia ao crime de racismo, por conta da inexist\u00eancia de uma lei espec\u00edfica definida pelo Congresso Nacional. Em 2023, a Corte igualou ofensas contra os LGBTQIA+ a inj\u00faria racial.<\/p>\n<p class=\"wp-block-paragraph\"><em>Siga o Acorda Cidade no\u00a0<\/em><a href=\"https:\/\/news.google.com\/search?q=acorda%20cidade&amp;hl=pt-BR&amp;gl=BR&amp;ceid=BR%3Apt-419\"><strong><em>Google Not\u00edcias<\/em><\/strong><\/a><em>\u00a0e receba os principais destaques do dia. Participe tamb\u00e9m dos nossos canais no\u00a0<\/em><a href=\"https:\/\/www.whatsapp.com\/channel\/0029Va6Rb4v3WHTNnsh8WI3N\"><strong><em>WhatsApp<\/em><\/strong><\/a><em>\u00a0e\u00a0<\/em><a href=\"https:\/\/www.youtube.com\/@acordacidadenoticias\/videos\"><strong>YouTube<\/strong><\/a><em>\u00a0e do grupo no\u00a0<\/em><a href=\"https:\/\/t.me\/+sSz0khrgARA0ZmRh\"><strong><em>Telegram<\/em><\/strong><\/a><em>.<\/em><\/p>\n<\/div>\n","protected":false},"excerpt":{"rendered":"<p>Foto: Rafa Neddermeyer\/Ag\u00eancia Brasil Ag\u00eancia Brasil \u2013 A Justi\u00e7a de Santa Catarina condenou os pais<\/p>\n","protected":false},"author":1,"featured_media":149014,"comment_status":"closed","ping_status":"closed","sticky":false,"template":"","format":"gallery","meta":{"footnotes":""},"categories":[8,9,6,57,56,10],"tags":[],"class_list":["post-149013","post","type-post","status-publish","format-gallery","has-post-thumbnail","hentry","category-bahia","category-brasil","category-feira-de-santana","category-mundo","category-policia","category-politica","post_format-post-format-gallery"],"featured_image_urls":{"full":["https:\/\/noticiasbahia360.com.br\/wp-content\/uploads\/2026\/09\/Bandeira-LGBT_-Foto-Raffa-Neddermeyer.jpg",1200,718,false],"thumbnail":["https:\/\/noticiasbahia360.com.br\/wp-content\/uploads\/2026\/09\/Bandeira-LGBT_-Foto-Raffa-Neddermeyer-150x150.jpg",150,150,true],"medium":["https:\/\/noticiasbahia360.com.br\/wp-content\/uploads\/2026\/09\/Bandeira-LGBT_-Foto-Raffa-Neddermeyer-300x180.jpg",300,180,true],"medium_large":["https:\/\/noticiasbahia360.com.br\/wp-content\/uploads\/2026\/09\/Bandeira-LGBT_-Foto-Raffa-Neddermeyer-768x460.jpg",640,383,true],"large":["https:\/\/noticiasbahia360.com.br\/wp-content\/uploads\/2026\/09\/Bandeira-LGBT_-Foto-Raffa-Neddermeyer-1024x613.jpg",640,383,true],"1536x1536":["https:\/\/noticiasbahia360.com.br\/wp-content\/uploads\/2026\/09\/Bandeira-LGBT_-Foto-Raffa-Neddermeyer.jpg",1200,718,false],"2048x2048":["https:\/\/noticiasbahia360.com.br\/wp-content\/uploads\/2026\/09\/Bandeira-LGBT_-Foto-Raffa-Neddermeyer.jpg",1200,718,false],"chromenews-featured":["https:\/\/noticiasbahia360.com.br\/wp-content\/uploads\/2026\/09\/Bandeira-LGBT_-Foto-Raffa-Neddermeyer-1024x613.jpg",1024,613,true],"chromenews-large":["https:\/\/noticiasbahia360.com.br\/wp-content\/uploads\/2026\/09\/Bandeira-LGBT_-Foto-Raffa-Neddermeyer-825x575.jpg",825,575,true],"chromenews-medium":["https:\/\/noticiasbahia360.com.br\/wp-content\/uploads\/2026\/09\/Bandeira-LGBT_-Foto-Raffa-Neddermeyer-590x410.jpg",590,410,true]},"author_info":{"display_name":"noticiasbahia360.com.br","author_link":"https:\/\/noticiasbahia360.com.br\/?author=1"},"category_info":"<a href=\"https:\/\/noticiasbahia360.com.br\/?cat=8\" rel=\"category\">Bahia<\/a> <a href=\"https:\/\/noticiasbahia360.com.br\/?cat=9\" rel=\"category\">Brasil<\/a> <a href=\"https:\/\/noticiasbahia360.com.br\/?cat=6\" rel=\"category\">Feira de Santana<\/a> <a href=\"https:\/\/noticiasbahia360.com.br\/?cat=57\" rel=\"category\">Mundo<\/a> <a href=\"https:\/\/noticiasbahia360.com.br\/?cat=56\" rel=\"category\">Pol\u00edcia<\/a> <a href=\"https:\/\/noticiasbahia360.com.br\/?cat=10\" rel=\"category\">Pol\u00edtica<\/a>","tag_info":"Pol\u00edtica","comment_count":"0","_links":{"self":[{"href":"https:\/\/noticiasbahia360.com.br\/index.php?rest_route=\/wp\/v2\/posts\/149013","targetHints":{"allow":["GET"]}}],"collection":[{"href":"https:\/\/noticiasbahia360.com.br\/index.php?rest_route=\/wp\/v2\/posts"}],"about":[{"href":"https:\/\/noticiasbahia360.com.br\/index.php?rest_route=\/wp\/v2\/types\/post"}],"author":[{"embeddable":true,"href":"https:\/\/noticiasbahia360.com.br\/index.php?rest_route=\/wp\/v2\/users\/1"}],"replies":[{"embeddable":true,"href":"https:\/\/noticiasbahia360.com.br\/index.php?rest_route=%2Fwp%2Fv2%2Fcomments&post=149013"}],"version-history":[{"count":0,"href":"https:\/\/noticiasbahia360.com.br\/index.php?rest_route=\/wp\/v2\/posts\/149013\/revisions"}],"wp:featuredmedia":[{"embeddable":true,"href":"https:\/\/noticiasbahia360.com.br\/index.php?rest_route=\/wp\/v2\/media\/149014"}],"wp:attachment":[{"href":"https:\/\/noticiasbahia360.com.br\/index.php?rest_route=%2Fwp%2Fv2%2Fmedia&parent=149013"}],"wp:term":[{"taxonomy":"category","embeddable":true,"href":"https:\/\/noticiasbahia360.com.br\/index.php?rest_route=%2Fwp%2Fv2%2Fcategories&post=149013"},{"taxonomy":"post_tag","embeddable":true,"href":"https:\/\/noticiasbahia360.com.br\/index.php?rest_route=%2Fwp%2Fv2%2Ftags&post=149013"}],"curies":[{"name":"wp","href":"https:\/\/api.w.org\/{rel}","templated":true}]}}