{"id":149015,"date":"2026-09-05T19:00:32","date_gmt":"2026-09-05T22:00:32","guid":{"rendered":"https:\/\/noticiasbahia360.com.br\/?p=149015"},"modified":"2026-09-05T19:00:32","modified_gmt":"2026-09-05T22:00:32","slug":"mpt-resgata-40-trabalhadores-em-situacao-analoga-a-escravidao-no-piaui","status":"publish","type":"post","link":"https:\/\/noticiasbahia360.com.br\/?p=149015","title":{"rendered":"MPT resgata 40 trabalhadores em situa\u00e7\u00e3o an\u00e1loga \u00e0 escravid\u00e3o no Piau\u00ed"},"content":{"rendered":"<div>\n<div>\n<figure><img decoding=\"async\" src=\"http:\/\/noticiasbahia360.com.br\/wp-content\/uploads\/2026\/09\/MPT-resgata-40-trabalhadores-escravos-no-Piaui.jpg\" alt=\"MPT resgata 40 trabalhadores escravos no Piau\u00ed\"><figcaption>Foto: Ascom\/MPT<\/figcaption><\/figure>\n<\/div>\n<p class=\"wp-block-paragraph\">Uma opera\u00e7\u00e3o conjunta do Grupo M\u00f3vel de Combate ao Trabalho Escravo resgatou 40 trabalhadores submetidos a condi\u00e7\u00f5es an\u00e1logas \u00e0s de escravid\u00e3o nos munic\u00edpios de Sussuapara, Floriano e Oeiras, no Piau\u00ed. A a\u00e7\u00e3o foi realizada entre os dias 24 de agosto e 2 de setembro pelo Minist\u00e9rio P\u00fablico do Trabalho no Piau\u00ed (MPT-PI), Pol\u00edcia Federal (PF), Minist\u00e9rio do Trabalho e Emprego (MTE) e Defensoria P\u00fablica da Uni\u00e3o (DPU).<\/p>\n<p class=\"wp-block-paragraph\">Em Sussuapara, 22 trabalhadores foram resgatados na constru\u00e7\u00e3o civil. Eles atuavam em obras de pavimenta\u00e7\u00e3o, constru\u00e7\u00e3o de escola e de campo society.<\/p>\n<p class=\"wp-block-paragraph\">J\u00e1 em Floriano, oito trabalhadores foram encontrados em condi\u00e7\u00f5es degradantes na atividade de extra\u00e7\u00e3o de palha de carna\u00faba. Entre eles, estava um adolescente de 17 anos. Em Oeiras, outros dez trabalhadores foram resgatados tamb\u00e9m na atividade de extra\u00e7\u00e3o da palha de carna\u00faba.<\/p>\n<p class=\"wp-block-paragraph\">Durante as fiscaliza\u00e7\u00f5es, as equipes constataram, al\u00e9m da aus\u00eancia de direitos trabalhistas, condi\u00e7\u00f5es prec\u00e1rias nos alojamentos e nas frentes de trabalho. Entre as irregularidades identificadas estavam a inexist\u00eancia de instala\u00e7\u00f5es sanit\u00e1rias adequadas, fornecimento de \u00e1gua impr\u00f3pria para consumo humano, falta de equipamentos de prote\u00e7\u00e3o individual (EPIs), alojamentos superlotados e sem energia el\u00e9trica. Al\u00e9m disso, os trabalhadores faziam suas refei\u00e7\u00f5es e tamb\u00e9m suas necessidades fisiol\u00f3gicas ao relento.<\/p>\n<p class=\"wp-block-paragraph\">O procurador do Trabalho Edno Moura, coordenador de Combate ao Trabalho Escravo do MPT-PI e integrante da opera\u00e7\u00e3o, lamentou que trabalhadores ainda sejam submetidos a situa\u00e7\u00e3o de trabalho escravo. \u201cOs empregadores precisam se conscientizar e oferecer condi\u00e7\u00f5es m\u00ednimas de trabalho. Em todos os locais, tanto nas frentes de trabalho quanto nos alojamentos, as condi\u00e7\u00f5es eram bastante prec\u00e1rias\u201d, frisou.<\/p>\n<p class=\"wp-block-paragraph\">Ainda de acordo com ele, h\u00e1 aproximadamente tr\u00eas anos n\u00e3o eram registrados resgates de trabalhadores em condi\u00e7\u00f5es an\u00e1logas \u00e0s de escravid\u00e3o na cadeia produtiva da carna\u00faba no Piau\u00ed. O \u00faltimo havia ocorrido em 2023. <\/p>\n<p class=\"wp-block-paragraph\">\u201c\u00c9 preocupante voltarmos a encontrar, depois de aproximadamente tr\u00eas anos, trabalhadores submetidos a condi\u00e7\u00f5es degradantes na cadeia produtiva da carna\u00faba. A opera\u00e7\u00e3o mostra que a fiscaliza\u00e7\u00e3o precisa ser permanente e que empregadores de todos os setores devem assegurar condi\u00e7\u00f5es dignas de trabalho e o cumprimento integral da legisla\u00e7\u00e3o trabalhista. Trabalho digno pressup\u00f5e respeito \u00e0 sa\u00fade, \u00e0 seguran\u00e7a e aos direitos fundamentais do trabalhador\u201d, destacou o procurador.<\/p>\n<p class=\"wp-block-paragraph\">Os empregadores foram identificados e se comprometeram a efetuar o pagamento de aproximadamente R$ 200 mil em verbas rescis\u00f3rias aos trabalhadores. Tamb\u00e9m ficou acordado o pagamento de cerca de R$ 95 mil a t\u00edtulo de danos morais individuais. A repara\u00e7\u00e3o por dano moral coletivo ainda est\u00e1 em discuss\u00e3o.<\/p>\n<p class=\"wp-block-paragraph\">Com os 40 trabalhadores encontrados nesta opera\u00e7\u00e3o, o Piau\u00ed chega a 100 pessoas resgatadas de condi\u00e7\u00f5es an\u00e1logas \u00e0s de escravid\u00e3o somente em 2026. O n\u00famero representa um aumento significativo em rela\u00e7\u00e3o aos dois anos anteriores.<\/p>\n<h2 id=\"h-balanco\" class=\"wp-block-heading\">Balan\u00e7o<\/h2>\n<p class=\"wp-block-paragraph\">Em todo o ano de 2025, foram 28 trabalhadores resgatados no Estado. Em 2024, foram 14. J\u00e1 em 2023, o Piau\u00ed registrou 159 resgates, enquanto, em 2022, foram 180.<\/p>\n<p class=\"wp-block-paragraph\">As ocorr\u00eancias identificadas em 2026 envolvem atividades de pavimenta\u00e7\u00e3o, cata\u00e7\u00e3o de ra\u00edzes, carvoaria, trabalho escravo dom\u00e9stico, extra\u00e7\u00e3o de carna\u00faba e constru\u00e7\u00e3o civil.<\/p>\n<p class=\"wp-block-paragraph\">Para Edno Moura, os n\u00fameros refor\u00e7am a import\u00e2ncia da atua\u00e7\u00e3o articulada dos \u00f3rg\u00e3os p\u00fablicos no enfrentamento ao trabalho escravo contempor\u00e2neo. \u201cO fato de j\u00e1 termos alcan\u00e7ado 100 trabalhadores resgatados neste ano demonstra que o trabalho escravo contempor\u00e2neo ainda \u00e9 uma realidade que exige aten\u00e7\u00e3o permanente do poder p\u00fablico e de toda a sociedade. A atua\u00e7\u00e3o integrada das institui\u00e7\u00f5es \u00e9 fundamental n\u00e3o apenas para retirar essas pessoas de situa\u00e7\u00f5es degradantes, mas tamb\u00e9m para responsabilizar os empregadores, garantir a repara\u00e7\u00e3o dos trabalhadores e prevenir novas ocorr\u00eancias\u201d, ressaltou.<\/p>\n<p class=\"wp-block-paragraph\"><em>Siga o Acorda Cidade no\u00a0<\/em><a href=\"https:\/\/news.google.com\/search?q=acorda%20cidade&amp;hl=pt-BR&amp;gl=BR&amp;ceid=BR%3Apt-419\"><strong><em>Google Not\u00edcias<\/em><\/strong><\/a><em>\u00a0e receba os principais destaques do dia. Participe tamb\u00e9m dos nossos canais no\u00a0<\/em><a href=\"https:\/\/whatsapp.com\/channel\/0029Va6Rb4v3WHTNnsh8WI3N\"><strong><em>WhatsApp<\/em><\/strong><\/a><em>\u00a0e\u00a0<\/em><a href=\"https:\/\/www.youtube.com\/@acordacidadenoticias\/videos\"><strong>YouTube<\/strong><\/a><em>\u00a0e do grupo no\u00a0<\/em><a href=\"https:\/\/t.me\/+sSz0khrgARA0ZmRh\"><strong><em>Telegram<\/em><\/strong><\/a><em>.<\/em><\/p>\n<\/div>\n","protected":false},"excerpt":{"rendered":"<p>Foto: Ascom\/MPT Uma opera\u00e7\u00e3o conjunta do Grupo M\u00f3vel de Combate ao Trabalho Escravo resgatou 40<\/p>\n","protected":false},"author":1,"featured_media":149016,"comment_status":"closed","ping_status":"closed","sticky":false,"template":"","format":"gallery","meta":{"footnotes":""},"categories":[8,9,6,57,56,10],"tags":[],"class_list":["post-149015","post","type-post","status-publish","format-gallery","has-post-thumbnail","hentry","category-bahia","category-brasil","category-feira-de-santana","category-mundo","category-policia","category-politica","post_format-post-format-gallery"],"featured_image_urls":{"full":["https:\/\/noticiasbahia360.com.br\/wp-content\/uploads\/2026\/09\/MPT-resgata-40-trabalhadores-escravos-no-Piaui.jpg",1200,900,false],"thumbnail":["https:\/\/noticiasbahia360.com.br\/wp-content\/uploads\/2026\/09\/MPT-resgata-40-trabalhadores-escravos-no-Piaui-150x150.jpg",150,150,true],"medium":["https:\/\/noticiasbahia360.com.br\/wp-content\/uploads\/2026\/09\/MPT-resgata-40-trabalhadores-escravos-no-Piaui-300x225.jpg",300,225,true],"medium_large":["https:\/\/noticiasbahia360.com.br\/wp-content\/uploads\/2026\/09\/MPT-resgata-40-trabalhadores-escravos-no-Piaui-768x576.jpg",640,480,true],"large":["https:\/\/noticiasbahia360.com.br\/wp-content\/uploads\/2026\/09\/MPT-resgata-40-trabalhadores-escravos-no-Piaui-1024x768.jpg",640,480,true],"1536x1536":["https:\/\/noticiasbahia360.com.br\/wp-content\/uploads\/2026\/09\/MPT-resgata-40-trabalhadores-escravos-no-Piaui.jpg",1200,900,false],"2048x2048":["https:\/\/noticiasbahia360.com.br\/wp-content\/uploads\/2026\/09\/MPT-resgata-40-trabalhadores-escravos-no-Piaui.jpg",1200,900,false],"chromenews-featured":["https:\/\/noticiasbahia360.com.br\/wp-content\/uploads\/2026\/09\/MPT-resgata-40-trabalhadores-escravos-no-Piaui-1024x768.jpg",1024,768,true],"chromenews-large":["https:\/\/noticiasbahia360.com.br\/wp-content\/uploads\/2026\/09\/MPT-resgata-40-trabalhadores-escravos-no-Piaui-825x575.jpg",825,575,true],"chromenews-medium":["https:\/\/noticiasbahia360.com.br\/wp-content\/uploads\/2026\/09\/MPT-resgata-40-trabalhadores-escravos-no-Piaui-590x410.jpg",590,410,true]},"author_info":{"display_name":"noticiasbahia360.com.br","author_link":"https:\/\/noticiasbahia360.com.br\/?author=1"},"category_info":"<a href=\"https:\/\/noticiasbahia360.com.br\/?cat=8\" rel=\"category\">Bahia<\/a> <a href=\"https:\/\/noticiasbahia360.com.br\/?cat=9\" rel=\"category\">Brasil<\/a> <a href=\"https:\/\/noticiasbahia360.com.br\/?cat=6\" rel=\"category\">Feira de Santana<\/a> <a href=\"https:\/\/noticiasbahia360.com.br\/?cat=57\" rel=\"category\">Mundo<\/a> <a href=\"https:\/\/noticiasbahia360.com.br\/?cat=56\" rel=\"category\">Pol\u00edcia<\/a> <a href=\"https:\/\/noticiasbahia360.com.br\/?cat=10\" rel=\"category\">Pol\u00edtica<\/a>","tag_info":"Pol\u00edtica","comment_count":"0","_links":{"self":[{"href":"https:\/\/noticiasbahia360.com.br\/index.php?rest_route=\/wp\/v2\/posts\/149015","targetHints":{"allow":["GET"]}}],"collection":[{"href":"https:\/\/noticiasbahia360.com.br\/index.php?rest_route=\/wp\/v2\/posts"}],"about":[{"href":"https:\/\/noticiasbahia360.com.br\/index.php?rest_route=\/wp\/v2\/types\/post"}],"author":[{"embeddable":true,"href":"https:\/\/noticiasbahia360.com.br\/index.php?rest_route=\/wp\/v2\/users\/1"}],"replies":[{"embeddable":true,"href":"https:\/\/noticiasbahia360.com.br\/index.php?rest_route=%2Fwp%2Fv2%2Fcomments&post=149015"}],"version-history":[{"count":0,"href":"https:\/\/noticiasbahia360.com.br\/index.php?rest_route=\/wp\/v2\/posts\/149015\/revisions"}],"wp:featuredmedia":[{"embeddable":true,"href":"https:\/\/noticiasbahia360.com.br\/index.php?rest_route=\/wp\/v2\/media\/149016"}],"wp:attachment":[{"href":"https:\/\/noticiasbahia360.com.br\/index.php?rest_route=%2Fwp%2Fv2%2Fmedia&parent=149015"}],"wp:term":[{"taxonomy":"category","embeddable":true,"href":"https:\/\/noticiasbahia360.com.br\/index.php?rest_route=%2Fwp%2Fv2%2Fcategories&post=149015"},{"taxonomy":"post_tag","embeddable":true,"href":"https:\/\/noticiasbahia360.com.br\/index.php?rest_route=%2Fwp%2Fv2%2Ftags&post=149015"}],"curies":[{"name":"wp","href":"https:\/\/api.w.org\/{rel}","templated":true}]}}