{"id":149017,"date":"2026-09-05T19:00:33","date_gmt":"2026-09-05T22:00:33","guid":{"rendered":"https:\/\/noticiasbahia360.com.br\/?p=149017"},"modified":"2026-09-05T19:00:33","modified_gmt":"2026-09-05T22:00:33","slug":"ministerio-publico-do-trabalho-instaura-inquerito-para-apurar-morte-de-gari-em-itororo","status":"publish","type":"post","link":"https:\/\/noticiasbahia360.com.br\/?p=149017","title":{"rendered":"Minist\u00e9rio P\u00fablico do Trabalho instaura inqu\u00e9rito para apurar morte de gari em Itoror\u00f3"},"content":{"rendered":"<div>\n<div>\n<figure><img decoding=\"async\" src=\"http:\/\/noticiasbahia360.com.br\/wp-content\/uploads\/2026\/09\/Fachada-do-MPT-Bahia-1.jpg\" alt=\"Fachada do MPT Bahia\"><figcaption>Foto: Divulga\u00e7\u00e3o\/ MPT-BA<\/figcaption><\/figure>\n<\/div>\n<p class=\"wp-block-paragraph\">O Minist\u00e9rio P\u00fablico do Trabalho (MPT) instaurou inqu\u00e9rito para apurar as circunst\u00e2ncias da morte do gari Jos\u00e9 Luciano Oliveira da Silva, 48 anos, ocorrida na manh\u00e3 de quarta-feira (2), durante a realiza\u00e7\u00e3o de atividades de coleta de lixo no distrito de Rio do Meio, munic\u00edpio de Itoror\u00f3, no sudoeste da Bahia.<\/p>\n<p class=\"wp-block-paragraph\">O procedimento tem como objetivo verificar as condi\u00e7\u00f5es em que ocorreu o acidente e identificar se houve eventual descumprimento das normas de sa\u00fade e seguran\u00e7a do trabalho que possa ter contribu\u00eddo para o \u00f3bito do trabalhador.<\/p>\n<p class=\"wp-block-paragraph\">De acordo com informa\u00e7\u00f5es registradas pela Pol\u00edcia Civil, Jos\u00e9 Luciano estava sobre a concha de uma ca\u00e7amba quando teria se desequilibrado e ca\u00eddo. J\u00e1 a Prefeitura de Itoror\u00f3 informou que, ap\u00f3s a queda, o servidor acabou sendo atingido pelo pr\u00f3prio caminh\u00e3o utilizado na coleta de res\u00edduos.<\/p>\n<p class=\"wp-block-paragraph\">Em raz\u00e3o da morte do servidor, o munic\u00edpio decretou luto oficial de tr\u00eas dias. O corpo da v\u00edtima foi encaminhado ao Departamento de Pol\u00edcia T\u00e9cnica (DPT) de Itapetinga para a realiza\u00e7\u00e3o dos procedimentos periciais.<\/p>\n<p class=\"wp-block-paragraph\">O caso foi registrado pela Delegacia Territorial de Itoror\u00f3 como morte sem ind\u00edcios de crime. Como parte das investiga\u00e7\u00f5es, o MPT dever\u00e1 requisitar informa\u00e7\u00f5es aos \u00f3rg\u00e3os respons\u00e1veis pela apura\u00e7\u00e3o dos fatos e analisar documentos relacionados ao acidente, incluindo eventuais laudos periciais produzidos pelas autoridades competentes.<\/p>\n<p class=\"wp-block-paragraph\">A investiga\u00e7\u00e3o conduzida pelo MPT buscar\u00e1 esclarecer as circunst\u00e2ncias do acidente, avaliar as condi\u00e7\u00f5es de trabalho existentes no momento da ocorr\u00eancia e verificar a ado\u00e7\u00e3o das medidas de prote\u00e7\u00e3o exigidas pela legisla\u00e7\u00e3o trabalhista, com o objetivo de prevenir novos acidentes e garantir a seguran\u00e7a dos trabalhadores.<\/p>\n<p class=\"wp-block-paragraph\"><em>Siga o Acorda Cidade no\u00a0<\/em><a href=\"https:\/\/news.google.com\/search?q=acorda%20cidade&amp;hl=pt-BR&amp;gl=BR&amp;ceid=BR%3Apt-419\"><strong><em>Google Not\u00edcias<\/em><\/strong><\/a><em>\u00a0e receba os principais destaques do dia. Participe tamb\u00e9m dos nossos canais no\u00a0<\/em><a href=\"https:\/\/whatsapp.com\/channel\/0029Va6Rb4v3WHTNnsh8WI3N\"><strong><em>WhatsApp<\/em><\/strong><\/a><em>\u00a0e\u00a0<\/em><a href=\"https:\/\/www.youtube.com\/@acordacidadenoticias\/videos\"><strong>YouTube<\/strong><\/a><em>\u00a0e do grupo no\u00a0<\/em><a href=\"https:\/\/t.me\/+sSz0khrgARA0ZmRh\"><strong><em>Telegram<\/em><\/strong><\/a><em>.<\/em><\/p>\n<\/div>\n","protected":false},"excerpt":{"rendered":"<p>Foto: Divulga\u00e7\u00e3o\/ MPT-BA O Minist\u00e9rio P\u00fablico do Trabalho (MPT) instaurou inqu\u00e9rito para apurar as circunst\u00e2ncias<\/p>\n","protected":false},"author":1,"featured_media":149018,"comment_status":"closed","ping_status":"closed","sticky":false,"template":"","format":"gallery","meta":{"footnotes":""},"categories":[8,9,6,57,56,10],"tags":[],"class_list":["post-149017","post","type-post","status-publish","format-gallery","has-post-thumbnail","hentry","category-bahia","category-brasil","category-feira-de-santana","category-mundo","category-policia","category-politica","post_format-post-format-gallery"],"featured_image_urls":{"full":["https:\/\/noticiasbahia360.com.br\/wp-content\/uploads\/2026\/09\/Fachada-do-MPT-Bahia-1.jpg",1200,723,false],"thumbnail":["https:\/\/noticiasbahia360.com.br\/wp-content\/uploads\/2026\/09\/Fachada-do-MPT-Bahia-1-150x150.jpg",150,150,true],"medium":["https:\/\/noticiasbahia360.com.br\/wp-content\/uploads\/2026\/09\/Fachada-do-MPT-Bahia-1-300x181.jpg",300,181,true],"medium_large":["https:\/\/noticiasbahia360.com.br\/wp-content\/uploads\/2026\/09\/Fachada-do-MPT-Bahia-1-768x463.jpg",640,386,true],"large":["https:\/\/noticiasbahia360.com.br\/wp-content\/uploads\/2026\/09\/Fachada-do-MPT-Bahia-1-1024x617.jpg",640,386,true],"1536x1536":["https:\/\/noticiasbahia360.com.br\/wp-content\/uploads\/2026\/09\/Fachada-do-MPT-Bahia-1.jpg",1200,723,false],"2048x2048":["https:\/\/noticiasbahia360.com.br\/wp-content\/uploads\/2026\/09\/Fachada-do-MPT-Bahia-1.jpg",1200,723,false],"chromenews-featured":["https:\/\/noticiasbahia360.com.br\/wp-content\/uploads\/2026\/09\/Fachada-do-MPT-Bahia-1-1024x617.jpg",1024,617,true],"chromenews-large":["https:\/\/noticiasbahia360.com.br\/wp-content\/uploads\/2026\/09\/Fachada-do-MPT-Bahia-1-825x575.jpg",825,575,true],"chromenews-medium":["https:\/\/noticiasbahia360.com.br\/wp-content\/uploads\/2026\/09\/Fachada-do-MPT-Bahia-1-590x410.jpg",590,410,true]},"author_info":{"display_name":"noticiasbahia360.com.br","author_link":"https:\/\/noticiasbahia360.com.br\/?author=1"},"category_info":"<a href=\"https:\/\/noticiasbahia360.com.br\/?cat=8\" rel=\"category\">Bahia<\/a> <a href=\"https:\/\/noticiasbahia360.com.br\/?cat=9\" rel=\"category\">Brasil<\/a> <a href=\"https:\/\/noticiasbahia360.com.br\/?cat=6\" rel=\"category\">Feira de Santana<\/a> <a href=\"https:\/\/noticiasbahia360.com.br\/?cat=57\" rel=\"category\">Mundo<\/a> <a href=\"https:\/\/noticiasbahia360.com.br\/?cat=56\" rel=\"category\">Pol\u00edcia<\/a> <a href=\"https:\/\/noticiasbahia360.com.br\/?cat=10\" rel=\"category\">Pol\u00edtica<\/a>","tag_info":"Pol\u00edtica","comment_count":"0","_links":{"self":[{"href":"https:\/\/noticiasbahia360.com.br\/index.php?rest_route=\/wp\/v2\/posts\/149017","targetHints":{"allow":["GET"]}}],"collection":[{"href":"https:\/\/noticiasbahia360.com.br\/index.php?rest_route=\/wp\/v2\/posts"}],"about":[{"href":"https:\/\/noticiasbahia360.com.br\/index.php?rest_route=\/wp\/v2\/types\/post"}],"author":[{"embeddable":true,"href":"https:\/\/noticiasbahia360.com.br\/index.php?rest_route=\/wp\/v2\/users\/1"}],"replies":[{"embeddable":true,"href":"https:\/\/noticiasbahia360.com.br\/index.php?rest_route=%2Fwp%2Fv2%2Fcomments&post=149017"}],"version-history":[{"count":0,"href":"https:\/\/noticiasbahia360.com.br\/index.php?rest_route=\/wp\/v2\/posts\/149017\/revisions"}],"wp:featuredmedia":[{"embeddable":true,"href":"https:\/\/noticiasbahia360.com.br\/index.php?rest_route=\/wp\/v2\/media\/149018"}],"wp:attachment":[{"href":"https:\/\/noticiasbahia360.com.br\/index.php?rest_route=%2Fwp%2Fv2%2Fmedia&parent=149017"}],"wp:term":[{"taxonomy":"category","embeddable":true,"href":"https:\/\/noticiasbahia360.com.br\/index.php?rest_route=%2Fwp%2Fv2%2Fcategories&post=149017"},{"taxonomy":"post_tag","embeddable":true,"href":"https:\/\/noticiasbahia360.com.br\/index.php?rest_route=%2Fwp%2Fv2%2Ftags&post=149017"}],"curies":[{"name":"wp","href":"https:\/\/api.w.org\/{rel}","templated":true}]}}