{"id":149021,"date":"2026-09-05T21:01:02","date_gmt":"2026-09-06T00:01:02","guid":{"rendered":"https:\/\/noticiasbahia360.com.br\/?p=149021"},"modified":"2026-09-05T21:01:02","modified_gmt":"2026-09-06T00:01:02","slug":"incendio-de-grandes-proporcoes-atinge-galpao-de-reciclaveis-e-se-alastra-para-residencias-na-regiao-sudoeste","status":"publish","type":"post","link":"https:\/\/noticiasbahia360.com.br\/?p=149021","title":{"rendered":"Inc\u00eandio de grandes propor\u00e7\u00f5es atinge galp\u00e3o de recicl\u00e1veis e se alastra para resid\u00eancias na regi\u00e3o sudoeste"},"content":{"rendered":"<div>\n<div>\n<figure><img decoding=\"async\" src=\"http:\/\/noticiasbahia360.com.br\/wp-content\/uploads\/2026\/09\/Incendio-em-deposito-em-Vitoria-da-Conquista.jpg\" alt=\"Inc\u00eandio em dep\u00f3sito em Vit\u00f3ria da Conquista\"><figcaption>Foto: Reprodu\u00e7\u00e3o\/Achei Sudoeste<\/figcaption><\/figure>\n<\/div>\n<p class=\"wp-block-paragraph\">Um inc\u00eandio de grandes propor\u00e7\u00f5es atingiu um dep\u00f3sito de materiais recicl\u00e1veis na sexta-feira (4), em Vit\u00f3ria da Conquista, regi\u00e3o sudoeste da Bahia. As chamas geraram uma densa coluna de fuma\u00e7a e p\u00f4de ser vista em diferentes locais da cidade.<\/p>\n<p class=\"wp-block-paragraph\">Segundo informa\u00e7\u00f5es apuradas pelo Blog do Anderson, parceiro do Acorda Cidade, o galp\u00e3o est\u00e1 localizado em um loteamento no bairro Esp\u00edrito Santo.<\/p>\n<p class=\"wp-block-paragraph\">Devido \u00e0 grande quantidade de materiais guardados no local, as chamas aumentaram rapidamente e se alastraram tamb\u00e9m para cinco resid\u00eancias vizinhas. Mas, apesar da gravidade do incidente, ningu\u00e9m ficou ferido.<\/p>\n<p class=\"wp-block-paragraph\">Uma equipe do 7\u00ba Batalh\u00e3o de Bombeiros Militares compareceu ao local da ocorr\u00eancia e se mobilizaram para debelar as chamas, e contaram com o aux\u00edlio de caminh\u00f5es-pipa disponibilizados atrav\u00e9s da Defesa Civil.<\/p>\n<p class=\"wp-block-paragraph\"><em>Siga o Acorda Cidade no\u00a0<\/em><a href=\"https:\/\/news.google.com\/search?q=acorda%20cidade&amp;hl=pt-BR&amp;gl=BR&amp;ceid=BR%3Apt-419\"><strong><em>Google Not\u00edcias<\/em><\/strong><\/a><em>\u00a0e receba os principais destaques do dia. Participe tamb\u00e9m dos nossos canais no\u00a0<\/em><a href=\"https:\/\/www.whatsapp.com\/channel\/0029Va6Rb4v3WHTNnsh8WI3N\"><strong><em>WhatsApp<\/em><\/strong><\/a><em>\u00a0e\u00a0<\/em><a href=\"https:\/\/www.youtube.com\/@acordacidadenoticias\/videos\"><strong>YouTube<\/strong><\/a><em>\u00a0e do grupo no\u00a0<\/em><a href=\"https:\/\/t.me\/+sSz0khrgARA0ZmRh\"><strong><em>Telegram<\/em><\/strong><\/a><em>.<\/em><\/p>\n<\/div>\n","protected":false},"excerpt":{"rendered":"<p>Foto: Reprodu\u00e7\u00e3o\/Achei Sudoeste Um inc\u00eandio de grandes propor\u00e7\u00f5es atingiu um dep\u00f3sito de materiais recicl\u00e1veis na<\/p>\n","protected":false},"author":1,"featured_media":149022,"comment_status":"closed","ping_status":"closed","sticky":false,"template":"","format":"gallery","meta":{"footnotes":""},"categories":[8,9,6,57,56,10],"tags":[],"class_list":["post-149021","post","type-post","status-publish","format-gallery","has-post-thumbnail","hentry","category-bahia","category-brasil","category-feira-de-santana","category-mundo","category-policia","category-politica","post_format-post-format-gallery"],"featured_image_urls":{"full":["https:\/\/noticiasbahia360.com.br\/wp-content\/uploads\/2026\/09\/Incendio-em-deposito-em-Vitoria-da-Conquista.jpg",1200,693,false],"thumbnail":["https:\/\/noticiasbahia360.com.br\/wp-content\/uploads\/2026\/09\/Incendio-em-deposito-em-Vitoria-da-Conquista-150x150.jpg",150,150,true],"medium":["https:\/\/noticiasbahia360.com.br\/wp-content\/uploads\/2026\/09\/Incendio-em-deposito-em-Vitoria-da-Conquista-300x173.jpg",300,173,true],"medium_large":["https:\/\/noticiasbahia360.com.br\/wp-content\/uploads\/2026\/09\/Incendio-em-deposito-em-Vitoria-da-Conquista-768x444.jpg",640,370,true],"large":["https:\/\/noticiasbahia360.com.br\/wp-content\/uploads\/2026\/09\/Incendio-em-deposito-em-Vitoria-da-Conquista-1024x591.jpg",640,369,true],"1536x1536":["https:\/\/noticiasbahia360.com.br\/wp-content\/uploads\/2026\/09\/Incendio-em-deposito-em-Vitoria-da-Conquista.jpg",1200,693,false],"2048x2048":["https:\/\/noticiasbahia360.com.br\/wp-content\/uploads\/2026\/09\/Incendio-em-deposito-em-Vitoria-da-Conquista.jpg",1200,693,false],"chromenews-featured":["https:\/\/noticiasbahia360.com.br\/wp-content\/uploads\/2026\/09\/Incendio-em-deposito-em-Vitoria-da-Conquista-1024x591.jpg",1024,591,true],"chromenews-large":["https:\/\/noticiasbahia360.com.br\/wp-content\/uploads\/2026\/09\/Incendio-em-deposito-em-Vitoria-da-Conquista-825x575.jpg",825,575,true],"chromenews-medium":["https:\/\/noticiasbahia360.com.br\/wp-content\/uploads\/2026\/09\/Incendio-em-deposito-em-Vitoria-da-Conquista-590x410.jpg",590,410,true]},"author_info":{"display_name":"noticiasbahia360.com.br","author_link":"https:\/\/noticiasbahia360.com.br\/?author=1"},"category_info":"<a href=\"https:\/\/noticiasbahia360.com.br\/?cat=8\" rel=\"category\">Bahia<\/a> <a href=\"https:\/\/noticiasbahia360.com.br\/?cat=9\" rel=\"category\">Brasil<\/a> <a href=\"https:\/\/noticiasbahia360.com.br\/?cat=6\" rel=\"category\">Feira de Santana<\/a> <a href=\"https:\/\/noticiasbahia360.com.br\/?cat=57\" rel=\"category\">Mundo<\/a> <a href=\"https:\/\/noticiasbahia360.com.br\/?cat=56\" rel=\"category\">Pol\u00edcia<\/a> <a href=\"https:\/\/noticiasbahia360.com.br\/?cat=10\" rel=\"category\">Pol\u00edtica<\/a>","tag_info":"Pol\u00edtica","comment_count":"0","_links":{"self":[{"href":"https:\/\/noticiasbahia360.com.br\/index.php?rest_route=\/wp\/v2\/posts\/149021","targetHints":{"allow":["GET"]}}],"collection":[{"href":"https:\/\/noticiasbahia360.com.br\/index.php?rest_route=\/wp\/v2\/posts"}],"about":[{"href":"https:\/\/noticiasbahia360.com.br\/index.php?rest_route=\/wp\/v2\/types\/post"}],"author":[{"embeddable":true,"href":"https:\/\/noticiasbahia360.com.br\/index.php?rest_route=\/wp\/v2\/users\/1"}],"replies":[{"embeddable":true,"href":"https:\/\/noticiasbahia360.com.br\/index.php?rest_route=%2Fwp%2Fv2%2Fcomments&post=149021"}],"version-history":[{"count":0,"href":"https:\/\/noticiasbahia360.com.br\/index.php?rest_route=\/wp\/v2\/posts\/149021\/revisions"}],"wp:featuredmedia":[{"embeddable":true,"href":"https:\/\/noticiasbahia360.com.br\/index.php?rest_route=\/wp\/v2\/media\/149022"}],"wp:attachment":[{"href":"https:\/\/noticiasbahia360.com.br\/index.php?rest_route=%2Fwp%2Fv2%2Fmedia&parent=149021"}],"wp:term":[{"taxonomy":"category","embeddable":true,"href":"https:\/\/noticiasbahia360.com.br\/index.php?rest_route=%2Fwp%2Fv2%2Fcategories&post=149021"},{"taxonomy":"post_tag","embeddable":true,"href":"https:\/\/noticiasbahia360.com.br\/index.php?rest_route=%2Fwp%2Fv2%2Ftags&post=149021"}],"curies":[{"name":"wp","href":"https:\/\/api.w.org\/{rel}","templated":true}]}}