{"id":149025,"date":"2026-09-05T22:00:50","date_gmt":"2026-09-06T01:00:50","guid":{"rendered":"https:\/\/noticiasbahia360.com.br\/?p=149025"},"modified":"2026-09-05T22:00:50","modified_gmt":"2026-09-06T01:00:50","slug":"projeto-transforma-lacres-de-latinhas-de-aluminio-em-doacoes-de-cadeiras-de-rodas-veja-como-participar","status":"publish","type":"post","link":"https:\/\/noticiasbahia360.com.br\/?p=149025","title":{"rendered":"Projeto transforma lacres de latinhas de alum\u00ednio em doa\u00e7\u00f5es de cadeiras de rodas; veja como participar"},"content":{"rendered":"<div>\n<div>\n<figure><img decoding=\"async\" src=\"http:\/\/noticiasbahia360.com.br\/wp-content\/uploads\/2026\/09\/Lacre-do-Bem-no-Senac-em-Feira-de-Santana.jpg\" alt=\"Projeto Lacre do Bem no Senac em Feira de Santana\"><figcaption>Foto: Ney Silva\/Acorda Cidade<\/figcaption><\/figure>\n<\/div>\n<p class=\"wp-block-paragraph\">Uma simples atitude de solidariedade pode transformar as vidas de pessoas com mobilidade reduzida. Essa \u00e9 a ideia do projeto \u2018Lacre do Bem\u2019, que consiste em transformar os lacres de latas de alum\u00ednio em doa\u00e7\u00f5es de cadeiras de rodas. <\/p>\n<p class=\"wp-block-paragraph\">O projeto nacional foi abra\u00e7ado pelo Senac Bahia (Servi\u00e7o Nacional de Aprendizagem do Com\u00e9rcio), que disponibilizou as unidades de Feira de Santana como pontos de arrecada\u00e7\u00e3o. <strong>Para cada 140 garrafas pet de 2 litros cheias de lacres, uma nova cadeira \u00e9 doada.<\/strong><\/p>\n<p class=\"wp-block-paragraph\">De acordo com a gerente do Senac Feira, Ang\u00e9lica Dias, em entrevista ao Acorda Cidade, a entidade apoia a iniciativa socioambiental desde 2017. Ela explicou como a comunidade pode participar.<\/p>\n<p class=\"wp-block-paragraph\">\u201cToda a comunidade pode participar recolhendo os lacres das latinhas e pode entregar em qualquer unidade do Senac. No momento que n\u00f3s recebemos esses lacres, n\u00f3s encaminhamos para a campanha, e a partir da\u00ed \u00e9 transformado em doa\u00e7\u00e3o de cadeiras de roda. Essas cadeiras s\u00e3o destinadas a pessoas, tanto f\u00edsicas como entidades filantr\u00f3picas, que podem se cadastrar no pr\u00f3prio site do Lacre do Bem\u201d, informou Ang\u00e9lica Dias.<\/p>\n<p class=\"wp-block-paragraph\">Segundo a gerente do Senac Feira, no munic\u00edpio j\u00e1 foram doadas mais de 10 cadeiras de rodas, por meio deste projeto, que une solidariedade e sustentabilidade.<\/p>\n<p class=\"wp-block-paragraph\">\u201cN\u00f3s fomos at\u00e9 escolas buscar essas arrecada\u00e7\u00f5es, e temos condom\u00ednios aqui de Feira de Santana, restaurantes, bares, hot\u00e9is que fazem essa arrecada\u00e7\u00e3o e entregam para que a gente possa encaminhar para essa campanha.\u201d<\/p>\n<p class=\"wp-block-paragraph\">Os interessados em receber uma cadeira de rodas podem se inscrever gratuitamente no site oficial do projeto. Ap\u00f3s essa etapa, \u00e9 realizado o sorteio. \u201cO pr\u00f3prio Lacre do Bem \u00e9 que faz o contato com a pessoa sorteada e nos encaminha a cadeira para ser entregue.\u201d<\/p>\n<h2 id=\"h-locais-de-arrecadacao\" class=\"wp-block-heading\">Locais de arrecada\u00e7\u00e3o<\/h2>\n<p class=\"wp-block-paragraph\">Ang\u00e9lica Dias destacou que os lacres podem ser entregues nas unidades do Senac dos bairros Kalil\u00e2ndia e Ponto Central. Al\u00e9m disso, existem pontos de arrecada\u00e7\u00e3o no Sesc Centro e Tomba.<\/p>\n<p class=\"wp-block-paragraph\">\u201cElas podem trazer aqui, n\u00f3s receberemos assim com muito prazer e felicidade, em saber que essa corrente do bem est\u00e1 se estendendo na comunidade de Feira de Santana. Ent\u00e3o, qualquer pessoa que vai fazer uma festa em casa, recolhe esses lacres, traz aqui para o Senac, que a gente vai poder contribuir com transforma\u00e7\u00f5es de vidas\u201d, enfatizou.<\/p>\n<p class=\"wp-block-paragraph\"><em>Com informa\u00e7\u00f5es do rep\u00f3rter Ney Silva, do Acorda Cidade.<\/em><\/p>\n<p class=\"wp-block-paragraph\"><em>Siga o Acorda Cidade no\u00a0<\/em><a href=\"https:\/\/news.google.com\/search?q=acorda%20cidade&amp;hl=pt-BR&amp;gl=BR&amp;ceid=BR%3Apt-419\"><strong><em>Google Not\u00edcias<\/em><\/strong><\/a><em>\u00a0e receba os principais destaques do dia. Participe tamb\u00e9m dos nossos canais no\u00a0<\/em><a href=\"https:\/\/www.whatsapp.com\/channel\/0029Va6Rb4v3WHTNnsh8WI3N\"><strong><em>WhatsApp<\/em><\/strong><\/a><em>\u00a0e\u00a0<\/em><a href=\"https:\/\/www.youtube.com\/@acordacidadenoticias\/videos\"><strong>YouTube<\/strong><\/a><em>\u00a0e do grupo no\u00a0<\/em><a href=\"https:\/\/t.me\/+sSz0khrgARA0ZmRh\"><strong><em>Telegram<\/em><\/strong><\/a><em>.<\/em><\/p>\n<\/div>\n","protected":false},"excerpt":{"rendered":"<p>Foto: Ney Silva\/Acorda Cidade Uma simples atitude de solidariedade pode transformar as vidas de pessoas<\/p>\n","protected":false},"author":1,"featured_media":149026,"comment_status":"closed","ping_status":"closed","sticky":false,"template":"","format":"gallery","meta":{"footnotes":""},"categories":[8,9,6,57,56,10],"tags":[],"class_list":["post-149025","post","type-post","status-publish","format-gallery","has-post-thumbnail","hentry","category-bahia","category-brasil","category-feira-de-santana","category-mundo","category-policia","category-politica","post_format-post-format-gallery"],"featured_image_urls":{"full":["https:\/\/noticiasbahia360.com.br\/wp-content\/uploads\/2026\/09\/Lacre-do-Bem-no-Senac-em-Feira-de-Santana.jpg",1200,900,false],"thumbnail":["https:\/\/noticiasbahia360.com.br\/wp-content\/uploads\/2026\/09\/Lacre-do-Bem-no-Senac-em-Feira-de-Santana-150x150.jpg",150,150,true],"medium":["https:\/\/noticiasbahia360.com.br\/wp-content\/uploads\/2026\/09\/Lacre-do-Bem-no-Senac-em-Feira-de-Santana-300x225.jpg",300,225,true],"medium_large":["https:\/\/noticiasbahia360.com.br\/wp-content\/uploads\/2026\/09\/Lacre-do-Bem-no-Senac-em-Feira-de-Santana-768x576.jpg",640,480,true],"large":["https:\/\/noticiasbahia360.com.br\/wp-content\/uploads\/2026\/09\/Lacre-do-Bem-no-Senac-em-Feira-de-Santana-1024x768.jpg",640,480,true],"1536x1536":["https:\/\/noticiasbahia360.com.br\/wp-content\/uploads\/2026\/09\/Lacre-do-Bem-no-Senac-em-Feira-de-Santana.jpg",1200,900,false],"2048x2048":["https:\/\/noticiasbahia360.com.br\/wp-content\/uploads\/2026\/09\/Lacre-do-Bem-no-Senac-em-Feira-de-Santana.jpg",1200,900,false],"chromenews-featured":["https:\/\/noticiasbahia360.com.br\/wp-content\/uploads\/2026\/09\/Lacre-do-Bem-no-Senac-em-Feira-de-Santana-1024x768.jpg",1024,768,true],"chromenews-large":["https:\/\/noticiasbahia360.com.br\/wp-content\/uploads\/2026\/09\/Lacre-do-Bem-no-Senac-em-Feira-de-Santana-825x575.jpg",825,575,true],"chromenews-medium":["https:\/\/noticiasbahia360.com.br\/wp-content\/uploads\/2026\/09\/Lacre-do-Bem-no-Senac-em-Feira-de-Santana-590x410.jpg",590,410,true]},"author_info":{"display_name":"noticiasbahia360.com.br","author_link":"https:\/\/noticiasbahia360.com.br\/?author=1"},"category_info":"<a href=\"https:\/\/noticiasbahia360.com.br\/?cat=8\" rel=\"category\">Bahia<\/a> <a href=\"https:\/\/noticiasbahia360.com.br\/?cat=9\" rel=\"category\">Brasil<\/a> <a href=\"https:\/\/noticiasbahia360.com.br\/?cat=6\" rel=\"category\">Feira de Santana<\/a> <a href=\"https:\/\/noticiasbahia360.com.br\/?cat=57\" rel=\"category\">Mundo<\/a> <a href=\"https:\/\/noticiasbahia360.com.br\/?cat=56\" rel=\"category\">Pol\u00edcia<\/a> <a href=\"https:\/\/noticiasbahia360.com.br\/?cat=10\" rel=\"category\">Pol\u00edtica<\/a>","tag_info":"Pol\u00edtica","comment_count":"0","_links":{"self":[{"href":"https:\/\/noticiasbahia360.com.br\/index.php?rest_route=\/wp\/v2\/posts\/149025","targetHints":{"allow":["GET"]}}],"collection":[{"href":"https:\/\/noticiasbahia360.com.br\/index.php?rest_route=\/wp\/v2\/posts"}],"about":[{"href":"https:\/\/noticiasbahia360.com.br\/index.php?rest_route=\/wp\/v2\/types\/post"}],"author":[{"embeddable":true,"href":"https:\/\/noticiasbahia360.com.br\/index.php?rest_route=\/wp\/v2\/users\/1"}],"replies":[{"embeddable":true,"href":"https:\/\/noticiasbahia360.com.br\/index.php?rest_route=%2Fwp%2Fv2%2Fcomments&post=149025"}],"version-history":[{"count":0,"href":"https:\/\/noticiasbahia360.com.br\/index.php?rest_route=\/wp\/v2\/posts\/149025\/revisions"}],"wp:featuredmedia":[{"embeddable":true,"href":"https:\/\/noticiasbahia360.com.br\/index.php?rest_route=\/wp\/v2\/media\/149026"}],"wp:attachment":[{"href":"https:\/\/noticiasbahia360.com.br\/index.php?rest_route=%2Fwp%2Fv2%2Fmedia&parent=149025"}],"wp:term":[{"taxonomy":"category","embeddable":true,"href":"https:\/\/noticiasbahia360.com.br\/index.php?rest_route=%2Fwp%2Fv2%2Fcategories&post=149025"},{"taxonomy":"post_tag","embeddable":true,"href":"https:\/\/noticiasbahia360.com.br\/index.php?rest_route=%2Fwp%2Fv2%2Ftags&post=149025"}],"curies":[{"name":"wp","href":"https:\/\/api.w.org\/{rel}","templated":true}]}}