{"id":149027,"date":"2026-09-05T22:00:51","date_gmt":"2026-09-06T01:00:51","guid":{"rendered":"https:\/\/noticiasbahia360.com.br\/?p=149027"},"modified":"2026-09-05T22:00:51","modified_gmt":"2026-09-06T01:00:51","slug":"mais-de-49-mil-eleitores-pediram-transferencia-temporaria-na-bahia","status":"publish","type":"post","link":"https:\/\/noticiasbahia360.com.br\/?p=149027","title":{"rendered":"Mais de 49 mil eleitores pediram transfer\u00eancia tempor\u00e1ria na Bahia"},"content":{"rendered":"<div>\n<div>\n<figure><img decoding=\"async\" src=\"http:\/\/noticiasbahia360.com.br\/wp-content\/uploads\/2026\/09\/tiitulo-eleitoral.jpg\" alt=\"T\u00edtulo eleitoral\"><figcaption>Foto: Secom\/PMFS<\/figcaption><\/figure>\n<\/div>\n<p class=\"wp-block-paragraph\">Um total de 49.051 eleitoras e eleitores solicitaram a Transfer\u00eancia Tempor\u00e1ria de Eleitorado (TTE), na Bahia, para o 1\u00ba turno das Elei\u00e7\u00f5es Gerais de 2026. Os dados foram extra\u00eddos do Portal de Estat\u00edsticas do Tribunal Superior Eleitoral (TSE). Entre as modalidades de transfer\u00eancia tempor\u00e1ria, o voto em tr\u00e2nsito foi respons\u00e1vel pela maior parte das solicita\u00e7\u00f5es, com 31.765 pedidos.<\/p>\n<p class=\"wp-block-paragraph\">Tamb\u00e9m foram registrados pedidos de TTE nas seguintes modalidades: 11.549 de eleitoras e eleitores convocados para trabalhar nas elei\u00e7\u00f5es; 3.027 de militares em servi\u00e7o; 1.629 de presos provis\u00f3rios; e 865 ju\u00edzas(es), servidoras(es) e promotoras(es) da Justi\u00e7a Eleitoral.<\/p>\n<p class=\"wp-block-paragraph\">O portal apresenta ainda 196 pedidos relacionados \u00e0 acessibilidade; 11 de ind\u00edgenas e quilombolas; e nove de pessoas em situa\u00e7\u00e3o de rua.<\/p>\n<h2 id=\"h-consulta-ao-local-de-votacao\" class=\"wp-block-heading\">Consulta ao local de vota\u00e7\u00e3o<\/h2>\n<p class=\"wp-block-paragraph\">Desde 1\u00ba de setembro (ter\u00e7a-feira), eleitoras e eleitores podem conferir a se\u00e7\u00e3o de vota\u00e7\u00e3o atualizada pelo e-T\u00edtulo ou <a href=\"https:\/\/www.tse.jus.br\/servicos-eleitorais\/autoatendimento-eleitoral#\/?id=1788192258473\" data-type=\"link\" data-id=\"https:\/\/www.tse.jus.br\/servicos-eleitorais\/autoatendimento-eleitoral#\/?id=1788192258473\">pela internet no Autoatendimento eleitoral<\/a>. A consulta permitir\u00e1 verificar o local para o qual a pessoa foi temporariamente transferida.<\/p>\n<p class=\"wp-block-paragraph\">Ap\u00f3s o per\u00edodo eleitoral, a eleitora ou o eleitor retornar\u00e1 automaticamente \u00e0 se\u00e7\u00e3o eleitoral de origem.<\/p>\n<h2 id=\"h-tte-e-voto-em-transito\" class=\"wp-block-heading\">TTE e voto em tr\u00e2nsito<\/h2>\n<p class=\"wp-block-paragraph\">A TTE \u00e9 o procedimento utilizado pela Justi\u00e7a Eleitoral para permitir que a eleitora ou o eleitor vote temporariamente em uma se\u00e7\u00e3o diferente daquela de origem, dentro do seu domic\u00edlio eleitoral, em raz\u00e3o de situa\u00e7\u00f5es espec\u00edficas previstas na legisla\u00e7\u00e3o.<\/p>\n<p class=\"wp-block-paragraph\">J\u00e1 o voto em tr\u00e2nsito \u00e9 uma das modalidades de TTE e atende \u00e0s eleitoras e aos eleitores que estar\u00e3o fora de seu domic\u00edlio eleitoral no dia da elei\u00e7\u00e3o.<\/p>\n<p class=\"wp-block-paragraph\">Nas Elei\u00e7\u00f5es Gerais de 2026, quem estiver em outro munic\u00edpio do mesmo estado do domic\u00edlio eleitoral poder\u00e1 votar para presidente da Rep\u00fablica, governador, senador, deputado federal e deputado estadual. J\u00e1 quem estiver em outro estado poder\u00e1 votar somente para presidente da Rep\u00fablica. As regras est\u00e3o previstas no artigo 233-A da Lei n\u00ba 4.737\/1965 (C\u00f3digo Eleitoral) e regulamentadas pela Resolu\u00e7\u00e3o TSE n\u00ba 23.751\/2026.<\/p>\n<p class=\"wp-block-paragraph\"><em>Siga o Acorda Cidade no\u00a0<\/em><a href=\"https:\/\/news.google.com\/search?q=acorda%20cidade&amp;hl=pt-BR&amp;gl=BR&amp;ceid=BR%3Apt-419\"><strong><em>Google Not\u00edcias<\/em><\/strong><\/a><em>\u00a0e receba os principais destaques do dia. Participe tamb\u00e9m dos nossos canais no\u00a0<\/em><a href=\"https:\/\/www.whatsapp.com\/channel\/0029Va6Rb4v3WHTNnsh8WI3N\"><strong><em>WhatsApp<\/em><\/strong><\/a><em>\u00a0e\u00a0<\/em><a href=\"https:\/\/www.youtube.com\/@acordacidadenoticias\/videos\"><strong>YouTube<\/strong><\/a><em>\u00a0e do grupo no\u00a0<\/em><a href=\"https:\/\/t.me\/+sSz0khrgARA0ZmRh\"><strong><em>Telegram<\/em><\/strong><\/a><em>.<\/em><\/p>\n<\/div>\n","protected":false},"excerpt":{"rendered":"<p>Foto: Secom\/PMFS Um total de 49.051 eleitoras e eleitores solicitaram a Transfer\u00eancia Tempor\u00e1ria de Eleitorado<\/p>\n","protected":false},"author":1,"featured_media":149028,"comment_status":"closed","ping_status":"closed","sticky":false,"template":"","format":"gallery","meta":{"footnotes":""},"categories":[8,9,6,57,56,10],"tags":[],"class_list":["post-149027","post","type-post","status-publish","format-gallery","has-post-thumbnail","hentry","category-bahia","category-brasil","category-feira-de-santana","category-mundo","category-policia","category-politica","post_format-post-format-gallery"],"featured_image_urls":{"full":["https:\/\/noticiasbahia360.com.br\/wp-content\/uploads\/2026\/09\/tiitulo-eleitoral.jpg",1200,767,false],"thumbnail":["https:\/\/noticiasbahia360.com.br\/wp-content\/uploads\/2026\/09\/tiitulo-eleitoral-150x150.jpg",150,150,true],"medium":["https:\/\/noticiasbahia360.com.br\/wp-content\/uploads\/2026\/09\/tiitulo-eleitoral-300x192.jpg",300,192,true],"medium_large":["https:\/\/noticiasbahia360.com.br\/wp-content\/uploads\/2026\/09\/tiitulo-eleitoral-768x491.jpg",640,409,true],"large":["https:\/\/noticiasbahia360.com.br\/wp-content\/uploads\/2026\/09\/tiitulo-eleitoral-1024x655.jpg",640,409,true],"1536x1536":["https:\/\/noticiasbahia360.com.br\/wp-content\/uploads\/2026\/09\/tiitulo-eleitoral.jpg",1200,767,false],"2048x2048":["https:\/\/noticiasbahia360.com.br\/wp-content\/uploads\/2026\/09\/tiitulo-eleitoral.jpg",1200,767,false],"chromenews-featured":["https:\/\/noticiasbahia360.com.br\/wp-content\/uploads\/2026\/09\/tiitulo-eleitoral-1024x655.jpg",1024,655,true],"chromenews-large":["https:\/\/noticiasbahia360.com.br\/wp-content\/uploads\/2026\/09\/tiitulo-eleitoral-825x575.jpg",825,575,true],"chromenews-medium":["https:\/\/noticiasbahia360.com.br\/wp-content\/uploads\/2026\/09\/tiitulo-eleitoral-590x410.jpg",590,410,true]},"author_info":{"display_name":"noticiasbahia360.com.br","author_link":"https:\/\/noticiasbahia360.com.br\/?author=1"},"category_info":"<a href=\"https:\/\/noticiasbahia360.com.br\/?cat=8\" rel=\"category\">Bahia<\/a> <a href=\"https:\/\/noticiasbahia360.com.br\/?cat=9\" rel=\"category\">Brasil<\/a> <a href=\"https:\/\/noticiasbahia360.com.br\/?cat=6\" rel=\"category\">Feira de Santana<\/a> <a href=\"https:\/\/noticiasbahia360.com.br\/?cat=57\" rel=\"category\">Mundo<\/a> <a href=\"https:\/\/noticiasbahia360.com.br\/?cat=56\" rel=\"category\">Pol\u00edcia<\/a> <a href=\"https:\/\/noticiasbahia360.com.br\/?cat=10\" rel=\"category\">Pol\u00edtica<\/a>","tag_info":"Pol\u00edtica","comment_count":"0","_links":{"self":[{"href":"https:\/\/noticiasbahia360.com.br\/index.php?rest_route=\/wp\/v2\/posts\/149027","targetHints":{"allow":["GET"]}}],"collection":[{"href":"https:\/\/noticiasbahia360.com.br\/index.php?rest_route=\/wp\/v2\/posts"}],"about":[{"href":"https:\/\/noticiasbahia360.com.br\/index.php?rest_route=\/wp\/v2\/types\/post"}],"author":[{"embeddable":true,"href":"https:\/\/noticiasbahia360.com.br\/index.php?rest_route=\/wp\/v2\/users\/1"}],"replies":[{"embeddable":true,"href":"https:\/\/noticiasbahia360.com.br\/index.php?rest_route=%2Fwp%2Fv2%2Fcomments&post=149027"}],"version-history":[{"count":0,"href":"https:\/\/noticiasbahia360.com.br\/index.php?rest_route=\/wp\/v2\/posts\/149027\/revisions"}],"wp:featuredmedia":[{"embeddable":true,"href":"https:\/\/noticiasbahia360.com.br\/index.php?rest_route=\/wp\/v2\/media\/149028"}],"wp:attachment":[{"href":"https:\/\/noticiasbahia360.com.br\/index.php?rest_route=%2Fwp%2Fv2%2Fmedia&parent=149027"}],"wp:term":[{"taxonomy":"category","embeddable":true,"href":"https:\/\/noticiasbahia360.com.br\/index.php?rest_route=%2Fwp%2Fv2%2Fcategories&post=149027"},{"taxonomy":"post_tag","embeddable":true,"href":"https:\/\/noticiasbahia360.com.br\/index.php?rest_route=%2Fwp%2Fv2%2Ftags&post=149027"}],"curies":[{"name":"wp","href":"https:\/\/api.w.org\/{rel}","templated":true}]}}