{"id":149036,"date":"2026-09-05T23:01:51","date_gmt":"2026-09-06T02:01:51","guid":{"rendered":"https:\/\/noticiasbahia360.com.br\/?p=149036"},"modified":"2026-09-05T23:01:51","modified_gmt":"2026-09-06T02:01:51","slug":"cuidados-com-a-pele-rotinas-de-skincare-eleva-casos-de-dermatite","status":"publish","type":"post","link":"https:\/\/noticiasbahia360.com.br\/?p=149036","title":{"rendered":"Cuidados com a pele: rotinas de skincare eleva casos de dermatite"},"content":{"rendered":"<div>\n<div>\n<figure><img decoding=\"async\" src=\"http:\/\/noticiasbahia360.com.br\/wp-content\/uploads\/2026\/09\/Mulher-fazendo-skincare-Foto-MelkiNimages-iStock.jpg\" alt=\"Mulher fazendo skincare\"><figcaption>Foto; MelkiNimages\/ iStock<\/figcaption><\/figure>\n<\/div>\n<p class=\"wp-block-paragraph\">A prolifera\u00e7\u00e3o de rotinas de cuidados com a pele em m\u00faltiplos passos nas redes sociais tem gerado uma epidemia silenciosa nos consult\u00f3rios dermatol\u00f3gicos: o boom de pacientes com a barreira cut\u00e2nea completamente fragilizada. <\/p>\n<p class=\"wp-block-paragraph\">A aplica\u00e7\u00e3o simult\u00e2nea e sem orienta\u00e7\u00e3o m\u00e9dica de ativos potentes, como \u00e1cido glic\u00f3lico, \u00e1cido salic\u00edlico, retinoides e esfoliantes qu\u00edmicos, tem alterado o manto hidrolip\u00eddico e o microbioma da pele, desencadeando quadros de dermatite de contato, ros\u00e1cea induzida, queimaduras qu\u00edmicas e hipersensibilidade.<\/p>\n<p class=\"wp-block-paragraph\">Levantamentos cl\u00ednicos da Sociedade Brasileira de Dermatologia (SBD) de 2026 e alertas emitidos pela Sociedade Americana de Dermatologia (AAD) apontam que cerca de 40% dos atendimentos dermatol\u00f3gicos focados em queixas de sensibilidade e irrita\u00e7\u00e3o facial em jovens adultos est\u00e3o diretamente associados ao uso incorreto ou \u00e0 sobreposi\u00e7\u00e3o inadequada de dermocosm\u00e9ticos. <\/p>\n<p class=\"wp-block-paragraph\">Diante desse cen\u00e1rio de hiperconsumo, m\u00e9dicos v\u00eam recomendando a ades\u00e3o ao skinimalism, pr\u00e1tica m\u00e9dica e comportamental focada na redu\u00e7\u00e3o da rotina a produtos essenciais, suaves e individualizados para a restaura\u00e7\u00e3o da barreira cut\u00e2nea.<\/p>\n<p class=\"wp-block-paragraph\">\u201cA internet transformou o autocuidado em um consumo desenfreado e perigoso de ativos qu\u00edmicos. A pele humana n\u00e3o foi projetada para absorver dez produtos diferentes todas as manh\u00e3s e noites; ela precisa de equil\u00edbrio fisiol\u00f3gico\u201d, ressalta a m\u00e9dica dermatologista Ana Carolina Sumam. <\/p>\n<p class=\"wp-block-paragraph\">\u201cQuando a barreira cut\u00e2nea \u00e9 rompida, a pele perde parte de sua capacidade de reter \u00e1gua e de se defender de agentes externos, como polui\u00e7\u00e3o e bact\u00e9rias. O resultado pode ser um quadro persistente de inflama\u00e7\u00e3o e les\u00f5es. O tratamento eficaz n\u00e3o est\u00e1 em acrescentar mais um produto milagroso, mas sim em simplificar drasticamente a rotina sob orienta\u00e7\u00e3o m\u00e9dica\u201d.\u00a0<\/p>\n<h2 id=\"h-uso-precoce-e-continuo-de-acidos-potentes-compromete-a-pele-de-jovens-adultos\" class=\"wp-block-heading\">Uso precoce e cont\u00ednuo de \u00e1cidos potentes compromete a pele de jovens adultos<\/h2>\n<p class=\"wp-block-paragraph\">A busca por resultados est\u00e9ticos imediatos e a influ\u00eancia de algoritmos digitais criaram outro fen\u00f4meno preocupante: o consumo precoce de cosm\u00e9ticos anti-idade e \u00e1cidos por adolescentes e jovens sem qualquer indica\u00e7\u00e3o cl\u00ednica. Dados do setor de higiene e cosm\u00e9ticos apontam que o Brasil segue entre os l\u00edderes mundiais no consumo de produtos de cuidados faciais por pessoas com menos de 25 anos, impulsionado por v\u00eddeos curtos de rotinas di\u00e1rias.<\/p>\n<p class=\"wp-block-paragraph\">No entanto, o uso cont\u00ednuo de \u00e1cidos renovadores em peles jovens e saud\u00e1veis pode contribuir para um processo inflamat\u00f3rio, caracterizado por descama\u00e7\u00e3o cont\u00ednua, ardor e o surgimento da chamada acne cosm\u00e9tica.<\/p>\n<p class=\"wp-block-paragraph\">Especialistas da SBD alertam que a sensa\u00e7\u00e3o de queima\u00e7\u00e3o ao aplicar produtos neutros, como um hidratante b\u00e1sico ou o pr\u00f3prio protetor solar, pode ser um sinal cl\u00ednico de comprometimento da barreira cut\u00e2nea pelo excesso de manipula\u00e7\u00e3o.<\/p>\n<p class=\"wp-block-paragraph\">\u201cMuitas pessoas chegam ao consult\u00f3rio acreditando que desenvolveram uma acne severa ou uma alergia espont\u00e2nea e irrevers\u00edvel, quando, na verdade, est\u00e3o sofrendo os efeitos diretos do excesso de produtos. Ao aplicar \u00e1cidos incompat\u00edveis entre si ou com a pr\u00f3pria pele, ou ao esfoli\u00e1-la diariamente, podemos comprometer sua defesa natural\u201d, explica Ana Carolina. \u201cA restaura\u00e7\u00e3o da sa\u00fade cut\u00e2nea exige a interrup\u00e7\u00e3o dos ativos potencialmente irritantes, o retorno ao b\u00e1sico e tempo para que a pele se recupere\u201d, conclui.<\/p>\n<p class=\"wp-block-paragraph\"><em>Siga o Acorda Cidade no\u00a0<\/em><a href=\"https:\/\/news.google.com\/search?q=acorda%20cidade&amp;hl=pt-BR&amp;gl=BR&amp;ceid=BR%3Apt-419\"><strong><em>Google Not\u00edcias<\/em><\/strong><\/a><em>\u00a0e receba os principais destaques do dia. Participe tamb\u00e9m dos nossos canais no\u00a0<\/em><a href=\"https:\/\/whatsapp.com\/channel\/0029Va6Rb4v3WHTNnsh8WI3N\"><strong><em>WhatsApp<\/em><\/strong><\/a><em>\u00a0e\u00a0<\/em><a href=\"https:\/\/www.youtube.com\/@acordacidadenoticias\/videos\"><strong>YouTube<\/strong><\/a><em>\u00a0e do grupo no\u00a0<\/em><a href=\"https:\/\/t.me\/+sSz0khrgARA0ZmRh\"><strong><em>Telegram<\/em><\/strong><\/a><em>.<\/em><\/p>\n<\/div>\n","protected":false},"excerpt":{"rendered":"<p>Foto; MelkiNimages\/ iStock A prolifera\u00e7\u00e3o de rotinas de cuidados com a pele em m\u00faltiplos passos<\/p>\n","protected":false},"author":1,"featured_media":149037,"comment_status":"closed","ping_status":"closed","sticky":false,"template":"","format":"gallery","meta":{"footnotes":""},"categories":[8,9,6,57,56,10],"tags":[],"class_list":["post-149036","post","type-post","status-publish","format-gallery","has-post-thumbnail","hentry","category-bahia","category-brasil","category-feira-de-santana","category-mundo","category-policia","category-politica","post_format-post-format-gallery"],"featured_image_urls":{"full":["https:\/\/noticiasbahia360.com.br\/wp-content\/uploads\/2026\/09\/Mulher-fazendo-skincare-Foto-MelkiNimages-iStock.jpg",1200,800,false],"thumbnail":["https:\/\/noticiasbahia360.com.br\/wp-content\/uploads\/2026\/09\/Mulher-fazendo-skincare-Foto-MelkiNimages-iStock-150x150.jpg",150,150,true],"medium":["https:\/\/noticiasbahia360.com.br\/wp-content\/uploads\/2026\/09\/Mulher-fazendo-skincare-Foto-MelkiNimages-iStock-300x200.jpg",300,200,true],"medium_large":["https:\/\/noticiasbahia360.com.br\/wp-content\/uploads\/2026\/09\/Mulher-fazendo-skincare-Foto-MelkiNimages-iStock-768x512.jpg",640,427,true],"large":["https:\/\/noticiasbahia360.com.br\/wp-content\/uploads\/2026\/09\/Mulher-fazendo-skincare-Foto-MelkiNimages-iStock-1024x683.jpg",640,427,true],"1536x1536":["https:\/\/noticiasbahia360.com.br\/wp-content\/uploads\/2026\/09\/Mulher-fazendo-skincare-Foto-MelkiNimages-iStock.jpg",1200,800,false],"2048x2048":["https:\/\/noticiasbahia360.com.br\/wp-content\/uploads\/2026\/09\/Mulher-fazendo-skincare-Foto-MelkiNimages-iStock.jpg",1200,800,false],"chromenews-featured":["https:\/\/noticiasbahia360.com.br\/wp-content\/uploads\/2026\/09\/Mulher-fazendo-skincare-Foto-MelkiNimages-iStock-1024x683.jpg",1024,683,true],"chromenews-large":["https:\/\/noticiasbahia360.com.br\/wp-content\/uploads\/2026\/09\/Mulher-fazendo-skincare-Foto-MelkiNimages-iStock-825x575.jpg",825,575,true],"chromenews-medium":["https:\/\/noticiasbahia360.com.br\/wp-content\/uploads\/2026\/09\/Mulher-fazendo-skincare-Foto-MelkiNimages-iStock-590x410.jpg",590,410,true]},"author_info":{"display_name":"noticiasbahia360.com.br","author_link":"https:\/\/noticiasbahia360.com.br\/?author=1"},"category_info":"<a href=\"https:\/\/noticiasbahia360.com.br\/?cat=8\" rel=\"category\">Bahia<\/a> <a href=\"https:\/\/noticiasbahia360.com.br\/?cat=9\" rel=\"category\">Brasil<\/a> <a href=\"https:\/\/noticiasbahia360.com.br\/?cat=6\" rel=\"category\">Feira de Santana<\/a> <a href=\"https:\/\/noticiasbahia360.com.br\/?cat=57\" rel=\"category\">Mundo<\/a> <a href=\"https:\/\/noticiasbahia360.com.br\/?cat=56\" rel=\"category\">Pol\u00edcia<\/a> <a href=\"https:\/\/noticiasbahia360.com.br\/?cat=10\" rel=\"category\">Pol\u00edtica<\/a>","tag_info":"Pol\u00edtica","comment_count":"0","_links":{"self":[{"href":"https:\/\/noticiasbahia360.com.br\/index.php?rest_route=\/wp\/v2\/posts\/149036","targetHints":{"allow":["GET"]}}],"collection":[{"href":"https:\/\/noticiasbahia360.com.br\/index.php?rest_route=\/wp\/v2\/posts"}],"about":[{"href":"https:\/\/noticiasbahia360.com.br\/index.php?rest_route=\/wp\/v2\/types\/post"}],"author":[{"embeddable":true,"href":"https:\/\/noticiasbahia360.com.br\/index.php?rest_route=\/wp\/v2\/users\/1"}],"replies":[{"embeddable":true,"href":"https:\/\/noticiasbahia360.com.br\/index.php?rest_route=%2Fwp%2Fv2%2Fcomments&post=149036"}],"version-history":[{"count":0,"href":"https:\/\/noticiasbahia360.com.br\/index.php?rest_route=\/wp\/v2\/posts\/149036\/revisions"}],"wp:featuredmedia":[{"embeddable":true,"href":"https:\/\/noticiasbahia360.com.br\/index.php?rest_route=\/wp\/v2\/media\/149037"}],"wp:attachment":[{"href":"https:\/\/noticiasbahia360.com.br\/index.php?rest_route=%2Fwp%2Fv2%2Fmedia&parent=149036"}],"wp:term":[{"taxonomy":"category","embeddable":true,"href":"https:\/\/noticiasbahia360.com.br\/index.php?rest_route=%2Fwp%2Fv2%2Fcategories&post=149036"},{"taxonomy":"post_tag","embeddable":true,"href":"https:\/\/noticiasbahia360.com.br\/index.php?rest_route=%2Fwp%2Fv2%2Ftags&post=149036"}],"curies":[{"name":"wp","href":"https:\/\/api.w.org\/{rel}","templated":true}]}}