{"id":149038,"date":"2026-09-06T08:00:32","date_gmt":"2026-09-06T11:00:32","guid":{"rendered":"https:\/\/noticiasbahia360.com.br\/?p=149038"},"modified":"2026-09-06T08:00:32","modified_gmt":"2026-09-06T11:00:32","slug":"vai-a-expofeira-2026-veja-tudo-o-que-voce-precisa-saber-sobre-o-evento-em-feira-de-santana","status":"publish","type":"post","link":"https:\/\/noticiasbahia360.com.br\/?p=149038","title":{"rendered":"Vai \u00e0 Expofeira 2026? Veja tudo o que voc\u00ea precisa saber sobre o evento em Feira de Santana"},"content":{"rendered":"<div>\n<div>\n<figure><img decoding=\"async\" src=\"http:\/\/noticiasbahia360.com.br\/wp-content\/uploads\/2026\/09\/Expofeira-2.jpg\" alt=\"Expofeira\"><figcaption>Foto: ACM<\/figcaption><\/figure>\n<\/div>\n<p class=\"wp-block-paragraph\">A 47\u00aa Expofeira de Feira de Santana come\u00e7a neste domingo (6) e segue at\u00e9 o dia 13 de setembro, no Parque de Exposi\u00e7\u00e3o Jo\u00e3o Martins da Silva. Com o tema \u201cMaior orgulho do sert\u00e3o\u201d, a programa\u00e7\u00e3o re\u00fane atra\u00e7\u00f5es para diferentes p\u00fablicos, incluindo shows musicais, rodeios, leil\u00f5es de animais, competi\u00e7\u00f5es equestres, exposi\u00e7\u00e3o agropecu\u00e1ria, cursos, espa\u00e7o infantil, gastronomia e parque de divers\u00f5es.<\/p>\n<p class=\"wp-block-paragraph\">Al\u00e9m da programa\u00e7\u00e3o de entretenimento, a edi\u00e7\u00e3o deste ano ter\u00e1 uma estrutura ampliada, com 135 expositores, cerca de 100 empresas, mais de 300 criadores e aproximadamente 1.300 animais. A organiza\u00e7\u00e3o tamb\u00e9m preparou novas \u00e1reas comerciais e melhorias na estrutura do parque.<\/p>\n<p class=\"wp-block-paragraph\">Para quem pretende visitar a Expofeira 2026, o Acorda Cidade preparou um guia com os principais destaques da programa\u00e7\u00e3o.<\/p>\n<h2 id=\"h-shows-da-expofeira-2026\" class=\"wp-block-heading\">Shows da Expofeira 2026<\/h2>\n<figure class=\"wp-block-image size-full\"><img fetchpriority=\"high\" fetchpriority=\"high\" decoding=\"async\" width=\"1200\" height=\"800\" src=\"http:\/\/noticiasbahia360.com.br\/wp-content\/uploads\/2026\/09\/Show-Expofeira-Foto-Washington-Nery-e-Jorge-Magalhaes.jpg\" alt=\"Show - Expofeira\" class=\"wp-image-685895\" srcset=\"http:\/\/noticiasbahia360.com.br\/wp-content\/uploads\/2026\/09\/Show-Expofeira-Foto-Washington-Nery-e-Jorge-Magalhaes.jpg 1200w, https:\/\/uploads.acordacidade.com.br\/2026\/08\/Show-Expofeira-Foto-Washington-Nery-e-Jorge-Magalhaes-750x500.jpg 750w, https:\/\/uploads.acordacidade.com.br\/2026\/08\/Show-Expofeira-Foto-Washington-Nery-e-Jorge-Magalhaes-1000x667.jpg 1000w, https:\/\/uploads.acordacidade.com.br\/2026\/08\/Show-Expofeira-Foto-Washington-Nery-e-Jorge-Magalhaes-450x300.jpg 450w, https:\/\/uploads.acordacidade.com.br\/2026\/08\/Show-Expofeira-Foto-Washington-Nery-e-Jorge-Magalhaes-150x100.jpg 150w\" sizes=\"(max-width: 1200px) 100vw, 1200px\"><figcaption class=\"wp-element-caption\">Foto: Washington Nery e Jorge Magalh\u00e3es<\/figcaption><\/figure>\n<p class=\"wp-block-paragraph\">A programa\u00e7\u00e3o musical ser\u00e1 distribu\u00edda entre o Palco Principal \u2013 Caminho da Ro\u00e7a e o Palco da Vila Gourmet.<\/p>\n<h2 id=\"h-palco-caminho-da-roca\" class=\"wp-block-heading\">Palco Caminho da Ro\u00e7a<\/h2>\n<p class=\"wp-block-paragraph\"><strong>Domingo (6\/09), a partir das 16h<\/strong><\/p>\n<p class=\"wp-block-paragraph\">Jo\u00e3o e Lara<br \/>Quintal da Tia Carla<br \/>Igor Rei da Farra<\/p>\n<p class=\"wp-block-paragraph\"><strong>Segunda-feira (7\/09), a partir das 16h<\/strong><\/p>\n<p class=\"wp-block-paragraph\">Ney Jamaica<br \/>Serest\u00e3o do Lopes<br \/>Ed Brown<\/p>\n<p class=\"wp-block-paragraph\"><strong>Ter\u00e7a-feira (8\/09), a partir das 18h30<\/strong><\/p>\n<p class=\"wp-block-paragraph\">L\u00e9o Sandys<br \/>J\u00falia Elyasha<\/p>\n<p class=\"wp-block-paragraph\"><strong>Quarta-feira (9\/09), a partir das 16h<\/strong><\/p>\n<p class=\"wp-block-paragraph\">Pastor Henrique Peterson<br \/>Ronierio Silva<br \/>Vange Vamos Louvar<\/p>\n<p class=\"wp-block-paragraph\"><strong>Quinta-feira (10\/09), a partir das 19h<\/strong><\/p>\n<p class=\"wp-block-paragraph\">80 na Pista<br \/>Lagedor<\/p>\n<p class=\"wp-block-paragraph\"><strong>Sexta-feira (11\/09), a partir das 16h30<\/strong><\/p>\n<p class=\"wp-block-paragraph\">Franca Lima<br \/>Gal\u00e3 da Seresta<br \/>Aladim<\/p>\n<p class=\"wp-block-paragraph\"><strong>S\u00e1bado (12\/09), a partir das 16h<\/strong><\/p>\n<p class=\"wp-block-paragraph\">Apegado na Gente<br \/>Sound Mare<br \/>Galeguinho SPA<\/p>\n<p class=\"wp-block-paragraph\"><strong>Domingo (13\/09), a partir das 15h30<\/strong><\/p>\n<p class=\"wp-block-paragraph\">Pagodinho do Militinho<br \/>Estilo Candeal<br \/>Jean Santana<\/p>\n<h2 id=\"h-vila-gourmet\" class=\"wp-block-heading\">Vila Gourmet<\/h2>\n<p class=\"wp-block-paragraph\"><strong>O espa\u00e7o tamb\u00e9m ter\u00e1 apresenta\u00e7\u00f5es musicais durante a programa\u00e7\u00e3o:<\/strong><\/p>\n<ul class=\"wp-block-list\">\n<li>6\/09: Victor Sam, a partir das 16h<\/li>\n<li>7\/09: Alan Emanuel, a partir das 16h<\/li>\n<li>9\/09: Ramon Lima, a partir das 16h<\/li>\n<li>10\/09: Thiago Moral, a partir das 19h<\/li>\n<li>11\/09: Gymeo, a partir das 16h30<\/li>\n<li>12\/09: Ana Castelo, a partir das 16h<\/li>\n<li>13\/09: Bruno Le\u00e3o, a partir das 15h30<\/li>\n<\/ul>\n<h2 id=\"h-rodeio-esta-de-volta-a-expofeira\" class=\"wp-block-heading\">Rodeio est\u00e1 de volta \u00e0 Expofeira<\/h2>\n<figure class=\"wp-block-image size-full\"><img decoding=\"async\" width=\"1229\" height=\"814\" src=\"http:\/\/noticiasbahia360.com.br\/wp-content\/uploads\/2026\/09\/Rodeio-imagem-de-ia-gerada-pelo-ChatGPT-Image-4-de-set-de-2026-22_48_37.png\" alt=\"Rodeio\" class=\"wp-image-688300\" srcset=\"http:\/\/noticiasbahia360.com.br\/wp-content\/uploads\/2026\/09\/Rodeio-imagem-de-ia-gerada-pelo-ChatGPT-Image-4-de-set-de-2026-22_48_37.png 1229w, https:\/\/uploads.acordacidade.com.br\/2026\/09\/Rodeio-imagem-de-ia-gerada-pelo-ChatGPT-Image-4-de-set.-de-2026-22_48_37-750x497.png 750w, https:\/\/uploads.acordacidade.com.br\/2026\/09\/Rodeio-imagem-de-ia-gerada-pelo-ChatGPT-Image-4-de-set.-de-2026-22_48_37-1000x662.png 1000w, https:\/\/uploads.acordacidade.com.br\/2026\/09\/Rodeio-imagem-de-ia-gerada-pelo-ChatGPT-Image-4-de-set.-de-2026-22_48_37-450x298.png 450w, https:\/\/uploads.acordacidade.com.br\/2026\/09\/Rodeio-imagem-de-ia-gerada-pelo-ChatGPT-Image-4-de-set.-de-2026-22_48_37-150x99.png 150w\" sizes=\"(max-width: 1229px) 100vw, 1229px\"><figcaption class=\"wp-element-caption\">Rodeio | Imagem gerada por IA<\/figcaption><\/figure>\n<p class=\"wp-block-paragraph\">Uma das novidades mais aguardadas \u00e9 o retorno dos rodeios ao Parque de Exposi\u00e7\u00e3o, depois de quase duas d\u00e9cadas.  A entrada para o rodeio ser\u00e1 mediante doa\u00e7\u00e3o volunt\u00e1ria de 1 kg de alimento n\u00e3o perec\u00edvel. Segundo a organiza\u00e7\u00e3o, os donativos ser\u00e3o distribu\u00eddos entre entidades assistenciais do munic\u00edpio.<\/p>\n<h2 id=\"h-team-penning-reune-competidores-de-varios-municipios\" class=\"wp-block-heading\">Team Penning re\u00fane competidores de v\u00e1rios munic\u00edpios<\/h2>\n<p class=\"wp-block-paragraph\">Entre os dias 9 e 13 de setembro, a Expofeira ter\u00e1 provas de Team Penning, com participa\u00e7\u00e3o de cavaleiros de munic\u00edpios baianos e de estados vizinhos.<\/p>\n<p class=\"wp-block-paragraph\">As disputas ser\u00e3o realizadas nas categorias mirim, feminino, integra\u00e7\u00e3o e aberta, incluindo a final do Circuito Baiano. A competi\u00e7\u00e3o \u00e9 organizada pela Associa\u00e7\u00e3o Baiana de Esportes Equestres.<\/p>\n<h2 id=\"h-exposicao-de-animais-tera-bovinos-equinos-e-novidades\" class=\"wp-block-heading\">Exposi\u00e7\u00e3o de animais ter\u00e1 bovinos, equinos e novidades<\/h2>\n<p class=\"wp-block-paragraph\">A programa\u00e7\u00e3o agropecu\u00e1ria ter\u00e1 exposi\u00e7\u00e3o e mostra de diferentes esp\u00e9cies.<\/p>\n<p class=\"wp-block-paragraph\">Entre os bovinos estar\u00e3o Nelore, Nelore Pintado, Nelore Baiano, Guzer\u00e1, Mini Gado, Santa Gertrudis, Girolando, Senepol e Gir.<\/p>\n<p class=\"wp-block-paragraph\">Na \u00e1rea de equinos, haver\u00e1 Campolina, Mangalarga, Mangalarga Marchador, Quarto de Milha, Pampa, P\u00f4nei e Jumento P\u00eaga.<\/p>\n<p class=\"wp-block-paragraph\">Uma das novidades anunciadas para esta edi\u00e7\u00e3o \u00e9 a presen\u00e7a de alpacas, al\u00e9m de ovinos, caprinos, lhamas e mini cabras.<\/p>\n<h2 id=\"h-julgamento-e-competicoes-de-animais\" class=\"wp-block-heading\">Julgamento e competi\u00e7\u00f5es de animais<\/h2>\n<p class=\"wp-block-paragraph\">A Expofeira tamb\u00e9m ter\u00e1 julgamentos e competi\u00e7\u00f5es envolvendo diferentes ra\u00e7as.<\/p>\n<ul class=\"wp-block-list\">\n<li>Mangalarga Marchador: 10, 11, 12 e 13 de setembro<\/li>\n<li>Mangalarga Paulista: 11 e 12 de setembro<\/li>\n<li>Campolina: 11, 12 e 13 de setembro<\/li>\n<li>Bovinos: 11 de setembro, a partir das 14h<\/li>\n<li>Jumento P\u00eaga: 10 de setembro<\/li>\n<li>P\u00f4nei: 10 e 11 de setembro e 13 de setembro, at\u00e9 as 14h, com prova social<\/li>\n<\/ul>\n<h2 id=\"h-leiloes-de-animais-de-elite\" class=\"wp-block-heading\">Leil\u00f5es de animais de elite<\/h2>\n<p class=\"wp-block-paragraph\">Quem acompanha o setor agropecu\u00e1rio tamb\u00e9m ter\u00e1 a oportunidade de participar de leil\u00f5es de animais de alto padr\u00e3o gen\u00e9tico.<\/p>\n<p class=\"wp-block-paragraph\"><strong>O calend\u00e1rio prev\u00ea:<\/strong><\/p>\n<p class=\"wp-block-paragraph\"><strong>8 de setembro: cavalos Quarto de Milha<br \/>11 de setembro: bovinos Nelore de alta linhagem da Fazenda Jacuricy<\/strong><\/p>\n<h2 id=\"h-mais-de-130-expositores-e-diversos-segmentos\" class=\"wp-block-heading\">Mais de 130 expositores e diversos segmentos<\/h2>\n<p class=\"wp-block-paragraph\">A Expofeira 2026 contar\u00e1 com 135 expositores, reunindo produtos e servi\u00e7os de diferentes segmentos.<\/p>\n<p class=\"wp-block-paragraph\">Entre eles est\u00e3o produtos agropecu\u00e1rios, maquin\u00e1rios agr\u00edcolas, tratores, hortos, selarias, artesanato, lojas de balan\u00e7as, currais pr\u00e9-moldados, m\u00f3veis r\u00fasticos, concession\u00e1rias de carros e motos, lojas de reboques, frigor\u00edficos, casas de madeira, farm\u00e1cia e provedor de internet.<\/p>\n<p class=\"wp-block-paragraph\">A reorganiza\u00e7\u00e3o do parque resultou em 140 \u00e1reas comerciais, sendo 80 novas \u00e1reas, e a expectativa \u00e9 de crescimento de aproximadamente 30% no n\u00famero de expositores em rela\u00e7\u00e3o ao ano anterior.<\/p>\n<h2 id=\"h-criancas-tambem-terao-programacao-especial\" class=\"wp-block-heading\">Crian\u00e7as tamb\u00e9m ter\u00e3o programa\u00e7\u00e3o especial<\/h2>\n<p class=\"wp-block-paragraph\">A crian\u00e7ada ter\u00e1 um espa\u00e7o exclusivo na Vila Kids, com \u00e1rea reservada, o Clubinho Quintal da Tribo, brinquedos infl\u00e1veis e animadora.  Al\u00e9m disso, o parque de divers\u00f5es ter\u00e1 brinquedos destinados a toda a fam\u00edlia.<\/p>\n<h2 id=\"h-cursos-gratuitos-do-senar\" class=\"wp-block-heading\">Cursos gratuitos do Senar<\/h2>\n<p class=\"wp-block-paragraph\">A programa\u00e7\u00e3o tamb\u00e9m inclui cursos da Carreta Escola do Senar, com atividades voltadas para a produ\u00e7\u00e3o de alimentos.<\/p>\n<p class=\"wp-block-paragraph\"><strong>Confira:<\/strong><\/p>\n<ul class=\"wp-block-list\">\n<li>6\/09: P\u00e3o Del\u00edcia<\/li>\n<li>7\/09: P\u00e3es Especiais<\/li>\n<li>8\/09: Pizzas<\/li>\n<li>9\/09: Salgados<\/li>\n<li>10\/09: Bolos Especiais<\/li>\n<li>11\/09: Derivados da Mandioca<\/li>\n<li>12\/09: P\u00e3o Del\u00edcia<\/li>\n<li>13\/09: Salgados<\/li>\n<\/ul>\n<p class=\"wp-block-paragraph\"><strong>Gastronomia tamb\u00e9m \u00e9 destaque<\/strong><\/p>\n<p class=\"wp-block-paragraph\">A Expofeira ter\u00e1 quatro churrascarias, anunciadas pela organiza\u00e7\u00e3o como op\u00e7\u00f5es com \u201csabor e pre\u00e7os convidativos\u201d. O evento tamb\u00e9m contar\u00e1 com a Vila Gourmet, que ter\u00e1 programa\u00e7\u00e3o musical ao longo dos dias.<\/p>\n<h2 id=\"h-missa-do-vaqueiro\" class=\"wp-block-heading\">Missa do Vaqueiro<\/h2>\n<p class=\"wp-block-paragraph\">A programa\u00e7\u00e3o religiosa ter\u00e1 a 1\u00aa Missa do Vaqueiro, marcada para s\u00e1bado (12), \u00e0s 8h, no Santu\u00e1rio Senhor dos Passos.<\/p>\n<p class=\"wp-block-paragraph\">A celebra\u00e7\u00e3o foi apresentada como um momento de ora\u00e7\u00e3o para celebrar a vida no campo.<\/p>\n<h2 id=\"h-saude-e-vacinacao\" class=\"wp-block-heading\">Sa\u00fade e vacina\u00e7\u00e3o<\/h2>\n<figure class=\"wp-block-image size-full\"><img decoding=\"async\" width=\"1200\" height=\"800\" src=\"http:\/\/noticiasbahia360.com.br\/wp-content\/uploads\/2026\/09\/Vacinacao-Foto-ACM.jpg\" alt=\"Vacina\u00e7\u00e3o\" class=\"wp-image-684701\" srcset=\"http:\/\/noticiasbahia360.com.br\/wp-content\/uploads\/2026\/09\/Vacinacao-Foto-ACM.jpg 1200w, https:\/\/uploads.acordacidade.com.br\/2026\/08\/Vacinacao-Foto-ACM-750x500.jpg 750w, https:\/\/uploads.acordacidade.com.br\/2026\/08\/Vacinacao-Foto-ACM-1000x667.jpg 1000w, https:\/\/uploads.acordacidade.com.br\/2026\/08\/Vacinacao-Foto-ACM-450x300.jpg 450w, https:\/\/uploads.acordacidade.com.br\/2026\/08\/Vacinacao-Foto-ACM-150x100.jpg 150w\" sizes=\"(max-width: 1200px) 100vw, 1200px\"><figcaption class=\"wp-element-caption\">Foto: ACM<\/figcaption><\/figure>\n<p class=\"wp-block-paragraph\">Durante a Expofeira, o p\u00fablico poder\u00e1 ter acesso a servi\u00e7os de sa\u00fade, incluindo vacina\u00e7\u00e3o contra dT, hepatite B, tr\u00edplice viral, febre amarela, influenza e Covid-19.<\/p>\n<p class=\"wp-block-paragraph\">Tamb\u00e9m haver\u00e1 a\u00e7\u00f5es do Centro de Refer\u00eancia em Sa\u00fade do Trabalhador (Cerest), com orienta\u00e7\u00f5es sobre medidas de prote\u00e7\u00e3o e seguran\u00e7a e preven\u00e7\u00e3o de acidentes.<\/p>\n<h2 id=\"h-estrutura-e-servicos\" class=\"wp-block-heading\">Estrutura e servi\u00e7os<\/h2>\n<p class=\"wp-block-paragraph\">A organiza\u00e7\u00e3o informou que 60 agentes atuar\u00e3o diariamente na limpeza do Parque de Exposi\u00e7\u00e3o, divididos em tr\u00eas equipes de 20 pessoas. Tamb\u00e9m haver\u00e1 coleta seletiva realizada pelas associa\u00e7\u00f5es Ginga, Recicla e Rede Sol.<\/p>\n<p class=\"wp-block-paragraph\">A Vigil\u00e2ncia Sanit\u00e1ria ter\u00e1 equipe t\u00e9cnica presente durante todos os dias do evento para a\u00e7\u00f5es de orienta\u00e7\u00e3o, fiscaliza\u00e7\u00e3o e inspe\u00e7\u00e3o.<\/p>\n<h2 id=\"h-como-chegar-a-expofeira-2026\" class=\"wp-block-heading\">Como chegar \u00e0 Expofeira 2026?<\/h2>\n<figure class=\"wp-block-image size-full\"><img decoding=\"async\" width=\"1200\" height=\"675\" src=\"http:\/\/noticiasbahia360.com.br\/wp-content\/uploads\/2026\/09\/Jose-Ronaldo-realiza-visita-tecnica-a-obras-no-Parque-de-Exposicao-para-a-Expofeira-2026-foto-Ed-Santos-7.jpeg\" alt=\"Jos\u00e9 Ronaldo realiza visita t\u00e9cnica a obras no Parque de Exposi\u00e7\u00e3o para a Expofeira 2026\" class=\"wp-image-686420\" srcset=\"http:\/\/noticiasbahia360.com.br\/wp-content\/uploads\/2026\/09\/Jose-Ronaldo-realiza-visita-tecnica-a-obras-no-Parque-de-Exposicao-para-a-Expofeira-2026-foto-Ed-Santos-7.jpeg 1200w, https:\/\/uploads.acordacidade.com.br\/2026\/08\/Jose-Ronaldo-realiza-visita-tecnica-a-obras-no-Parque-de-Exposicao-para-a-Expofeira-2026-foto-Ed-Santos-7-750x422.jpeg 750w, https:\/\/uploads.acordacidade.com.br\/2026\/08\/Jose-Ronaldo-realiza-visita-tecnica-a-obras-no-Parque-de-Exposicao-para-a-Expofeira-2026-foto-Ed-Santos-7-1000x563.jpeg 1000w, https:\/\/uploads.acordacidade.com.br\/2026\/08\/Jose-Ronaldo-realiza-visita-tecnica-a-obras-no-Parque-de-Exposicao-para-a-Expofeira-2026-foto-Ed-Santos-7-450x253.jpeg 450w, https:\/\/uploads.acordacidade.com.br\/2026\/08\/Jose-Ronaldo-realiza-visita-tecnica-a-obras-no-Parque-de-Exposicao-para-a-Expofeira-2026-foto-Ed-Santos-7-150x84.jpeg 150w\" sizes=\"(max-width: 1200px) 100vw, 1200px\"><figcaption class=\"wp-element-caption\">Foto: Ed Santos \/ Acorda cidade <\/figcaption><\/figure>\n<p class=\"wp-block-paragraph\">Uma informa\u00e7\u00e3o importante para quem pretende ir ao evento \u00e9 a forma de acesso ao Parque de Exposi\u00e7\u00e3o.<\/p>\n<p class=\"wp-block-paragraph\">Quem utilizar carro ou moto, seja ve\u00edculo pr\u00f3prio ou por aplicativo, dever\u00e1 acessar obrigatoriamente pela Avenida Noide Cerqueira.<\/p>\n<p class=\"wp-block-paragraph\">J\u00e1 os \u00f4nibus do transporte p\u00fablico ter\u00e3o acesso exclusivo pela BR-324. Carros, motos e pedestres n\u00e3o poder\u00e3o acessar o Parque de Exposi\u00e7\u00e3o pela BR-324.<\/p>\n<h2 id=\"h-havera-onibus-gratuitos-durante-os-oito-dias\" class=\"wp-block-heading\">Haver\u00e1 \u00f4nibus gratuitos durante os oito dias<\/h2>\n<p class=\"wp-block-paragraph\">O p\u00fablico tamb\u00e9m contar\u00e1 com o \u201cExpresso Expofeira \u2013 Transporte Gratuito\u201d durante os oito dias do evento.<\/p>\n<p class=\"wp-block-paragraph\">Os ve\u00edculos estar\u00e3o identificados e ter\u00e3o ponto de embarque e desembarque em frente ao Parque de Exposi\u00e7\u00e3o. O Terminal Central funcionar\u00e1 at\u00e9 as 23h nos dias 6, 7, 12 e 13 de setembro.<\/p>\n<h2 id=\"h-servico-expofeira-2026\" class=\"wp-block-heading\">\ud83d\udccd Servi\u00e7o \u2014 Expofeira 2026<\/h2>\n<ul class=\"wp-block-list\">\n<li><strong>Evento<\/strong>: 47\u00aa Expofeira<\/li>\n<li><strong>Data:<\/strong> 6 a 13 de setembro de 2026<\/li>\n<li><strong>Local:<\/strong> Parque de Exposi\u00e7\u00e3o Jo\u00e3o Martins da Silva, Feira de Santana<\/li>\n<li><strong>Atra\u00e7\u00f5es: shows, rodeios, exposi\u00e7\u00e3o e julgamento de animais, leil\u00f5es, Team Penning, cursos, parque de divers\u00f5es, Vila Kids, gastronomia e programa\u00e7\u00e3o religiosa.<\/strong><\/li>\n<\/ul>\n<ul class=\"wp-block-list\">\n<li><strong>Para quem vai de carro ou moto: acesso pela Avenida Noide Cerqueira.<\/strong><\/li>\n<li><strong>Transporte p\u00fablico: acesso pela BR-324.<\/strong><\/li>\n<li><strong>\u00d4nibus gratuito: Expresso Expofeira durante os oito dias.<\/strong><\/li>\n<\/ul>\n<p class=\"wp-block-paragraph\"><em>Siga o Acorda Cidade no\u00a0<\/em><a href=\"https:\/\/news.google.com\/search?q=acorda%20cidade&amp;hl=pt-BR&amp;gl=BR&amp;ceid=BR%3Apt-419\"><strong><em>Google Not\u00edcias<\/em><\/strong><\/a><em>\u00a0e receba os principais destaques do dia. Participe tamb\u00e9m dos nossos canais no\u00a0<\/em><a href=\"https:\/\/whatsapp.com\/channel\/0029Va6Rb4v3WHTNnsh8WI3N\"><strong><em>WhatsApp<\/em><\/strong><\/a><em>\u00a0e\u00a0<\/em><a href=\"https:\/\/www.youtube.com\/@acordacidadenoticias\/videos\"><strong>YouTube<\/strong><\/a><em>\u00a0e do grupo no\u00a0<\/em><a href=\"https:\/\/t.me\/+sSz0khrgARA0ZmRh\"><strong><em>Telegram<\/em><\/strong><\/a><em>.<\/em><\/p>\n<p class=\"wp-block-paragraph\">\n<\/div>\n","protected":false},"excerpt":{"rendered":"<p>Foto: ACM A 47\u00aa Expofeira de Feira de Santana come\u00e7a neste domingo (6) e segue<\/p>\n","protected":false},"author":1,"featured_media":149039,"comment_status":"closed","ping_status":"closed","sticky":false,"template":"","format":"gallery","meta":{"footnotes":""},"categories":[8,9,6,57,56,10],"tags":[],"class_list":["post-149038","post","type-post","status-publish","format-gallery","has-post-thumbnail","hentry","category-bahia","category-brasil","category-feira-de-santana","category-mundo","category-policia","category-politica","post_format-post-format-gallery"],"featured_image_urls":{"full":["https:\/\/noticiasbahia360.com.br\/wp-content\/uploads\/2026\/09\/Expofeira-2.jpg",1200,799,false],"thumbnail":["https:\/\/noticiasbahia360.com.br\/wp-content\/uploads\/2026\/09\/Expofeira-2-150x150.jpg",150,150,true],"medium":["https:\/\/noticiasbahia360.com.br\/wp-content\/uploads\/2026\/09\/Expofeira-2-300x200.jpg",300,200,true],"medium_large":["https:\/\/noticiasbahia360.com.br\/wp-content\/uploads\/2026\/09\/Expofeira-2-768x511.jpg",640,426,true],"large":["https:\/\/noticiasbahia360.com.br\/wp-content\/uploads\/2026\/09\/Expofeira-2-1024x682.jpg",640,426,true],"1536x1536":["https:\/\/noticiasbahia360.com.br\/wp-content\/uploads\/2026\/09\/Expofeira-2.jpg",1200,799,false],"2048x2048":["https:\/\/noticiasbahia360.com.br\/wp-content\/uploads\/2026\/09\/Expofeira-2.jpg",1200,799,false],"chromenews-featured":["https:\/\/noticiasbahia360.com.br\/wp-content\/uploads\/2026\/09\/Expofeira-2-1024x682.jpg",1024,682,true],"chromenews-large":["https:\/\/noticiasbahia360.com.br\/wp-content\/uploads\/2026\/09\/Expofeira-2-825x575.jpg",825,575,true],"chromenews-medium":["https:\/\/noticiasbahia360.com.br\/wp-content\/uploads\/2026\/09\/Expofeira-2-590x410.jpg",590,410,true]},"author_info":{"display_name":"noticiasbahia360.com.br","author_link":"https:\/\/noticiasbahia360.com.br\/?author=1"},"category_info":"<a href=\"https:\/\/noticiasbahia360.com.br\/?cat=8\" rel=\"category\">Bahia<\/a> <a href=\"https:\/\/noticiasbahia360.com.br\/?cat=9\" rel=\"category\">Brasil<\/a> <a href=\"https:\/\/noticiasbahia360.com.br\/?cat=6\" rel=\"category\">Feira de Santana<\/a> <a href=\"https:\/\/noticiasbahia360.com.br\/?cat=57\" rel=\"category\">Mundo<\/a> <a href=\"https:\/\/noticiasbahia360.com.br\/?cat=56\" rel=\"category\">Pol\u00edcia<\/a> <a href=\"https:\/\/noticiasbahia360.com.br\/?cat=10\" rel=\"category\">Pol\u00edtica<\/a>","tag_info":"Pol\u00edtica","comment_count":"0","_links":{"self":[{"href":"https:\/\/noticiasbahia360.com.br\/index.php?rest_route=\/wp\/v2\/posts\/149038","targetHints":{"allow":["GET"]}}],"collection":[{"href":"https:\/\/noticiasbahia360.com.br\/index.php?rest_route=\/wp\/v2\/posts"}],"about":[{"href":"https:\/\/noticiasbahia360.com.br\/index.php?rest_route=\/wp\/v2\/types\/post"}],"author":[{"embeddable":true,"href":"https:\/\/noticiasbahia360.com.br\/index.php?rest_route=\/wp\/v2\/users\/1"}],"replies":[{"embeddable":true,"href":"https:\/\/noticiasbahia360.com.br\/index.php?rest_route=%2Fwp%2Fv2%2Fcomments&post=149038"}],"version-history":[{"count":0,"href":"https:\/\/noticiasbahia360.com.br\/index.php?rest_route=\/wp\/v2\/posts\/149038\/revisions"}],"wp:featuredmedia":[{"embeddable":true,"href":"https:\/\/noticiasbahia360.com.br\/index.php?rest_route=\/wp\/v2\/media\/149039"}],"wp:attachment":[{"href":"https:\/\/noticiasbahia360.com.br\/index.php?rest_route=%2Fwp%2Fv2%2Fmedia&parent=149038"}],"wp:term":[{"taxonomy":"category","embeddable":true,"href":"https:\/\/noticiasbahia360.com.br\/index.php?rest_route=%2Fwp%2Fv2%2Fcategories&post=149038"},{"taxonomy":"post_tag","embeddable":true,"href":"https:\/\/noticiasbahia360.com.br\/index.php?rest_route=%2Fwp%2Fv2%2Ftags&post=149038"}],"curies":[{"name":"wp","href":"https:\/\/api.w.org\/{rel}","templated":true}]}}