{"id":149046,"date":"2026-09-06T09:03:16","date_gmt":"2026-09-06T12:03:16","guid":{"rendered":"https:\/\/noticiasbahia360.com.br\/?p=149046"},"modified":"2026-09-06T09:03:16","modified_gmt":"2026-09-06T12:03:16","slug":"baianasystem-se-apresenta-neste-domingo-6-no-rock-in-rio","status":"publish","type":"post","link":"https:\/\/noticiasbahia360.com.br\/?p=149046","title":{"rendered":"BaianaSystem se apresenta neste domingo (6) no Rock in Rio"},"content":{"rendered":"<div>\n<div>\n<figure><img decoding=\"async\" src=\"http:\/\/noticiasbahia360.com.br\/wp-content\/uploads\/2026\/09\/baianasystem-.jpg\" alt=\"baianasystem\"><figcaption>Foto: Divulga\u00e7\u00e3o<\/figcaption><\/figure>\n<\/div>\n<p class=\"wp-block-paragraph\">Neste domingo (5), o BaianaSystem apresenta, no palco Sunset do Rock in Rio, um show constru\u00eddo a partir dos c\u00f3digos de sua identidade musical e cultural. Partindo do disco \u201cO Mundo D\u00e1 Voltas\u201d, que lan\u00e7a um olhar sobre um presente atravessado por cat\u00e1strofes clim\u00e1ticas e tens\u00f5es geopol\u00edticas, o grupo reconhece que esse movimento de olhar para fora tamb\u00e9m o faz voltar a olhar para si. Um olhar para as matrizes que formam sua identidade.<\/p>\n<p class=\"wp-block-paragraph\">\u00c9 nesse percurso em dire\u00e7\u00e3o ao pr\u00f3prio DNA que o BaianaSystem constr\u00f3i o show do Rock in Rio. Afrorock, cultura sound system, m\u00fasica orquestral, vozes afrossinf\u00f4nicas e diferentes deriva\u00e7\u00f5es da m\u00fasica popular brasileira se encontram com refer\u00eancias da cultura musical latino-americana, como a cumbia e a salsa. A presen\u00e7a da cantora Claudia Manzo, chilena radicada h\u00e1 14 anos no Brasil e a h\u00e1 quatro anos no BaianaSystem, refor\u00e7a ainda mais em cantos e versos combativos a conex\u00e3o com a cultura sul-americana.<\/p>\n<p class=\"wp-block-paragraph\">Esse retorno \u00e0s matrizes passa tamb\u00e9m pela oportunidade de estar presente e ocupar a Casa da Ponte, no Pelourinho, sede da Orquestra Afrosinf\u00f4nica do Maestro Ubiratan Marques, parceiro e integrante do BaianaSystem. O espa\u00e7o funciona como ambiente de experimenta\u00e7\u00e3o e cria\u00e7\u00e3o musical, onde o grupo desenvolve pesquisas e trabalhos como a trilha para uma das salas da exposi\u00e7\u00e3o \u201cO Brasil de Tarsila\u201d, de Tarsila do Amaral.<\/p>\n<p class=\"wp-block-paragraph\">O processo de pesquisa e revisita\u00e7\u00e3o das pr\u00f3prias matrizes ganha amplitude nas voltas que o BaianaSystem faz pelo Brasil com o show \u201cNossa Cultura em Primeiro Lugar\u201d, se aproximando de m\u00fasicos, mestres, manifesta\u00e7\u00f5es das culturas populares locais e criando encontros que alimentam sua pr\u00f3pria constru\u00e7\u00e3o art\u00edstica. E \u00e9 a partir dessas experi\u00eancias que o grupo molda os shows apresentados nos grandes festivais.<\/p>\n<p class=\"wp-block-paragraph\">No Rock in Rio, todo esse processo ganha uma express\u00e3o pr\u00f3pria. Com dire\u00e7\u00e3o de Alice Carvalho, Russo Passapusso e Filipe Cartaxo<strong>,<\/strong>\u00a0o show articula essas matrizes por meio de encontros que fazem parte das refer\u00eancias do BaianaSystem. Entre os convidados est\u00e3o Ant\u00f4nio Carlos &amp; Jocafi, mestres do samba e da m\u00fasica brasileira, e Ranking Joe, mestre da cultura sound system.<\/p>\n<p class=\"wp-block-paragraph\">Alice Carvalho tamb\u00e9m participa do show, entre voz e declama\u00e7\u00e3o. A forma\u00e7\u00e3o re\u00fane ainda As Afrossinf\u00f4nicas (vozes femininas da orquestra), tr\u00eas sopros femininos e a performance corporal do artista potiguara Ju\u00e3o Nyn, ampliando o conjunto de vozes que atravessa o espet\u00e1culo.<\/p>\n<p class=\"wp-block-paragraph\">O show no Rock in Rio tamb\u00e9m marca a estreia do triolim no palco do BaianaSystem. Criado por Dod\u00f4, um dos inventores do trio el\u00e9trico, o instrumento integra, ao lado da guitarra e da guitarra baiana, a forma\u00e7\u00e3o instrumental do trio el\u00e9trico. Com sonoridade pr\u00f3pria e de peso, chega ao palco como mais um elemento dessa matriz musical.<\/p>\n<p class=\"wp-block-paragraph\">\u00c9 dessa articula\u00e7\u00e3o entre mestres, culturas, vozes, instrumentos e territ\u00f3rios que o BaianaSystem apresenta no Rock in Rio a s\u00edntese desse ciclo de reelabora\u00e7\u00e3o constante de seu DNA musical e cultural.<\/p>\n<p class=\"wp-block-paragraph\"><em>Siga o Acorda Cidade no\u00a0<\/em><a href=\"https:\/\/news.google.com\/search?q=acorda%20cidade&amp;hl=pt-BR&amp;gl=BR&amp;ceid=BR%3Apt-419\"><strong><em>Google Not\u00edcias<\/em><\/strong><\/a><em>\u00a0e receba os principais destaques do dia. Participe tamb\u00e9m dos nossos canais no\u00a0<\/em><a href=\"https:\/\/www.whatsapp.com\/channel\/0029Va6Rb4v3WHTNnsh8WI3N\"><strong><em>WhatsApp<\/em><\/strong><\/a><em>\u00a0e\u00a0<\/em><a href=\"https:\/\/www.youtube.com\/@acordacidadenoticias\/videos\"><strong>YouTube<\/strong><\/a><em>\u00a0e do grupo no\u00a0<\/em><a href=\"https:\/\/t.me\/+sSz0khrgARA0ZmRh\"><strong><em>Telegram<\/em><\/strong><\/a><em>.<\/em><\/p>\n<\/div>\n","protected":false},"excerpt":{"rendered":"<p>Foto: Divulga\u00e7\u00e3o Neste domingo (5), o BaianaSystem apresenta, no palco Sunset do Rock in Rio,<\/p>\n","protected":false},"author":1,"featured_media":149047,"comment_status":"closed","ping_status":"closed","sticky":false,"template":"","format":"gallery","meta":{"footnotes":""},"categories":[8,9,6,57,56,10],"tags":[],"class_list":["post-149046","post","type-post","status-publish","format-gallery","has-post-thumbnail","hentry","category-bahia","category-brasil","category-feira-de-santana","category-mundo","category-policia","category-politica","post_format-post-format-gallery"],"featured_image_urls":{"full":["https:\/\/noticiasbahia360.com.br\/wp-content\/uploads\/2026\/09\/baianasystem-.jpg",1200,655,false],"thumbnail":["https:\/\/noticiasbahia360.com.br\/wp-content\/uploads\/2026\/09\/baianasystem--150x150.jpg",150,150,true],"medium":["https:\/\/noticiasbahia360.com.br\/wp-content\/uploads\/2026\/09\/baianasystem--300x164.jpg",300,164,true],"medium_large":["https:\/\/noticiasbahia360.com.br\/wp-content\/uploads\/2026\/09\/baianasystem--768x419.jpg",640,349,true],"large":["https:\/\/noticiasbahia360.com.br\/wp-content\/uploads\/2026\/09\/baianasystem--1024x559.jpg",640,349,true],"1536x1536":["https:\/\/noticiasbahia360.com.br\/wp-content\/uploads\/2026\/09\/baianasystem-.jpg",1200,655,false],"2048x2048":["https:\/\/noticiasbahia360.com.br\/wp-content\/uploads\/2026\/09\/baianasystem-.jpg",1200,655,false],"chromenews-featured":["https:\/\/noticiasbahia360.com.br\/wp-content\/uploads\/2026\/09\/baianasystem--1024x559.jpg",1024,559,true],"chromenews-large":["https:\/\/noticiasbahia360.com.br\/wp-content\/uploads\/2026\/09\/baianasystem--825x575.jpg",825,575,true],"chromenews-medium":["https:\/\/noticiasbahia360.com.br\/wp-content\/uploads\/2026\/09\/baianasystem--590x410.jpg",590,410,true]},"author_info":{"display_name":"noticiasbahia360.com.br","author_link":"https:\/\/noticiasbahia360.com.br\/?author=1"},"category_info":"<a href=\"https:\/\/noticiasbahia360.com.br\/?cat=8\" rel=\"category\">Bahia<\/a> <a href=\"https:\/\/noticiasbahia360.com.br\/?cat=9\" rel=\"category\">Brasil<\/a> <a href=\"https:\/\/noticiasbahia360.com.br\/?cat=6\" rel=\"category\">Feira de Santana<\/a> <a href=\"https:\/\/noticiasbahia360.com.br\/?cat=57\" rel=\"category\">Mundo<\/a> <a href=\"https:\/\/noticiasbahia360.com.br\/?cat=56\" rel=\"category\">Pol\u00edcia<\/a> <a href=\"https:\/\/noticiasbahia360.com.br\/?cat=10\" rel=\"category\">Pol\u00edtica<\/a>","tag_info":"Pol\u00edtica","comment_count":"0","_links":{"self":[{"href":"https:\/\/noticiasbahia360.com.br\/index.php?rest_route=\/wp\/v2\/posts\/149046","targetHints":{"allow":["GET"]}}],"collection":[{"href":"https:\/\/noticiasbahia360.com.br\/index.php?rest_route=\/wp\/v2\/posts"}],"about":[{"href":"https:\/\/noticiasbahia360.com.br\/index.php?rest_route=\/wp\/v2\/types\/post"}],"author":[{"embeddable":true,"href":"https:\/\/noticiasbahia360.com.br\/index.php?rest_route=\/wp\/v2\/users\/1"}],"replies":[{"embeddable":true,"href":"https:\/\/noticiasbahia360.com.br\/index.php?rest_route=%2Fwp%2Fv2%2Fcomments&post=149046"}],"version-history":[{"count":0,"href":"https:\/\/noticiasbahia360.com.br\/index.php?rest_route=\/wp\/v2\/posts\/149046\/revisions"}],"wp:featuredmedia":[{"embeddable":true,"href":"https:\/\/noticiasbahia360.com.br\/index.php?rest_route=\/wp\/v2\/media\/149047"}],"wp:attachment":[{"href":"https:\/\/noticiasbahia360.com.br\/index.php?rest_route=%2Fwp%2Fv2%2Fmedia&parent=149046"}],"wp:term":[{"taxonomy":"category","embeddable":true,"href":"https:\/\/noticiasbahia360.com.br\/index.php?rest_route=%2Fwp%2Fv2%2Fcategories&post=149046"},{"taxonomy":"post_tag","embeddable":true,"href":"https:\/\/noticiasbahia360.com.br\/index.php?rest_route=%2Fwp%2Fv2%2Ftags&post=149046"}],"curies":[{"name":"wp","href":"https:\/\/api.w.org\/{rel}","templated":true}]}}