{"id":149050,"date":"2026-09-06T09:03:18","date_gmt":"2026-09-06T12:03:18","guid":{"rendered":"https:\/\/noticiasbahia360.com.br\/?p=149050"},"modified":"2026-09-06T09:03:18","modified_gmt":"2026-09-06T12:03:18","slug":"adolescente-e-apreendido-apos-ser-flagrado-realizando-manobras-tipo-grau-no-distrito-da-matinha-em-feira-de-santana","status":"publish","type":"post","link":"https:\/\/noticiasbahia360.com.br\/?p=149050","title":{"rendered":"Adolescente \u00e9 apreendido ap\u00f3s ser flagrado realizando manobras tipo \u2018grau\u2019 no distrito da Matinha em Feira de Santana"},"content":{"rendered":"<div>\n<div>\n<figure><img decoding=\"async\" src=\"http:\/\/noticiasbahia360.com.br\/wp-content\/uploads\/2026\/09\/viatura-do-25o-BPM-foto-Ed-Santos-.jpg\" alt=\"viatura do 25\u00ba BPM foto Ed Santos\"><figcaption>Foto: Ed Santos \/ Acorda Cidade <\/figcaption><\/figure>\n<\/div>\n<p class=\"wp-block-paragraph\">Policiais militares do 25\u00ba BPM apreenderam neste s\u00e1bado (6) um adolescente ap\u00f3s flagr\u00e1-lo realizando manobras perigosas, mas conhecidas como \u2018grau\u2019 com uma motocicleta com equipamentos adulterados. A a\u00e7\u00e3o ocorreu por volta das 10h35, na Pra\u00e7a da Matinha, no Distrito da Matinha, zona rural de Feira de Santana.<\/p>\n<p class=\"wp-block-paragraph\">De acordo com a Pol\u00edcia Militar, uma guarni\u00e7\u00e3o do 25\u00ba BPM realizava policiamento na Pra\u00e7a de Matinha, quando visualizou o condutor em uma motocicleta modelo Pop da Honda, com as caracter\u00edsticas originais e escapamento adulterado.<\/p>\n<p class=\"wp-block-paragraph\">A guarni\u00e7\u00e3o iniciou o acompanhamento do suspeito, que realiza as manobras em via p\u00fablica, gerando risco \u00e0 seguran\u00e7a da popula\u00e7\u00e3o.<\/p>\n<p class=\"wp-block-paragraph\">Durante a abordagem, a pol\u00edcia verificou que a moto estava com a rabeta cortada, lanterna traseira quebrada, escapamento adulterado e sem retrovisores. O jovem tamb\u00e9m n\u00e3o apresentou documentos oficiais nem do ve\u00edculo. Em seguida, durante a consulta, constatou-se e tratar de um adolescente, e a moto pertencia ao av\u00f4 dele.<\/p>\n<p class=\"wp-block-paragraph\">O menor foi apreendido e conduzido \u00e0 Central de Flagrantes para ado\u00e7\u00e3o das medidas cab\u00edveis. A motocicleta foi encaminhada a um p\u00e1tio conveniado ao Detran (Departamento Nacional de Tr\u00e2nsito).<\/p>\n<p class=\"wp-block-paragraph\"><em>Com informa\u00e7\u00f5es do rep\u00f3rter Ed Santos, do Acorda Cidade.<\/em><\/p>\n<p class=\"wp-block-paragraph\"><em>Siga o Acorda Cidade no\u00a0<\/em><a href=\"https:\/\/news.google.com\/search?q=acorda%20cidade&amp;hl=pt-BR&amp;gl=BR&amp;ceid=BR%3Apt-419\"><strong><em>Google Not\u00edcias<\/em><\/strong><\/a><em>\u00a0e receba os principais destaques do dia. Participe tamb\u00e9m dos nossos canais no\u00a0<\/em><a href=\"https:\/\/www.whatsapp.com\/channel\/0029Va6Rb4v3WHTNnsh8WI3N\"><strong><em>WhatsApp<\/em><\/strong><\/a><em>\u00a0e\u00a0<\/em><a href=\"https:\/\/www.youtube.com\/@acordacidadenoticias\/videos\"><strong>YouTube<\/strong><\/a><em>\u00a0e do grupo no\u00a0<\/em><a href=\"https:\/\/t.me\/+sSz0khrgARA0ZmRh\"><strong><em>Telegram<\/em><\/strong><\/a><em>.<\/em><\/p>\n<\/div>\n","protected":false},"excerpt":{"rendered":"<p>Foto: Ed Santos \/ Acorda Cidade Policiais militares do 25\u00ba BPM apreenderam neste s\u00e1bado (6)<\/p>\n","protected":false},"author":1,"featured_media":149051,"comment_status":"closed","ping_status":"closed","sticky":false,"template":"","format":"gallery","meta":{"footnotes":""},"categories":[8,9,6,57,56,10],"tags":[],"class_list":["post-149050","post","type-post","status-publish","format-gallery","has-post-thumbnail","hentry","category-bahia","category-brasil","category-feira-de-santana","category-mundo","category-policia","category-politica","post_format-post-format-gallery"],"featured_image_urls":{"full":["https:\/\/noticiasbahia360.com.br\/wp-content\/uploads\/2026\/09\/viatura-do-25o-BPM-foto-Ed-Santos-.jpg",1200,881,false],"thumbnail":["https:\/\/noticiasbahia360.com.br\/wp-content\/uploads\/2026\/09\/viatura-do-25o-BPM-foto-Ed-Santos--150x150.jpg",150,150,true],"medium":["https:\/\/noticiasbahia360.com.br\/wp-content\/uploads\/2026\/09\/viatura-do-25o-BPM-foto-Ed-Santos--300x220.jpg",300,220,true],"medium_large":["https:\/\/noticiasbahia360.com.br\/wp-content\/uploads\/2026\/09\/viatura-do-25o-BPM-foto-Ed-Santos--768x564.jpg",640,470,true],"large":["https:\/\/noticiasbahia360.com.br\/wp-content\/uploads\/2026\/09\/viatura-do-25o-BPM-foto-Ed-Santos--1024x752.jpg",640,470,true],"1536x1536":["https:\/\/noticiasbahia360.com.br\/wp-content\/uploads\/2026\/09\/viatura-do-25o-BPM-foto-Ed-Santos-.jpg",1200,881,false],"2048x2048":["https:\/\/noticiasbahia360.com.br\/wp-content\/uploads\/2026\/09\/viatura-do-25o-BPM-foto-Ed-Santos-.jpg",1200,881,false],"chromenews-featured":["https:\/\/noticiasbahia360.com.br\/wp-content\/uploads\/2026\/09\/viatura-do-25o-BPM-foto-Ed-Santos--1024x752.jpg",1024,752,true],"chromenews-large":["https:\/\/noticiasbahia360.com.br\/wp-content\/uploads\/2026\/09\/viatura-do-25o-BPM-foto-Ed-Santos--825x575.jpg",825,575,true],"chromenews-medium":["https:\/\/noticiasbahia360.com.br\/wp-content\/uploads\/2026\/09\/viatura-do-25o-BPM-foto-Ed-Santos--590x410.jpg",590,410,true]},"author_info":{"display_name":"noticiasbahia360.com.br","author_link":"https:\/\/noticiasbahia360.com.br\/?author=1"},"category_info":"<a href=\"https:\/\/noticiasbahia360.com.br\/?cat=8\" rel=\"category\">Bahia<\/a> <a href=\"https:\/\/noticiasbahia360.com.br\/?cat=9\" rel=\"category\">Brasil<\/a> <a href=\"https:\/\/noticiasbahia360.com.br\/?cat=6\" rel=\"category\">Feira de Santana<\/a> <a href=\"https:\/\/noticiasbahia360.com.br\/?cat=57\" rel=\"category\">Mundo<\/a> <a href=\"https:\/\/noticiasbahia360.com.br\/?cat=56\" rel=\"category\">Pol\u00edcia<\/a> <a href=\"https:\/\/noticiasbahia360.com.br\/?cat=10\" rel=\"category\">Pol\u00edtica<\/a>","tag_info":"Pol\u00edtica","comment_count":"0","_links":{"self":[{"href":"https:\/\/noticiasbahia360.com.br\/index.php?rest_route=\/wp\/v2\/posts\/149050","targetHints":{"allow":["GET"]}}],"collection":[{"href":"https:\/\/noticiasbahia360.com.br\/index.php?rest_route=\/wp\/v2\/posts"}],"about":[{"href":"https:\/\/noticiasbahia360.com.br\/index.php?rest_route=\/wp\/v2\/types\/post"}],"author":[{"embeddable":true,"href":"https:\/\/noticiasbahia360.com.br\/index.php?rest_route=\/wp\/v2\/users\/1"}],"replies":[{"embeddable":true,"href":"https:\/\/noticiasbahia360.com.br\/index.php?rest_route=%2Fwp%2Fv2%2Fcomments&post=149050"}],"version-history":[{"count":0,"href":"https:\/\/noticiasbahia360.com.br\/index.php?rest_route=\/wp\/v2\/posts\/149050\/revisions"}],"wp:featuredmedia":[{"embeddable":true,"href":"https:\/\/noticiasbahia360.com.br\/index.php?rest_route=\/wp\/v2\/media\/149051"}],"wp:attachment":[{"href":"https:\/\/noticiasbahia360.com.br\/index.php?rest_route=%2Fwp%2Fv2%2Fmedia&parent=149050"}],"wp:term":[{"taxonomy":"category","embeddable":true,"href":"https:\/\/noticiasbahia360.com.br\/index.php?rest_route=%2Fwp%2Fv2%2Fcategories&post=149050"},{"taxonomy":"post_tag","embeddable":true,"href":"https:\/\/noticiasbahia360.com.br\/index.php?rest_route=%2Fwp%2Fv2%2Ftags&post=149050"}],"curies":[{"name":"wp","href":"https:\/\/api.w.org\/{rel}","templated":true}]}}