{"id":149052,"date":"2026-09-06T10:04:54","date_gmt":"2026-09-06T13:04:54","guid":{"rendered":"https:\/\/noticiasbahia360.com.br\/?p=149052"},"modified":"2026-09-06T10:04:54","modified_gmt":"2026-09-06T13:04:54","slug":"cachoeira-e-destaque-entre-sete-destinos-brasileiros-que-tem-ares-de-europa","status":"publish","type":"post","link":"https:\/\/noticiasbahia360.com.br\/?p=149052","title":{"rendered":"Cachoeira \u00e9 destaque entre sete destinos brasileiros que t\u00eam ares de Europa"},"content":{"rendered":"<div>\n<div>\n<figure><img decoding=\"async\" src=\"http:\/\/noticiasbahia360.com.br\/wp-content\/uploads\/2026\/09\/cachoeira-bahia.jpg\" alt=\"Cachoeira \u00e9 destaque entre sete destinos brasileiros que t\u00eam ares de Europa\"><figcaption>Cachoeira, BA (Foto: Gleidson Santos)<\/figcaption><\/figure>\n<\/div>\n<p class=\"wp-block-paragraph\">De acordo com dados da\u00a0Omio, principal plataforma de viagens multimodais, em julho, a It\u00e1lia liderou a lista dos 10 pa\u00edses com mais reservas pelos brasileiros, seguida pela Espanha e pela Fran\u00e7a, mostrando como est\u00e3o cada vez mais buscando destinos internacionais para suas pr\u00f3ximas viagens. Mas o que poucas pessoas sabem \u00e9 que \u00e9 poss\u00edvel ter experi\u00eancias semelhantes sem sair do pa\u00eds.\u00a0<\/p>\n<p class=\"wp-block-paragraph\">Para aqueles que desejam conhecer novos lugares sem os custos ou a log\u00edstica de uma viagem internacional, o Brasil oferece diversos destinos que trazem um gostinho da Europa para mais perto de casa, com um toque brasileiro que s\u00f3 \u00e9 poss\u00edvel encontrar por aqui. De cidades serranas a vilarejos charmosos, esses destinos combinam paisagens deslumbrantes, gastronomia regional e experi\u00eancias \u00fanicas que podem ser facilmente exploradas de <a href=\"https:\/\/www.acordacidade.com.br\/tag\/onibus-2\/\" data-type=\"post_tag\" data-id=\"9174\">\u00f4nibus<\/a>.<\/p>\n<p class=\"wp-block-paragraph\"><em>\u201cO Brasil \u00e9 um pa\u00eds extremamente diverso e culturalmente rico, moldado, em parte, pelos muitos imigrantes, incluindo europeus, que vieram para c\u00e1 e contribu\u00edram para nossas tradi\u00e7\u00f5es e nosso modo de vida. Os destinos recomendados refletem como essas influ\u00eancias culturais se tornaram parte da identidade \u00fanica do Brasil\u201d<\/em>, afirmou Vitor Lalor, Diretor Geral da Omio Brasil.<\/p>\n<h2 id=\"h-1-serra-negra-sao-paulo\" class=\"wp-block-heading\">1 \u2013 Serra Negra, S\u00e3o Paulo<\/h2>\n<p class=\"wp-block-paragraph\">Serra Negra combina o charme de uma cidade serrana com um toque italiano inesperado: uma r\u00e9plica da famosa Fontana di Trevi, de Roma. A cidade \u00e9 cercada pela natureza e oferece caf\u00e9s aconchegantes, al\u00e9m de uma ampla variedade de lojas de roupas locais com bons pre\u00e7os, sendo uma boa op\u00e7\u00e3o para comprar roupas para toda a fam\u00edlia. As passagens com sa\u00edda do Terminal Rodovi\u00e1rio do Tiet\u00ea custam a partir de R$ 92.<\/p>\n<figure class=\"wp-block-image size-full\"><img fetchpriority=\"high\" decoding=\"async\" width=\"1200\" height=\"629\" src=\"http:\/\/noticiasbahia360.com.br\/wp-content\/uploads\/2026\/09\/serra-preta-sao-paulo.jpg\" alt=\"Cachoeira \u00e9 destaque entre sete destinos brasileiros que t\u00eam ares de Europa\" class=\"wp-image-688100\" srcset=\"http:\/\/noticiasbahia360.com.br\/wp-content\/uploads\/2026\/09\/serra-preta-sao-paulo.jpg 1200w, https:\/\/uploads.acordacidade.com.br\/2026\/09\/serra-preta-sao-paulo-750x393.jpg 750w, https:\/\/uploads.acordacidade.com.br\/2026\/09\/serra-preta-sao-paulo-1000x524.jpg 1000w, https:\/\/uploads.acordacidade.com.br\/2026\/09\/serra-preta-sao-paulo-450x236.jpg 450w, https:\/\/uploads.acordacidade.com.br\/2026\/09\/serra-preta-sao-paulo-150x79.jpg 150w\" sizes=\"(max-width: 1200px) 100vw, 1200px\"><figcaption class=\"wp-element-caption\">Serra Negra, SP (Foto: Aline Martins)<\/figcaption><\/figure>\n<h2 id=\"h-2-campos-do-jordao-sao-paulo\" class=\"wp-block-heading\">2 \u2013 Campos do Jord\u00e3o, S\u00e3o Paulo<\/h2>\n<p class=\"wp-block-paragraph\">Localizada a cerca de 170 km de S\u00e3o Paulo, Campos do Jord\u00e3o \u00e9 conhecida pelo clima mais ameno e pela arquitetura de inspira\u00e7\u00e3o europeia, tudo isso em meio a uma atmosfera aconchegante e repleta de chocolate. Os visitantes podem aproveitar restaurantes de fondue, lojas de chocolate e as belas paisagens da Serra da Mantiqueira, tornando o destino uma op\u00e7\u00e3o popular para um fim de semana rom\u00e2ntico ou uma viagem de inverno. As passagens com sa\u00edda do Terminal Rodovi\u00e1rio do Tiet\u00ea custam a partir de R$ 91.<\/p>\n<figure class=\"wp-block-image size-full\"><img decoding=\"async\" width=\"1200\" height=\"600\" src=\"http:\/\/noticiasbahia360.com.br\/wp-content\/uploads\/2026\/09\/campos-do-jordao-sao-paulo.jpg\" alt=\"Cachoeira \u00e9 destaque entre sete destinos brasileiros que t\u00eam ares de Europa\" class=\"wp-image-688105\" srcset=\"http:\/\/noticiasbahia360.com.br\/wp-content\/uploads\/2026\/09\/campos-do-jordao-sao-paulo.jpg 1200w, https:\/\/uploads.acordacidade.com.br\/2026\/09\/campos-do-jordao-sao-paulo-750x375.jpg 750w, https:\/\/uploads.acordacidade.com.br\/2026\/09\/campos-do-jordao-sao-paulo-1000x500.jpg 1000w, https:\/\/uploads.acordacidade.com.br\/2026\/09\/campos-do-jordao-sao-paulo-450x225.jpg 450w, https:\/\/uploads.acordacidade.com.br\/2026\/09\/campos-do-jordao-sao-paulo-150x75.jpg 150w\" sizes=\"(max-width: 1200px) 100vw, 1200px\"><figcaption class=\"wp-element-caption\">Campos do Jord\u00e3o, SP (Foto: Luiz Felipe Rodrigues)<\/figcaption><\/figure>\n<h2 id=\"h-3-canela-rio-grande-do-sul\" class=\"wp-block-heading\">3 \u2013 Canela, Rio Grande do Sul<\/h2>\n<p class=\"wp-block-paragraph\">Tamb\u00e9m conhecida pela arquitetura de inspira\u00e7\u00e3o alem\u00e3 e pelas paisagens serranas, Canela \u00e9 uma boa op\u00e7\u00e3o para quem visita a capital do Rio Grande do Sul, Porto Alegre. A cidade fica a 110 km de dist\u00e2ncia e pode ser acessada de \u00f4nibus, com passagens a partir de R$ 67 saindo de Porto Alegre. Diferentemente de Gramado, Canela tem uma atmosfera mais interiorana e tranquila, com destaque para seus parques naturais.<\/p>\n<figure class=\"wp-block-image size-full\"><img decoding=\"async\" width=\"1200\" height=\"800\" src=\"http:\/\/noticiasbahia360.com.br\/wp-content\/uploads\/2026\/09\/canela-rio-grande-do-sul.jpg\" alt=\"Cachoeira \u00e9 destaque entre sete destinos brasileiros que t\u00eam ares de Europa\" class=\"wp-image-688106\" srcset=\"http:\/\/noticiasbahia360.com.br\/wp-content\/uploads\/2026\/09\/canela-rio-grande-do-sul.jpg 1200w, https:\/\/uploads.acordacidade.com.br\/2026\/09\/canela-rio-grande-do-sul-750x500.jpg 750w, https:\/\/uploads.acordacidade.com.br\/2026\/09\/canela-rio-grande-do-sul-1000x667.jpg 1000w, https:\/\/uploads.acordacidade.com.br\/2026\/09\/canela-rio-grande-do-sul-450x300.jpg 450w, https:\/\/uploads.acordacidade.com.br\/2026\/09\/canela-rio-grande-do-sul-150x100.jpg 150w\" sizes=\"(max-width: 1200px) 100vw, 1200px\"><figcaption class=\"wp-element-caption\">Canela, RS (Foto: FG Trade)<\/figcaption><\/figure>\n<h2 id=\"h-4-gramado-rio-grande-do-sul\" class=\"wp-block-heading\">4 \u2013 Gramado, Rio Grande do Sul<\/h2>\n<p class=\"wp-block-paragraph\">Tamb\u00e9m no Sul, Gramado \u00e9 famosa por sua arquitetura de inspira\u00e7\u00e3o europeia, lojas de chocolates, restaurantes de fondue e clima mais ameno. A cidade tamb\u00e9m fica pr\u00f3xima a Canela, possibilitando combinar os dois destinos em uma mesma viagem. As celebra\u00e7\u00f5es de Natal e a atmosfera de inverno s\u00e3o especialmente populares entre os viajantes que buscam uma experi\u00eancia ao estilo europeu, com passagens a\u00e9reas a partir de R$ 2.475 saindo de S\u00e3o Paulo.<\/p>\n<figure class=\"wp-block-image size-full\"><img loading=\"lazy\" decoding=\"async\" width=\"1200\" height=\"800\" src=\"http:\/\/noticiasbahia360.com.br\/wp-content\/uploads\/2026\/09\/gramado-rio-grande-do-sul.jpg\" alt=\"Cachoeira \u00e9 destaque entre sete destinos brasileiros que t\u00eam ares de Europa\" class=\"wp-image-688110\" srcset=\"http:\/\/noticiasbahia360.com.br\/wp-content\/uploads\/2026\/09\/gramado-rio-grande-do-sul.jpg 1200w, https:\/\/uploads.acordacidade.com.br\/2026\/09\/gramado-rio-grande-do-sul-750x500.jpg 750w, https:\/\/uploads.acordacidade.com.br\/2026\/09\/gramado-rio-grande-do-sul-1000x667.jpg 1000w, https:\/\/uploads.acordacidade.com.br\/2026\/09\/gramado-rio-grande-do-sul-450x300.jpg 450w, https:\/\/uploads.acordacidade.com.br\/2026\/09\/gramado-rio-grande-do-sul-150x100.jpg 150w\" sizes=\"(max-width: 1200px) 100vw, 1200px\"><figcaption class=\"wp-element-caption\">Gramado, RS (Foto: Ricardo Kirinus)<\/figcaption><\/figure>\n<h2 id=\"h-5-garibaldi-rio-grande-do-sul\" class=\"wp-block-heading\">5 \u2013 Garibaldi, Rio Grande do Sul<\/h2>\n<p class=\"wp-block-paragraph\">Garibaldi est\u00e1 localizada a cerca de 110 km de Porto Alegre e se destaca por sua forte heran\u00e7a italiana, excelente gastronomia e experi\u00eancias de enoturismo, especialmente relacionadas \u00e0 produ\u00e7\u00e3o de espumantes, oferecendo aos visitantes um gostinho da It\u00e1lia no Sul do Brasil. As passagens de \u00f4nibus saindo de Porto Alegre custam a partir de R$ 60.<\/p>\n<figure class=\"wp-block-image size-full\"><img loading=\"lazy\" decoding=\"async\" width=\"1200\" height=\"893\" src=\"http:\/\/noticiasbahia360.com.br\/wp-content\/uploads\/2026\/09\/garibaldi-rio-grande-do-sul.jpg\" alt=\"Cachoeira \u00e9 destaque entre sete destinos brasileiros que t\u00eam ares de Europa\" class=\"wp-image-688113\" srcset=\"http:\/\/noticiasbahia360.com.br\/wp-content\/uploads\/2026\/09\/garibaldi-rio-grande-do-sul.jpg 1200w, https:\/\/uploads.acordacidade.com.br\/2026\/09\/garibaldi-rio-grande-do-sul-750x558.jpg 750w, https:\/\/uploads.acordacidade.com.br\/2026\/09\/garibaldi-rio-grande-do-sul-1000x744.jpg 1000w, https:\/\/uploads.acordacidade.com.br\/2026\/09\/garibaldi-rio-grande-do-sul-450x335.jpg 450w, https:\/\/uploads.acordacidade.com.br\/2026\/09\/garibaldi-rio-grande-do-sul-150x112.jpg 150w\" sizes=\"(max-width: 1200px) 100vw, 1200px\"><figcaption class=\"wp-element-caption\">Garibaldi, RS (Foto: Samuel Cereja)<\/figcaption><\/figure>\n<h2 id=\"h-6-blumenau-santa-catarina\" class=\"wp-block-heading\">6 \u2013 Blumenau, Santa Catarina<\/h2>\n<p class=\"wp-block-paragraph\">Tamb\u00e9m famosa por sua arquitetura alem\u00e3, cultura cervejeira e pelo Oktoberfest, Blumenau \u00e9 um dos destinos mais conhecidos do Brasil por sua heran\u00e7a germ\u00e2nica. Localizada no Vale do Itaja\u00ed, sua atmosfera e tradi\u00e7\u00f5es fazem da cidade uma escolha f\u00e1cil para viajantes que buscam um gostinho da Alemanha sem sair do Brasil, com passagens de \u00f4nibus a partir de R$ 167 e passagens a\u00e9reas a partir de R$ 2.171, saindo de S\u00e3o Paulo.<\/p>\n<figure class=\"wp-block-image size-full\"><img loading=\"lazy\" decoding=\"async\" width=\"1200\" height=\"1681\" src=\"http:\/\/noticiasbahia360.com.br\/wp-content\/uploads\/2026\/09\/blumenau-santa-catarina.jpg\" alt=\"Cachoeira \u00e9 destaque entre sete destinos brasileiros que t\u00eam ares de Europa\" class=\"wp-image-688115\" srcset=\"http:\/\/noticiasbahia360.com.br\/wp-content\/uploads\/2026\/09\/blumenau-santa-catarina.jpg 1200w, https:\/\/uploads.acordacidade.com.br\/2026\/09\/blumenau-santa-catarina-750x1051.jpg 750w, https:\/\/uploads.acordacidade.com.br\/2026\/09\/blumenau-santa-catarina-1000x1401.jpg 1000w, https:\/\/uploads.acordacidade.com.br\/2026\/09\/blumenau-santa-catarina-1096x1536.jpg 1096w, https:\/\/uploads.acordacidade.com.br\/2026\/09\/blumenau-santa-catarina-450x630.jpg 450w, https:\/\/uploads.acordacidade.com.br\/2026\/09\/blumenau-santa-catarina-150x210.jpg 150w\" sizes=\"(max-width: 1200px) 100vw, 1200px\"><figcaption class=\"wp-element-caption\">Blumenau, SC (Foto: Janilson Furtado)<\/figcaption><\/figure>\n<h2 id=\"h-7-cachoeira-bahia\" class=\"wp-block-heading\">7 \u2013 Cachoeira, Bahia<\/h2>\n<p class=\"wp-block-paragraph\">Um pouco mais ao norte, na regi\u00e3o Nordeste do pa\u00eds, est\u00e1 Cachoeira, uma cidade hist\u00f3rica da Bahia conhecida por sua arquitetura colonial preservada e forte heran\u00e7a portuguesa. O destino abriga constru\u00e7\u00f5es coloniais coloridas, igrejas hist\u00f3ricas e uma gastronomia tradicional, com passagens de \u00f4nibus a partir de R$ 43 saindo de Salvador.<\/p>\n<figure class=\"wp-block-image size-full\"><img loading=\"lazy\" decoding=\"async\" width=\"1200\" height=\"798\" src=\"http:\/\/noticiasbahia360.com.br\/wp-content\/uploads\/2026\/09\/cachoeira-bahia.jpg\" alt=\"Cachoeira \u00e9 destaque entre sete destinos brasileiros que t\u00eam ares de Europa\" class=\"wp-image-688117\" srcset=\"http:\/\/noticiasbahia360.com.br\/wp-content\/uploads\/2026\/09\/cachoeira-bahia.jpg 1200w, https:\/\/uploads.acordacidade.com.br\/2026\/09\/cachoeira-bahia-750x499.jpg 750w, https:\/\/uploads.acordacidade.com.br\/2026\/09\/cachoeira-bahia-1000x665.jpg 1000w, https:\/\/uploads.acordacidade.com.br\/2026\/09\/cachoeira-bahia-450x299.jpg 450w, https:\/\/uploads.acordacidade.com.br\/2026\/09\/cachoeira-bahia-150x100.jpg 150w\" sizes=\"(max-width: 1200px) 100vw, 1200px\"><figcaption class=\"wp-element-caption\">Cachoeira, BA (Foto: Gleidson Santos)<\/figcaption><\/figure>\n<p class=\"wp-block-paragraph\"><em>Siga o Acorda Cidade no\u00a0<\/em><a href=\"https:\/\/news.google.com\/search?q=acorda%20cidade&amp;hl=pt-BR&amp;gl=BR&amp;ceid=BR%3Apt-419\"><strong><em>Google Not\u00edcias<\/em><\/strong><\/a><em>\u00a0e receba os principais destaques do dia. Participe tamb\u00e9m dos nossos canais no\u00a0<\/em><a href=\"https:\/\/whatsapp.com\/channel\/0029Va6Rb4v3WHTNnsh8WI3N\"><strong><em>WhatsApp<\/em><\/strong><\/a><em>\u00a0e\u00a0<\/em><a href=\"https:\/\/www.youtube.com\/@acordacidadenoticias\/videos\"><strong>YouTube<\/strong><\/a><em>\u00a0e do grupo no\u00a0<\/em><a href=\"https:\/\/t.me\/+sSz0khrgARA0ZmRh\"><strong><em>Telegram<\/em><\/strong><\/a><em>.<\/em><\/p>\n<\/div>\n","protected":false},"excerpt":{"rendered":"<p>Cachoeira, BA (Foto: Gleidson Santos) De acordo com dados da\u00a0Omio, principal plataforma de viagens multimodais,<\/p>\n","protected":false},"author":1,"featured_media":149053,"comment_status":"closed","ping_status":"closed","sticky":false,"template":"","format":"gallery","meta":{"footnotes":""},"categories":[8,9,6,57,56,10],"tags":[],"class_list":["post-149052","post","type-post","status-publish","format-gallery","has-post-thumbnail","hentry","category-bahia","category-brasil","category-feira-de-santana","category-mundo","category-policia","category-politica","post_format-post-format-gallery"],"featured_image_urls":{"full":["https:\/\/noticiasbahia360.com.br\/wp-content\/uploads\/2026\/09\/cachoeira-bahia.jpg",1200,798,false],"thumbnail":["https:\/\/noticiasbahia360.com.br\/wp-content\/uploads\/2026\/09\/cachoeira-bahia-150x150.jpg",150,150,true],"medium":["https:\/\/noticiasbahia360.com.br\/wp-content\/uploads\/2026\/09\/cachoeira-bahia-300x200.jpg",300,200,true],"medium_large":["https:\/\/noticiasbahia360.com.br\/wp-content\/uploads\/2026\/09\/cachoeira-bahia-768x511.jpg",640,426,true],"large":["https:\/\/noticiasbahia360.com.br\/wp-content\/uploads\/2026\/09\/cachoeira-bahia-1024x681.jpg",640,426,true],"1536x1536":["https:\/\/noticiasbahia360.com.br\/wp-content\/uploads\/2026\/09\/cachoeira-bahia.jpg",1200,798,false],"2048x2048":["https:\/\/noticiasbahia360.com.br\/wp-content\/uploads\/2026\/09\/cachoeira-bahia.jpg",1200,798,false],"chromenews-featured":["https:\/\/noticiasbahia360.com.br\/wp-content\/uploads\/2026\/09\/cachoeira-bahia-1024x681.jpg",1024,681,true],"chromenews-large":["https:\/\/noticiasbahia360.com.br\/wp-content\/uploads\/2026\/09\/cachoeira-bahia-825x575.jpg",825,575,true],"chromenews-medium":["https:\/\/noticiasbahia360.com.br\/wp-content\/uploads\/2026\/09\/cachoeira-bahia-590x410.jpg",590,410,true]},"author_info":{"display_name":"noticiasbahia360.com.br","author_link":"https:\/\/noticiasbahia360.com.br\/?author=1"},"category_info":"<a href=\"https:\/\/noticiasbahia360.com.br\/?cat=8\" rel=\"category\">Bahia<\/a> <a href=\"https:\/\/noticiasbahia360.com.br\/?cat=9\" rel=\"category\">Brasil<\/a> <a href=\"https:\/\/noticiasbahia360.com.br\/?cat=6\" rel=\"category\">Feira de Santana<\/a> <a href=\"https:\/\/noticiasbahia360.com.br\/?cat=57\" rel=\"category\">Mundo<\/a> <a href=\"https:\/\/noticiasbahia360.com.br\/?cat=56\" rel=\"category\">Pol\u00edcia<\/a> <a href=\"https:\/\/noticiasbahia360.com.br\/?cat=10\" rel=\"category\">Pol\u00edtica<\/a>","tag_info":"Pol\u00edtica","comment_count":"0","_links":{"self":[{"href":"https:\/\/noticiasbahia360.com.br\/index.php?rest_route=\/wp\/v2\/posts\/149052","targetHints":{"allow":["GET"]}}],"collection":[{"href":"https:\/\/noticiasbahia360.com.br\/index.php?rest_route=\/wp\/v2\/posts"}],"about":[{"href":"https:\/\/noticiasbahia360.com.br\/index.php?rest_route=\/wp\/v2\/types\/post"}],"author":[{"embeddable":true,"href":"https:\/\/noticiasbahia360.com.br\/index.php?rest_route=\/wp\/v2\/users\/1"}],"replies":[{"embeddable":true,"href":"https:\/\/noticiasbahia360.com.br\/index.php?rest_route=%2Fwp%2Fv2%2Fcomments&post=149052"}],"version-history":[{"count":0,"href":"https:\/\/noticiasbahia360.com.br\/index.php?rest_route=\/wp\/v2\/posts\/149052\/revisions"}],"wp:featuredmedia":[{"embeddable":true,"href":"https:\/\/noticiasbahia360.com.br\/index.php?rest_route=\/wp\/v2\/media\/149053"}],"wp:attachment":[{"href":"https:\/\/noticiasbahia360.com.br\/index.php?rest_route=%2Fwp%2Fv2%2Fmedia&parent=149052"}],"wp:term":[{"taxonomy":"category","embeddable":true,"href":"https:\/\/noticiasbahia360.com.br\/index.php?rest_route=%2Fwp%2Fv2%2Fcategories&post=149052"},{"taxonomy":"post_tag","embeddable":true,"href":"https:\/\/noticiasbahia360.com.br\/index.php?rest_route=%2Fwp%2Fv2%2Ftags&post=149052"}],"curies":[{"name":"wp","href":"https:\/\/api.w.org\/{rel}","templated":true}]}}