{"id":149060,"date":"2026-09-06T10:04:58","date_gmt":"2026-09-06T13:04:58","guid":{"rendered":"https:\/\/noticiasbahia360.com.br\/?p=149060"},"modified":"2026-09-06T10:04:58","modified_gmt":"2026-09-06T13:04:58","slug":"bahia-cria-nova-area-de-protecao-ambiental-com-18-mil-hectares-na-chapada-diamantina","status":"publish","type":"post","link":"https:\/\/noticiasbahia360.com.br\/?p=149060","title":{"rendered":"Bahia cria nova \u00e1rea de prote\u00e7\u00e3o ambiental com 18 mil hectares na Chapada Diamantina"},"content":{"rendered":"<div>\n<div>\n<figure><img decoding=\"async\" src=\"http:\/\/noticiasbahia360.com.br\/wp-content\/uploads\/2026\/09\/chapada-diamantina-govba.jpg\" alt=\"Bahia cria nova \u00e1rea de prote\u00e7\u00e3o ambiental com 18 mil hectares na Chapada Diamantina\"><figcaption>Foto: Ascom\/Inema<\/figcaption><\/figure>\n<\/div>\n<p class=\"wp-block-paragraph\">A Serra da Chapadinha, localizada na parte sul da Chapada Diamantina, passa a contar com uma nova \u00e1rea protegida. O Ref\u00fagio de Vida Silvestre (Revis) Serra da Chapadinha foi criado nesta ter\u00e7a-feira (1\u00ba), por meio do Decreto n\u00ba 24.778, publicado no Di\u00e1rio Oficial do Estado (DOE), com aproximadamente 18,3 mil hectares distribu\u00eddos entre os munic\u00edpios de Itaet\u00ea, Ibicoara, Mucug\u00ea e Iramaia.<\/p>\n<p class=\"wp-block-paragraph\">A nova Unidade de Conserva\u00e7\u00e3o (UC) da Bahia foi criada para proteger ambientes naturais associados \u00e0 serra, incluindo \u00e1reas de vegeta\u00e7\u00e3o nativa, esp\u00e9cies da fauna e da flora, nascentes e outros recursos h\u00eddricos. Entre os objetivos tamb\u00e9m est\u00e3o a conserva\u00e7\u00e3o da paisagem e do patrim\u00f4nio hist\u00f3rico e ambiental da regi\u00e3o, al\u00e9m da manuten\u00e7\u00e3o da conectividade entre remanescentes de vegeta\u00e7\u00e3o nativa e outras \u00e1reas protegidas.<\/p>\n<figure class=\"wp-block-image size-full\"><img fetchpriority=\"high\" fetchpriority=\"high\" decoding=\"async\" width=\"1200\" height=\"800\" src=\"http:\/\/noticiasbahia360.com.br\/wp-content\/uploads\/2026\/09\/chapada-diamantina-ascom-inema.jpg\" alt=\"Bahia cria nova \u00e1rea de prote\u00e7\u00e3o ambiental com 18 mil hectares na Chapada Diamantina\" class=\"wp-image-687768\" srcset=\"http:\/\/noticiasbahia360.com.br\/wp-content\/uploads\/2026\/09\/chapada-diamantina-ascom-inema.jpg 1200w, https:\/\/uploads.acordacidade.com.br\/2026\/09\/chapada-diamantina-ascom-inema-750x500.jpg 750w, https:\/\/uploads.acordacidade.com.br\/2026\/09\/chapada-diamantina-ascom-inema-1000x667.jpg 1000w, https:\/\/uploads.acordacidade.com.br\/2026\/09\/chapada-diamantina-ascom-inema-450x300.jpg 450w, https:\/\/uploads.acordacidade.com.br\/2026\/09\/chapada-diamantina-ascom-inema-150x100.jpg 150w\" sizes=\"(max-width: 1200px) 100vw, 1200px\"><figcaption class=\"wp-element-caption\">Foto: Ascom\/Inema<\/figcaption><\/figure>\n<p class=\"wp-block-paragraph\">A cria\u00e7\u00e3o do Revis resulta de uma demanda apresentada pela sociedade civil e posteriormente encaminhada ao Estado pelo Minist\u00e9rio do Meio Ambiente e Mudan\u00e7a do Clima (MMA). A proposta foi constru\u00edda a partir de estudos t\u00e9cnicos, visitas de campo, reuni\u00f5es com institui\u00e7\u00f5es p\u00fablicas e participa\u00e7\u00e3o de organiza\u00e7\u00f5es da sociedade civil e representantes do territ\u00f3rio.<\/p>\n<p class=\"wp-block-paragraph\">Um dos aspectos considerados no processo foi a import\u00e2ncia da Serra da Chapadinha para os recursos h\u00eddricos. A regi\u00e3o re\u00fane nascentes e \u00e1reas de recarga associadas ao Rio Una, que contribuem para a manuten\u00e7\u00e3o dos aqu\u00edferos, das vaz\u00f5es e da qualidade da \u00e1gua. Os estudos tamb\u00e9m identificaram esp\u00e9cies amea\u00e7adas e end\u00eamicas e ambientes de relev\u00e2ncia ecol\u00f3gica.<\/p>\n<p class=\"wp-block-paragraph\">A defini\u00e7\u00e3o da \u00e1rea passou por consulta p\u00fablica no m\u00eas de junho deste ano, que recebeu 299 contribui\u00e7\u00f5es. As manifesta\u00e7\u00f5es foram analisadas durante a consolida\u00e7\u00e3o da proposta, resultando na poligonal final da unidade, que incorporou tamb\u00e9m uma pequena parcela do munic\u00edpio de Iramaia.<\/p>\n<p class=\"wp-block-paragraph\">A categoria Ref\u00fagio de Vida Silvestre permite a perman\u00eancia de propriedades particulares e de atividades existentes que sejam compat\u00edveis com os objetivos da unidade de conserva\u00e7\u00e3o. O decreto tamb\u00e9m resguarda os usos regularmente existentes em assentamentos de reforma agr\u00e1ria, desde que observadas a legisla\u00e7\u00e3o ambiental e as regras da unidade.<\/p>\n<p class=\"wp-block-paragraph\">Entre as atividades que poder\u00e3o ser realizadas est\u00e3o visita\u00e7\u00e3o p\u00fablica, educa\u00e7\u00e3o ambiental, pesquisa cient\u00edfica, a\u00e7\u00f5es de prote\u00e7\u00e3o e fiscaliza\u00e7\u00e3o, preven\u00e7\u00e3o e combate a inc\u00eandios, recupera\u00e7\u00e3o de \u00e1reas degradadas e monitoramento ambiental, sempre de acordo com as normas estabelecidas pelo \u00f3rg\u00e3o gestor.<\/p>\n<p class=\"wp-block-paragraph\">A cria\u00e7\u00e3o da unidade tamb\u00e9m estabelece restri\u00e7\u00f5es. Ficam proibidas atividades incompat\u00edveis com seus objetivos, como minera\u00e7\u00e3o. Considerando a import\u00e2ncia de proteger esp\u00e9cies como o Guig\u00f3-da-Caatinga (Callicebus barbarabrownae) tamb\u00e9m ficam proibidas ca\u00e7a, captura, coleta, persegui\u00e7\u00e3o ou perturba\u00e7\u00e3o da fauna, salvo a\u00e7\u00f5es autorizadas para manejo, pesquisa ou controle. A introdu\u00e7\u00e3o de esp\u00e9cies ex\u00f3ticas invasoras e atividades incompat\u00edveis com a conserva\u00e7\u00e3o tamb\u00e9m est\u00e3o vedadas.<\/p>\n<p class=\"wp-block-paragraph\">A gest\u00e3o do Ref\u00fagio ficar\u00e1 sob responsabilidade do Instituto do Meio Ambiente e Recursos H\u00eddricos (Inema). O decreto prev\u00ea ainda a forma\u00e7\u00e3o de um Conselho Consultivo com representantes de segmentos relacionados ao territ\u00f3rio.<\/p>\n<p class=\"wp-block-paragraph\">A pr\u00f3xima etapa ser\u00e1 a elabora\u00e7\u00e3o do Plano de Manejo, instrumento que definir\u00e1 as regras de gest\u00e3o e os usos compat\u00edveis com a conserva\u00e7\u00e3o da \u00e1rea. O prazo estabelecido para elabora\u00e7\u00e3o e aprova\u00e7\u00e3o do <a href=\"https:\/\/www.acordacidade.com.br\/tag\/documentos\/\" data-type=\"post_tag\" data-id=\"37953\">documento<\/a> \u00e9 de at\u00e9 cinco anos. At\u00e9 l\u00e1, ficam vedadas atividades que possam comprometer os objetivos que levaram \u00e0 cria\u00e7\u00e3o da Unidade de Conserva\u00e7\u00e3o.<\/p>\n<p class=\"wp-block-paragraph\"><em>Siga o Acorda Cidade no\u00a0<\/em><a href=\"https:\/\/news.google.com\/search?q=acorda%20cidade&amp;hl=pt-BR&amp;gl=BR&amp;ceid=BR%3Apt-419\"><strong><em>Google Not\u00edcias<\/em><\/strong><\/a><em>\u00a0e receba os principais destaques do dia. Participe tamb\u00e9m dos nossos canais no\u00a0<\/em><a href=\"https:\/\/www.whatsapp.com\/channel\/0029Va6Rb4v3WHTNnsh8WI3N\"><strong><em>WhatsApp<\/em><\/strong><\/a><em>\u00a0e\u00a0<\/em><a href=\"https:\/\/www.youtube.com\/@acordacidadenoticias\/videos\"><strong>YouTube<\/strong><\/a><em>\u00a0e grupo de\u00a0<\/em><a href=\"https:\/\/t.me\/+sSz0khrgARA0ZmRh\"><strong><em>Telegram<\/em><\/strong><\/a><em>.<\/em><\/p>\n<\/div>\n","protected":false},"excerpt":{"rendered":"<p>Foto: Ascom\/Inema A Serra da Chapadinha, localizada na parte sul da Chapada Diamantina, passa a<\/p>\n","protected":false},"author":1,"featured_media":149061,"comment_status":"closed","ping_status":"closed","sticky":false,"template":"","format":"gallery","meta":{"footnotes":""},"categories":[8,9,6,57,56,10],"tags":[],"class_list":["post-149060","post","type-post","status-publish","format-gallery","has-post-thumbnail","hentry","category-bahia","category-brasil","category-feira-de-santana","category-mundo","category-policia","category-politica","post_format-post-format-gallery"],"featured_image_urls":{"full":["https:\/\/noticiasbahia360.com.br\/wp-content\/uploads\/2026\/09\/chapada-diamantina-govba.jpg",1200,900,false],"thumbnail":["https:\/\/noticiasbahia360.com.br\/wp-content\/uploads\/2026\/09\/chapada-diamantina-govba-150x150.jpg",150,150,true],"medium":["https:\/\/noticiasbahia360.com.br\/wp-content\/uploads\/2026\/09\/chapada-diamantina-govba-300x225.jpg",300,225,true],"medium_large":["https:\/\/noticiasbahia360.com.br\/wp-content\/uploads\/2026\/09\/chapada-diamantina-govba-768x576.jpg",640,480,true],"large":["https:\/\/noticiasbahia360.com.br\/wp-content\/uploads\/2026\/09\/chapada-diamantina-govba-1024x768.jpg",640,480,true],"1536x1536":["https:\/\/noticiasbahia360.com.br\/wp-content\/uploads\/2026\/09\/chapada-diamantina-govba.jpg",1200,900,false],"2048x2048":["https:\/\/noticiasbahia360.com.br\/wp-content\/uploads\/2026\/09\/chapada-diamantina-govba.jpg",1200,900,false],"chromenews-featured":["https:\/\/noticiasbahia360.com.br\/wp-content\/uploads\/2026\/09\/chapada-diamantina-govba-1024x768.jpg",1024,768,true],"chromenews-large":["https:\/\/noticiasbahia360.com.br\/wp-content\/uploads\/2026\/09\/chapada-diamantina-govba-825x575.jpg",825,575,true],"chromenews-medium":["https:\/\/noticiasbahia360.com.br\/wp-content\/uploads\/2026\/09\/chapada-diamantina-govba-590x410.jpg",590,410,true]},"author_info":{"display_name":"noticiasbahia360.com.br","author_link":"https:\/\/noticiasbahia360.com.br\/?author=1"},"category_info":"<a href=\"https:\/\/noticiasbahia360.com.br\/?cat=8\" rel=\"category\">Bahia<\/a> <a href=\"https:\/\/noticiasbahia360.com.br\/?cat=9\" rel=\"category\">Brasil<\/a> <a href=\"https:\/\/noticiasbahia360.com.br\/?cat=6\" rel=\"category\">Feira de Santana<\/a> <a href=\"https:\/\/noticiasbahia360.com.br\/?cat=57\" rel=\"category\">Mundo<\/a> <a href=\"https:\/\/noticiasbahia360.com.br\/?cat=56\" rel=\"category\">Pol\u00edcia<\/a> <a href=\"https:\/\/noticiasbahia360.com.br\/?cat=10\" rel=\"category\">Pol\u00edtica<\/a>","tag_info":"Pol\u00edtica","comment_count":"0","_links":{"self":[{"href":"https:\/\/noticiasbahia360.com.br\/index.php?rest_route=\/wp\/v2\/posts\/149060","targetHints":{"allow":["GET"]}}],"collection":[{"href":"https:\/\/noticiasbahia360.com.br\/index.php?rest_route=\/wp\/v2\/posts"}],"about":[{"href":"https:\/\/noticiasbahia360.com.br\/index.php?rest_route=\/wp\/v2\/types\/post"}],"author":[{"embeddable":true,"href":"https:\/\/noticiasbahia360.com.br\/index.php?rest_route=\/wp\/v2\/users\/1"}],"replies":[{"embeddable":true,"href":"https:\/\/noticiasbahia360.com.br\/index.php?rest_route=%2Fwp%2Fv2%2Fcomments&post=149060"}],"version-history":[{"count":0,"href":"https:\/\/noticiasbahia360.com.br\/index.php?rest_route=\/wp\/v2\/posts\/149060\/revisions"}],"wp:featuredmedia":[{"embeddable":true,"href":"https:\/\/noticiasbahia360.com.br\/index.php?rest_route=\/wp\/v2\/media\/149061"}],"wp:attachment":[{"href":"https:\/\/noticiasbahia360.com.br\/index.php?rest_route=%2Fwp%2Fv2%2Fmedia&parent=149060"}],"wp:term":[{"taxonomy":"category","embeddable":true,"href":"https:\/\/noticiasbahia360.com.br\/index.php?rest_route=%2Fwp%2Fv2%2Fcategories&post=149060"},{"taxonomy":"post_tag","embeddable":true,"href":"https:\/\/noticiasbahia360.com.br\/index.php?rest_route=%2Fwp%2Fv2%2Ftags&post=149060"}],"curies":[{"name":"wp","href":"https:\/\/api.w.org\/{rel}","templated":true}]}}