{"id":149072,"date":"2026-09-06T12:02:12","date_gmt":"2026-09-06T15:02:12","guid":{"rendered":"https:\/\/noticiasbahia360.com.br\/?p=149072"},"modified":"2026-09-06T12:02:12","modified_gmt":"2026-09-06T15:02:12","slug":"homem-morre-apos-ser-atingido-por-garrafa-durante-discussao-em-camacari","status":"publish","type":"post","link":"https:\/\/noticiasbahia360.com.br\/?p=149072","title":{"rendered":"Homem morre ap\u00f3s ser atingido por garrafa durante discuss\u00e3o em Cama\u00e7ari"},"content":{"rendered":"<div>\n<div>\n<figure><img decoding=\"async\" src=\"http:\/\/noticiasbahia360.com.br\/wp-content\/uploads\/2026\/09\/18-DT-de-Camacari.jpg\" alt=\"18 DT de Cama\u00e7ari\"><figcaption>Foto: Ascom\/Pol\u00edcia Civil<\/figcaption><\/figure>\n<\/div>\n<p class=\"wp-block-paragraph\">Um homem morreu no s\u00e1bado (5), em <a href=\"https:\/\/www.acordacidade.com.br\/tag\/camacari\/\" data-type=\"post_tag\" data-id=\"37970\">Cama\u00e7ari<\/a>, na Regi\u00e3o Metropolitana de Salvador, ap\u00f3s ser atingido por uma garrafa. Luis Andr\u00e9 dos Santos Pereira, de 24 anos, teria se envolvido em uma discuss\u00e3o com outra pessoa.<\/p>\n<p class=\"wp-block-paragraph\">Segundo informa\u00e7\u00f5es do portal g1, a Pol\u00edcia Militar foi acionada e ao chegar ao local da ocorr\u00eancia se deparou com os dois homens ca\u00eddos e feridos na Pra\u00e7a Abrantes.<\/p>\n<p class=\"wp-block-paragraph\">Ambos receberam os primeiros socorros por uma equipe do Servi\u00e7o de Atendimento M\u00f3vel de Urg\u00eancia (Samu), por\u00e9m Luis Andr\u00e9 n\u00e3o resistiu.<\/p>\n<p class=\"wp-block-paragraph\">J\u00e1 o outro homem foi encaminhado para o Hospital Geral de Cama\u00e7ari (HGC) e, ap\u00f3s receber alta, foi conduzido \u00e0 delegacia, onde o caso foi registrado como homic\u00eddio.<\/p>\n<p class=\"wp-block-paragraph\"><em>Siga o Acorda Cidade no\u00a0<\/em><a href=\"https:\/\/news.google.com\/search?q=acorda%20cidade&amp;hl=pt-BR&amp;gl=BR&amp;ceid=BR%3Apt-419\"><strong><em>Google Not\u00edcias<\/em><\/strong><\/a><em>\u00a0e receba os principais destaques do dia. Participe tamb\u00e9m dos nossos canais no\u00a0<\/em><a href=\"https:\/\/www.whatsapp.com\/channel\/0029Va6Rb4v3WHTNnsh8WI3N\"><strong><em>WhatsApp<\/em><\/strong><\/a><em>\u00a0e\u00a0<\/em><a href=\"https:\/\/www.youtube.com\/@acordacidadenoticias\/videos\"><strong>YouTube<\/strong><\/a><em>\u00a0e do grupo no\u00a0<\/em><a href=\"https:\/\/t.me\/+sSz0khrgARA0ZmRh\"><strong><em>Telegram<\/em><\/strong><\/a><em>.<\/em><\/p>\n<\/div>\n","protected":false},"excerpt":{"rendered":"<p>Foto: Ascom\/Pol\u00edcia Civil Um homem morreu no s\u00e1bado (5), em Cama\u00e7ari, na Regi\u00e3o Metropolitana de<\/p>\n","protected":false},"author":1,"featured_media":149073,"comment_status":"closed","ping_status":"closed","sticky":false,"template":"","format":"gallery","meta":{"footnotes":""},"categories":[8,9,6,57,56,10],"tags":[],"class_list":["post-149072","post","type-post","status-publish","format-gallery","has-post-thumbnail","hentry","category-bahia","category-brasil","category-feira-de-santana","category-mundo","category-policia","category-politica","post_format-post-format-gallery"],"featured_image_urls":{"full":["https:\/\/noticiasbahia360.com.br\/wp-content\/uploads\/2026\/09\/18-DT-de-Camacari.jpg",1200,800,false],"thumbnail":["https:\/\/noticiasbahia360.com.br\/wp-content\/uploads\/2026\/09\/18-DT-de-Camacari-150x150.jpg",150,150,true],"medium":["https:\/\/noticiasbahia360.com.br\/wp-content\/uploads\/2026\/09\/18-DT-de-Camacari-300x200.jpg",300,200,true],"medium_large":["https:\/\/noticiasbahia360.com.br\/wp-content\/uploads\/2026\/09\/18-DT-de-Camacari-768x512.jpg",640,427,true],"large":["https:\/\/noticiasbahia360.com.br\/wp-content\/uploads\/2026\/09\/18-DT-de-Camacari-1024x683.jpg",640,427,true],"1536x1536":["https:\/\/noticiasbahia360.com.br\/wp-content\/uploads\/2026\/09\/18-DT-de-Camacari.jpg",1200,800,false],"2048x2048":["https:\/\/noticiasbahia360.com.br\/wp-content\/uploads\/2026\/09\/18-DT-de-Camacari.jpg",1200,800,false],"chromenews-featured":["https:\/\/noticiasbahia360.com.br\/wp-content\/uploads\/2026\/09\/18-DT-de-Camacari-1024x683.jpg",1024,683,true],"chromenews-large":["https:\/\/noticiasbahia360.com.br\/wp-content\/uploads\/2026\/09\/18-DT-de-Camacari-825x575.jpg",825,575,true],"chromenews-medium":["https:\/\/noticiasbahia360.com.br\/wp-content\/uploads\/2026\/09\/18-DT-de-Camacari-590x410.jpg",590,410,true]},"author_info":{"display_name":"noticiasbahia360.com.br","author_link":"https:\/\/noticiasbahia360.com.br\/?author=1"},"category_info":"<a href=\"https:\/\/noticiasbahia360.com.br\/?cat=8\" rel=\"category\">Bahia<\/a> <a href=\"https:\/\/noticiasbahia360.com.br\/?cat=9\" rel=\"category\">Brasil<\/a> <a href=\"https:\/\/noticiasbahia360.com.br\/?cat=6\" rel=\"category\">Feira de Santana<\/a> <a href=\"https:\/\/noticiasbahia360.com.br\/?cat=57\" rel=\"category\">Mundo<\/a> <a href=\"https:\/\/noticiasbahia360.com.br\/?cat=56\" rel=\"category\">Pol\u00edcia<\/a> <a href=\"https:\/\/noticiasbahia360.com.br\/?cat=10\" rel=\"category\">Pol\u00edtica<\/a>","tag_info":"Pol\u00edtica","comment_count":"0","_links":{"self":[{"href":"https:\/\/noticiasbahia360.com.br\/index.php?rest_route=\/wp\/v2\/posts\/149072","targetHints":{"allow":["GET"]}}],"collection":[{"href":"https:\/\/noticiasbahia360.com.br\/index.php?rest_route=\/wp\/v2\/posts"}],"about":[{"href":"https:\/\/noticiasbahia360.com.br\/index.php?rest_route=\/wp\/v2\/types\/post"}],"author":[{"embeddable":true,"href":"https:\/\/noticiasbahia360.com.br\/index.php?rest_route=\/wp\/v2\/users\/1"}],"replies":[{"embeddable":true,"href":"https:\/\/noticiasbahia360.com.br\/index.php?rest_route=%2Fwp%2Fv2%2Fcomments&post=149072"}],"version-history":[{"count":0,"href":"https:\/\/noticiasbahia360.com.br\/index.php?rest_route=\/wp\/v2\/posts\/149072\/revisions"}],"wp:featuredmedia":[{"embeddable":true,"href":"https:\/\/noticiasbahia360.com.br\/index.php?rest_route=\/wp\/v2\/media\/149073"}],"wp:attachment":[{"href":"https:\/\/noticiasbahia360.com.br\/index.php?rest_route=%2Fwp%2Fv2%2Fmedia&parent=149072"}],"wp:term":[{"taxonomy":"category","embeddable":true,"href":"https:\/\/noticiasbahia360.com.br\/index.php?rest_route=%2Fwp%2Fv2%2Fcategories&post=149072"},{"taxonomy":"post_tag","embeddable":true,"href":"https:\/\/noticiasbahia360.com.br\/index.php?rest_route=%2Fwp%2Fv2%2Ftags&post=149072"}],"curies":[{"name":"wp","href":"https:\/\/api.w.org\/{rel}","templated":true}]}}