{"id":149078,"date":"2026-09-06T14:00:42","date_gmt":"2026-09-06T17:00:42","guid":{"rendered":"https:\/\/noticiasbahia360.com.br\/?p=149078"},"modified":"2026-09-06T14:00:42","modified_gmt":"2026-09-06T17:00:42","slug":"menina-de-5-anos-morre-apos-se-afogar-em-piscina-durante-festa-em-feira-de-santana","status":"publish","type":"post","link":"https:\/\/noticiasbahia360.com.br\/?p=149078","title":{"rendered":"Menina de 5 anos morre ap\u00f3s se afogar em piscina durante festa em Feira de Santana"},"content":{"rendered":"<div>\n<div>\n<figure><img decoding=\"async\" src=\"http:\/\/noticiasbahia360.com.br\/wp-content\/uploads\/2026\/09\/Policlinica-George-Americo.jpg\" alt=\"Policl\u00ednica do Conjunto George Am\u00e9rico\"><figcaption>Foto: Ed Santos\/ Acorda Cidade<br \/>\n<\/figcaption><\/figure>\n<\/div>\n<p class=\"wp-block-paragraph\">Uma menina de 5 anos morreu na tarde de s\u00e1bado (5), ap\u00f3s se afogar em uma piscina durante uma festa, no bairro Gabriela, em <a href=\"https:\/\/www.acordacidade.com.br\/tag\/feira-de-santana\/\" data-type=\"post_tag\" data-id=\"33807\">Feira de Santana<\/a>.<\/p>\n<p class=\"wp-block-paragraph\">Ayla Jesus Teles morava no residencial Campo Belo, no Campo do Gado Novo, e estava acompanhada dos familiares, quando caiu na piscina do espa\u00e7o de eventos.<\/p>\n<p class=\"wp-block-paragraph\">Ao visualizarem a crian\u00e7a desacordada dentro da \u00e1gua, os parentes a resgataram e levaram \u00e0s pressas para a Policl\u00ednica do Conjunto George Am\u00e9rico, por\u00e9m a v\u00edtima n\u00e3o resistiu.<\/p>\n<p class=\"wp-block-paragraph\">Uma viatura da 65\u00aa Companhia Independente (CIPM) foi acionada para comparecer \u00e0 Policl\u00ednica e prestar apoio \u00e0 equipe da unidade. <\/p>\n<p class=\"wp-block-paragraph\">Ao chegarem ao local, os militares encontraram os familiares desesperados por conta da morte de Ayla.<\/p>\n<p class=\"wp-block-paragraph\">Questionada sobre os fatos, a m\u00e9dica que atendeu a garota confirmou aos policiais que a menina n\u00e3o havia sofrido qualquer tipo de agress\u00e3o e que j\u00e1 havia ligado tamb\u00e9m para o Departamento de Pol\u00edcia T\u00e9cnica (DPT).<\/p>\n<p class=\"wp-block-paragraph\"><em>Com informa\u00e7\u00f5es do rep\u00f3rter Ed Santos, do Acorda Cidade.<\/em><\/p>\n<p class=\"wp-block-paragraph\"><em>Siga o Acorda Cidade no\u00a0<\/em><a href=\"https:\/\/news.google.com\/search?q=acorda%20cidade&amp;hl=pt-BR&amp;gl=BR&amp;ceid=BR%3Apt-419\"><strong><em>Google Not\u00edcias<\/em><\/strong><\/a><em>\u00a0e receba os principais destaques do dia. Participe tamb\u00e9m dos nossos canais no\u00a0<\/em><a href=\"https:\/\/www.whatsapp.com\/channel\/0029Va6Rb4v3WHTNnsh8WI3N\"><strong><em>WhatsApp<\/em><\/strong><\/a><em>\u00a0e\u00a0<\/em><a href=\"https:\/\/www.youtube.com\/@acordacidadenoticias\/videos\"><strong>YouTube<\/strong><\/a><em>\u00a0e do grupo no\u00a0<\/em><a href=\"https:\/\/t.me\/+sSz0khrgARA0ZmRh\"><strong><em>Telegram<\/em><\/strong><\/a><em>.<\/em><\/p>\n<\/div>\n","protected":false},"excerpt":{"rendered":"<p>Foto: Ed Santos\/ Acorda Cidade Uma menina de 5 anos morreu na tarde de s\u00e1bado<\/p>\n","protected":false},"author":1,"featured_media":149079,"comment_status":"closed","ping_status":"closed","sticky":false,"template":"","format":"gallery","meta":{"footnotes":""},"categories":[8,9,6,57,56,10],"tags":[],"class_list":["post-149078","post","type-post","status-publish","format-gallery","has-post-thumbnail","hentry","category-bahia","category-brasil","category-feira-de-santana","category-mundo","category-policia","category-politica","post_format-post-format-gallery"],"featured_image_urls":{"full":["https:\/\/noticiasbahia360.com.br\/wp-content\/uploads\/2026\/09\/Policlinica-George-Americo.jpg",1200,801,false],"thumbnail":["https:\/\/noticiasbahia360.com.br\/wp-content\/uploads\/2026\/09\/Policlinica-George-Americo-150x150.jpg",150,150,true],"medium":["https:\/\/noticiasbahia360.com.br\/wp-content\/uploads\/2026\/09\/Policlinica-George-Americo-300x200.jpg",300,200,true],"medium_large":["https:\/\/noticiasbahia360.com.br\/wp-content\/uploads\/2026\/09\/Policlinica-George-Americo-768x513.jpg",640,428,true],"large":["https:\/\/noticiasbahia360.com.br\/wp-content\/uploads\/2026\/09\/Policlinica-George-Americo-1024x684.jpg",640,428,true],"1536x1536":["https:\/\/noticiasbahia360.com.br\/wp-content\/uploads\/2026\/09\/Policlinica-George-Americo.jpg",1200,801,false],"2048x2048":["https:\/\/noticiasbahia360.com.br\/wp-content\/uploads\/2026\/09\/Policlinica-George-Americo.jpg",1200,801,false],"chromenews-featured":["https:\/\/noticiasbahia360.com.br\/wp-content\/uploads\/2026\/09\/Policlinica-George-Americo-1024x684.jpg",1024,684,true],"chromenews-large":["https:\/\/noticiasbahia360.com.br\/wp-content\/uploads\/2026\/09\/Policlinica-George-Americo-825x575.jpg",825,575,true],"chromenews-medium":["https:\/\/noticiasbahia360.com.br\/wp-content\/uploads\/2026\/09\/Policlinica-George-Americo-590x410.jpg",590,410,true]},"author_info":{"display_name":"noticiasbahia360.com.br","author_link":"https:\/\/noticiasbahia360.com.br\/?author=1"},"category_info":"<a href=\"https:\/\/noticiasbahia360.com.br\/?cat=8\" rel=\"category\">Bahia<\/a> <a href=\"https:\/\/noticiasbahia360.com.br\/?cat=9\" rel=\"category\">Brasil<\/a> <a href=\"https:\/\/noticiasbahia360.com.br\/?cat=6\" rel=\"category\">Feira de Santana<\/a> <a href=\"https:\/\/noticiasbahia360.com.br\/?cat=57\" rel=\"category\">Mundo<\/a> <a href=\"https:\/\/noticiasbahia360.com.br\/?cat=56\" rel=\"category\">Pol\u00edcia<\/a> <a href=\"https:\/\/noticiasbahia360.com.br\/?cat=10\" rel=\"category\">Pol\u00edtica<\/a>","tag_info":"Pol\u00edtica","comment_count":"0","_links":{"self":[{"href":"https:\/\/noticiasbahia360.com.br\/index.php?rest_route=\/wp\/v2\/posts\/149078","targetHints":{"allow":["GET"]}}],"collection":[{"href":"https:\/\/noticiasbahia360.com.br\/index.php?rest_route=\/wp\/v2\/posts"}],"about":[{"href":"https:\/\/noticiasbahia360.com.br\/index.php?rest_route=\/wp\/v2\/types\/post"}],"author":[{"embeddable":true,"href":"https:\/\/noticiasbahia360.com.br\/index.php?rest_route=\/wp\/v2\/users\/1"}],"replies":[{"embeddable":true,"href":"https:\/\/noticiasbahia360.com.br\/index.php?rest_route=%2Fwp%2Fv2%2Fcomments&post=149078"}],"version-history":[{"count":0,"href":"https:\/\/noticiasbahia360.com.br\/index.php?rest_route=\/wp\/v2\/posts\/149078\/revisions"}],"wp:featuredmedia":[{"embeddable":true,"href":"https:\/\/noticiasbahia360.com.br\/index.php?rest_route=\/wp\/v2\/media\/149079"}],"wp:attachment":[{"href":"https:\/\/noticiasbahia360.com.br\/index.php?rest_route=%2Fwp%2Fv2%2Fmedia&parent=149078"}],"wp:term":[{"taxonomy":"category","embeddable":true,"href":"https:\/\/noticiasbahia360.com.br\/index.php?rest_route=%2Fwp%2Fv2%2Fcategories&post=149078"},{"taxonomy":"post_tag","embeddable":true,"href":"https:\/\/noticiasbahia360.com.br\/index.php?rest_route=%2Fwp%2Fv2%2Ftags&post=149078"}],"curies":[{"name":"wp","href":"https:\/\/api.w.org\/{rel}","templated":true}]}}