{"id":149085,"date":"2026-09-06T16:02:15","date_gmt":"2026-09-06T19:02:15","guid":{"rendered":"https:\/\/noticiasbahia360.com.br\/?p=149085"},"modified":"2026-09-06T16:02:15","modified_gmt":"2026-09-06T19:02:15","slug":"ex-apoiador-de-acm-neto-prefeito-de-valente-comanda-carreata-para-jeronimo-no-sisal","status":"publish","type":"post","link":"https:\/\/noticiasbahia360.com.br\/?p=149085","title":{"rendered":"Ex-apoiador de ACM Neto, prefeito de Valente comanda carreata para Jer\u00f4nimo no Sisal"},"content":{"rendered":"<div>\n<div>\n<figure><img decoding=\"async\" src=\"http:\/\/noticiasbahia360.com.br\/wp-content\/uploads\/2026\/09\/Prefeito-de-Valente-em-carreata-de-Jeronimo.jpg\" alt=\"Prefeito de Valente em carreata de Jer\u00f4nimo\"><figcaption>Foto: Divulga\u00e7\u00e3o<\/figcaption><\/figure>\n<\/div>\n<p class=\"wp-block-paragraph\">O prefeito de Valente, Ubaldino Amaral, ligado ao deputado federal Elmar Nascimento (Uni\u00e3o Brasil) e que apoiou ACM Neto na disputa pelo Governo da Bahia em 2022, protagonizou uma mudan\u00e7a de posi\u00e7\u00e3o pol\u00edtica e, neste domingo (6), comandou uma carreata ao lado do governador e candidato \u00e0 reelei\u00e7\u00e3o, Jer\u00f4nimo Rodrigues. A mobiliza\u00e7\u00e3o percorreu as ruas do munic\u00edpio, no Territ\u00f3rio do Sisal, reunindo lideran\u00e7as pol\u00edticas e apoiadores.<\/p>\n<p class=\"wp-block-paragraph\">A presen\u00e7a de Ubaldino ao lado de Jer\u00f4nimo refor\u00e7a a amplia\u00e7\u00e3o da base pol\u00edtica do governador no interior da Bahia. O prefeito, que esteve no palanque advers\u00e1rio na \u00faltima elei\u00e7\u00e3o estadual, agora participa ativamente da mobiliza\u00e7\u00e3o em apoio \u00e0 reelei\u00e7\u00e3o de Jer\u00f4nimo.<\/p>\n<p class=\"wp-block-paragraph\">A agenda tamb\u00e9m evidenciou o forte apoio dos prefeitos baianos ao projeto pol\u00edtico liderado pelo candidato do Time de Lula na Bahia. O apoio de mais de 360 prefeitos e prefeitas em toda a Bahia \u00e0 candidatura de Jer\u00f4nimo demonstra o crescimento da base do governador e o enfraquecimento do projeto oposicionista liderado por ACM Neto.<\/p>\n<p class=\"wp-block-paragraph\">A ades\u00e3o de lideran\u00e7as que estiveram em campos pol\u00edticos advers\u00e1rios em 2022 tamb\u00e9m tem sido destacada como um sinal da capacidade de articula\u00e7\u00e3o de Jer\u00f4nimo e da for\u00e7a da alian\u00e7a constru\u00edda pelo governador nos munic\u00edpios baianos.<\/p>\n<p class=\"wp-block-paragraph\"><em>Siga o Acorda Cidade no\u00a0<\/em><a href=\"https:\/\/news.google.com\/search?q=acorda%20cidade&amp;hl=pt-BR&amp;gl=BR&amp;ceid=BR%3Apt-419\"><strong><em>Google Not\u00edcias<\/em><\/strong><\/a><em>\u00a0e receba os principais destaques do dia. Participe tamb\u00e9m dos nossos canais no\u00a0<\/em><a href=\"https:\/\/www.whatsapp.com\/channel\/0029Va6Rb4v3WHTNnsh8WI3N\"><strong><em>WhatsApp<\/em><\/strong><\/a><em>\u00a0e\u00a0<\/em><a href=\"https:\/\/www.youtube.com\/@acordacidadenoticias\/videos\"><strong>YouTube<\/strong><\/a><em>\u00a0e do grupo no\u00a0<\/em><a href=\"https:\/\/t.me\/+sSz0khrgARA0ZmRh\"><strong><em>Telegram<\/em><\/strong><\/a><em>.<\/em><\/p>\n<\/div>\n","protected":false},"excerpt":{"rendered":"<p>Foto: Divulga\u00e7\u00e3o O prefeito de Valente, Ubaldino Amaral, ligado ao deputado federal Elmar Nascimento (Uni\u00e3o<\/p>\n","protected":false},"author":1,"featured_media":149086,"comment_status":"closed","ping_status":"closed","sticky":false,"template":"","format":"gallery","meta":{"footnotes":""},"categories":[8,9,6,57,56,10],"tags":[],"class_list":["post-149085","post","type-post","status-publish","format-gallery","has-post-thumbnail","hentry","category-bahia","category-brasil","category-feira-de-santana","category-mundo","category-policia","category-politica","post_format-post-format-gallery"],"featured_image_urls":{"full":["https:\/\/noticiasbahia360.com.br\/wp-content\/uploads\/2026\/09\/Prefeito-de-Valente-em-carreata-de-Jeronimo.jpg",1200,800,false],"thumbnail":["https:\/\/noticiasbahia360.com.br\/wp-content\/uploads\/2026\/09\/Prefeito-de-Valente-em-carreata-de-Jeronimo-150x150.jpg",150,150,true],"medium":["https:\/\/noticiasbahia360.com.br\/wp-content\/uploads\/2026\/09\/Prefeito-de-Valente-em-carreata-de-Jeronimo-300x200.jpg",300,200,true],"medium_large":["https:\/\/noticiasbahia360.com.br\/wp-content\/uploads\/2026\/09\/Prefeito-de-Valente-em-carreata-de-Jeronimo-768x512.jpg",640,427,true],"large":["https:\/\/noticiasbahia360.com.br\/wp-content\/uploads\/2026\/09\/Prefeito-de-Valente-em-carreata-de-Jeronimo-1024x683.jpg",640,427,true],"1536x1536":["https:\/\/noticiasbahia360.com.br\/wp-content\/uploads\/2026\/09\/Prefeito-de-Valente-em-carreata-de-Jeronimo.jpg",1200,800,false],"2048x2048":["https:\/\/noticiasbahia360.com.br\/wp-content\/uploads\/2026\/09\/Prefeito-de-Valente-em-carreata-de-Jeronimo.jpg",1200,800,false],"chromenews-featured":["https:\/\/noticiasbahia360.com.br\/wp-content\/uploads\/2026\/09\/Prefeito-de-Valente-em-carreata-de-Jeronimo-1024x683.jpg",1024,683,true],"chromenews-large":["https:\/\/noticiasbahia360.com.br\/wp-content\/uploads\/2026\/09\/Prefeito-de-Valente-em-carreata-de-Jeronimo-825x575.jpg",825,575,true],"chromenews-medium":["https:\/\/noticiasbahia360.com.br\/wp-content\/uploads\/2026\/09\/Prefeito-de-Valente-em-carreata-de-Jeronimo-590x410.jpg",590,410,true]},"author_info":{"display_name":"noticiasbahia360.com.br","author_link":"https:\/\/noticiasbahia360.com.br\/?author=1"},"category_info":"<a href=\"https:\/\/noticiasbahia360.com.br\/?cat=8\" rel=\"category\">Bahia<\/a> <a href=\"https:\/\/noticiasbahia360.com.br\/?cat=9\" rel=\"category\">Brasil<\/a> <a href=\"https:\/\/noticiasbahia360.com.br\/?cat=6\" rel=\"category\">Feira de Santana<\/a> <a href=\"https:\/\/noticiasbahia360.com.br\/?cat=57\" rel=\"category\">Mundo<\/a> <a href=\"https:\/\/noticiasbahia360.com.br\/?cat=56\" rel=\"category\">Pol\u00edcia<\/a> <a href=\"https:\/\/noticiasbahia360.com.br\/?cat=10\" rel=\"category\">Pol\u00edtica<\/a>","tag_info":"Pol\u00edtica","comment_count":"0","_links":{"self":[{"href":"https:\/\/noticiasbahia360.com.br\/index.php?rest_route=\/wp\/v2\/posts\/149085","targetHints":{"allow":["GET"]}}],"collection":[{"href":"https:\/\/noticiasbahia360.com.br\/index.php?rest_route=\/wp\/v2\/posts"}],"about":[{"href":"https:\/\/noticiasbahia360.com.br\/index.php?rest_route=\/wp\/v2\/types\/post"}],"author":[{"embeddable":true,"href":"https:\/\/noticiasbahia360.com.br\/index.php?rest_route=\/wp\/v2\/users\/1"}],"replies":[{"embeddable":true,"href":"https:\/\/noticiasbahia360.com.br\/index.php?rest_route=%2Fwp%2Fv2%2Fcomments&post=149085"}],"version-history":[{"count":0,"href":"https:\/\/noticiasbahia360.com.br\/index.php?rest_route=\/wp\/v2\/posts\/149085\/revisions"}],"wp:featuredmedia":[{"embeddable":true,"href":"https:\/\/noticiasbahia360.com.br\/index.php?rest_route=\/wp\/v2\/media\/149086"}],"wp:attachment":[{"href":"https:\/\/noticiasbahia360.com.br\/index.php?rest_route=%2Fwp%2Fv2%2Fmedia&parent=149085"}],"wp:term":[{"taxonomy":"category","embeddable":true,"href":"https:\/\/noticiasbahia360.com.br\/index.php?rest_route=%2Fwp%2Fv2%2Fcategories&post=149085"},{"taxonomy":"post_tag","embeddable":true,"href":"https:\/\/noticiasbahia360.com.br\/index.php?rest_route=%2Fwp%2Fv2%2Ftags&post=149085"}],"curies":[{"name":"wp","href":"https:\/\/api.w.org\/{rel}","templated":true}]}}