{"id":149087,"date":"2026-09-06T17:00:53","date_gmt":"2026-09-06T20:00:53","guid":{"rendered":"https:\/\/noticiasbahia360.com.br\/?p=149087"},"modified":"2026-09-06T17:00:53","modified_gmt":"2026-09-06T20:00:53","slug":"cantor-baiano-morre-em-acidente-na-rodovia-br-262-na-regiao-oeste-do-estado","status":"publish","type":"post","link":"https:\/\/noticiasbahia360.com.br\/?p=149087","title":{"rendered":"Cantor baiano morre em acidente na rodovia BR-262, na regi\u00e3o oeste do estado"},"content":{"rendered":"<div>\n<div>\n<figure><img decoding=\"async\" src=\"http:\/\/noticiasbahia360.com.br\/wp-content\/uploads\/2026\/09\/1834-brumado-natanael-santana.jpg\" alt=\"cantor brumadense Natanael Souza Santana, 32 anos\"><figcaption>Foto: Reprodu\u00e7\u00e3o\/Redes Sociais<\/figcaption><\/figure>\n<\/div>\n<p class=\"wp-block-paragraph\">O cantor Natanael Souza Santana, de 32 anos, natural da cidade de Brumado, na regi\u00e3o oeste da Bahia, morreu na noite de s\u00e1bado (5), por conta de um acidente envolvendo uma caminhonete modelo Hilux e um Celta. <\/p>\n<p class=\"wp-block-paragraph\">A batida ocorreu na rodovia BA-262, entre os munic\u00edpios de Brumado e Aracatu. Segundo o Achei Sudoeste, site parceiro do Acorda Cidade, o artista morreu no local do acidente.<\/p>\n<p class=\"wp-block-paragraph\">O ocupante do outro ve\u00edculo tamb\u00e9m ficou ferido foi socorrido para o Hospital Professor Magalh\u00e3es Neto, em Brumado.<\/p>\n<figure class=\"wp-block-image size-full\"><img fetchpriority=\"high\" fetchpriority=\"high\" decoding=\"async\" width=\"1200\" height=\"652\" src=\"http:\/\/noticiasbahia360.com.br\/wp-content\/uploads\/2026\/09\/cantor-baiano-morre-em-grave-acidente-ba-1.jpg\" alt=\"Acidente entre dois ve\u00edculos mata cantor brumadense na BR-262\" class=\"wp-image-688521\" srcset=\"http:\/\/noticiasbahia360.com.br\/wp-content\/uploads\/2026\/09\/cantor-baiano-morre-em-grave-acidente-ba-1.jpg 1200w, https:\/\/uploads.acordacidade.com.br\/2026\/09\/cantor-baiano-morre-em-grave-acidente-ba-1-750x408.jpg 750w, https:\/\/uploads.acordacidade.com.br\/2026\/09\/cantor-baiano-morre-em-grave-acidente-ba-1-1000x543.jpg 1000w, https:\/\/uploads.acordacidade.com.br\/2026\/09\/cantor-baiano-morre-em-grave-acidente-ba-1-450x245.jpg 450w, https:\/\/uploads.acordacidade.com.br\/2026\/09\/cantor-baiano-morre-em-grave-acidente-ba-1-150x82.jpg 150w\" sizes=\"(max-width: 1200px) 100vw, 1200px\"><figcaption class=\"wp-element-caption\">Foto: Reprodu\u00e7\u00e3o\/Redes Sociais<\/figcaption><\/figure>\n<p class=\"wp-block-paragraph\">N\u00e3o h\u00e1 informa\u00e7\u00f5es sobre as circunst\u00e2ncias que provocaram \u00e0 colis\u00e3o. No entanto, imagens do acidente que circulam nas redes sociais mostram os ve\u00edculos totalmente danificados.<\/p>\n<p class=\"wp-block-paragraph\">Natanael era bastante conhecido na regi\u00e3o, e sua morte gerou grande como\u00e7\u00e3o, sobretudo em sua cidade natal. O corpo do cantor foi encaminhado ao Instituto M\u00e9dico Legal (IML) de Brumado.<\/p>\n<p class=\"wp-block-paragraph\"><em>Siga o Acorda Cidade no\u00a0<\/em><a href=\"https:\/\/news.google.com\/search?q=acorda%20cidade&amp;hl=pt-BR&amp;gl=BR&amp;ceid=BR%3Apt-419\"><strong><em>Google Not\u00edcias<\/em><\/strong><\/a><em>\u00a0e receba os principais destaques do dia. Participe tamb\u00e9m dos nossos canais no\u00a0<\/em><a href=\"https:\/\/www.whatsapp.com\/channel\/0029Va6Rb4v3WHTNnsh8WI3N\"><strong><em>WhatsApp<\/em><\/strong><\/a><em>\u00a0e\u00a0<\/em><a href=\"https:\/\/www.youtube.com\/@acordacidadenoticias\/videos\"><strong>YouTube<\/strong><\/a><em>\u00a0e do grupo no\u00a0<\/em><a href=\"https:\/\/t.me\/+sSz0khrgARA0ZmRh\"><strong><em>Telegram<\/em><\/strong><\/a><em>.<\/em><\/p>\n<\/div>\n","protected":false},"excerpt":{"rendered":"<p>Foto: Reprodu\u00e7\u00e3o\/Redes Sociais O cantor Natanael Souza Santana, de 32 anos, natural da cidade de<\/p>\n","protected":false},"author":1,"featured_media":149088,"comment_status":"closed","ping_status":"closed","sticky":false,"template":"","format":"gallery","meta":{"footnotes":""},"categories":[8,9,6,57,56,10],"tags":[],"class_list":["post-149087","post","type-post","status-publish","format-gallery","has-post-thumbnail","hentry","category-bahia","category-brasil","category-feira-de-santana","category-mundo","category-policia","category-politica","post_format-post-format-gallery"],"featured_image_urls":{"full":["https:\/\/noticiasbahia360.com.br\/wp-content\/uploads\/2026\/09\/1834-brumado-natanael-santana.jpg",1200,800,false],"thumbnail":["https:\/\/noticiasbahia360.com.br\/wp-content\/uploads\/2026\/09\/1834-brumado-natanael-santana-150x150.jpg",150,150,true],"medium":["https:\/\/noticiasbahia360.com.br\/wp-content\/uploads\/2026\/09\/1834-brumado-natanael-santana-300x200.jpg",300,200,true],"medium_large":["https:\/\/noticiasbahia360.com.br\/wp-content\/uploads\/2026\/09\/1834-brumado-natanael-santana-768x512.jpg",640,427,true],"large":["https:\/\/noticiasbahia360.com.br\/wp-content\/uploads\/2026\/09\/1834-brumado-natanael-santana-1024x683.jpg",640,427,true],"1536x1536":["https:\/\/noticiasbahia360.com.br\/wp-content\/uploads\/2026\/09\/1834-brumado-natanael-santana.jpg",1200,800,false],"2048x2048":["https:\/\/noticiasbahia360.com.br\/wp-content\/uploads\/2026\/09\/1834-brumado-natanael-santana.jpg",1200,800,false],"chromenews-featured":["https:\/\/noticiasbahia360.com.br\/wp-content\/uploads\/2026\/09\/1834-brumado-natanael-santana-1024x683.jpg",1024,683,true],"chromenews-large":["https:\/\/noticiasbahia360.com.br\/wp-content\/uploads\/2026\/09\/1834-brumado-natanael-santana-825x575.jpg",825,575,true],"chromenews-medium":["https:\/\/noticiasbahia360.com.br\/wp-content\/uploads\/2026\/09\/1834-brumado-natanael-santana-590x410.jpg",590,410,true]},"author_info":{"display_name":"noticiasbahia360.com.br","author_link":"https:\/\/noticiasbahia360.com.br\/?author=1"},"category_info":"<a href=\"https:\/\/noticiasbahia360.com.br\/?cat=8\" rel=\"category\">Bahia<\/a> <a href=\"https:\/\/noticiasbahia360.com.br\/?cat=9\" rel=\"category\">Brasil<\/a> <a href=\"https:\/\/noticiasbahia360.com.br\/?cat=6\" rel=\"category\">Feira de Santana<\/a> <a href=\"https:\/\/noticiasbahia360.com.br\/?cat=57\" rel=\"category\">Mundo<\/a> <a href=\"https:\/\/noticiasbahia360.com.br\/?cat=56\" rel=\"category\">Pol\u00edcia<\/a> <a href=\"https:\/\/noticiasbahia360.com.br\/?cat=10\" rel=\"category\">Pol\u00edtica<\/a>","tag_info":"Pol\u00edtica","comment_count":"0","_links":{"self":[{"href":"https:\/\/noticiasbahia360.com.br\/index.php?rest_route=\/wp\/v2\/posts\/149087","targetHints":{"allow":["GET"]}}],"collection":[{"href":"https:\/\/noticiasbahia360.com.br\/index.php?rest_route=\/wp\/v2\/posts"}],"about":[{"href":"https:\/\/noticiasbahia360.com.br\/index.php?rest_route=\/wp\/v2\/types\/post"}],"author":[{"embeddable":true,"href":"https:\/\/noticiasbahia360.com.br\/index.php?rest_route=\/wp\/v2\/users\/1"}],"replies":[{"embeddable":true,"href":"https:\/\/noticiasbahia360.com.br\/index.php?rest_route=%2Fwp%2Fv2%2Fcomments&post=149087"}],"version-history":[{"count":0,"href":"https:\/\/noticiasbahia360.com.br\/index.php?rest_route=\/wp\/v2\/posts\/149087\/revisions"}],"wp:featuredmedia":[{"embeddable":true,"href":"https:\/\/noticiasbahia360.com.br\/index.php?rest_route=\/wp\/v2\/media\/149088"}],"wp:attachment":[{"href":"https:\/\/noticiasbahia360.com.br\/index.php?rest_route=%2Fwp%2Fv2%2Fmedia&parent=149087"}],"wp:term":[{"taxonomy":"category","embeddable":true,"href":"https:\/\/noticiasbahia360.com.br\/index.php?rest_route=%2Fwp%2Fv2%2Fcategories&post=149087"},{"taxonomy":"post_tag","embeddable":true,"href":"https:\/\/noticiasbahia360.com.br\/index.php?rest_route=%2Fwp%2Fv2%2Ftags&post=149087"}],"curies":[{"name":"wp","href":"https:\/\/api.w.org\/{rel}","templated":true}]}}